{"id":3029,"date":"2012-10-30T15:28:06","date_gmt":"2012-10-30T14:28:06","guid":{"rendered":"http:\/\/www.ladislavjakl.cz\/?p=3029"},"modified":"2012-10-30T15:28:06","modified_gmt":"2012-10-30T14:28:06","slug":"hleda-se-prezident-aneb-neni-koho-volit","status":"publish","type":"post","link":"https:\/\/www.ladislavjakl.cz\/?p=3029","title":{"rendered":"Hled\u00e1 se prezident aneb nen\u00ed koho volit"},"content":{"rendered":"<p>Velice jsem snil o p\u0159\u00edm\u00e9 volb\u011b prezidenta. M\u011bl jsem za  to, \u017ee zvolen\u00ed z\u00e1konod\u00e1rci nejsou natolik kompetentn\u00ed, aby ur\u010dovali  hlavu na\u0161eho st\u00e1tu, a \u017ee by prezidenta m\u011bli volit ob\u010dan\u00e9 stejn\u011b jako ve  Spojen\u00fdch st\u00e1tech.<\/p>\n<p><!--more--><\/p>\n<p>\u010ceho jsem se do\u010dkal?  Politici vytvo\u0159ili p\u0159\u00edsn\u00e1 pravidla, aby nemohl kandidovat ka\u017ed\u00fd a t\u00edm  cel\u00e1 p\u0159\u00edm\u00e1 volba pro mne ztr\u00e1c\u00ed smysl. 3 kandid\u00e1ty dohodili p\u0159\u00edmo  poslanci zvolen\u00fdch stran a dal\u0161\u00edch 6 se tam dostalo d\u00edky podpis\u016fm na  petic\u00edch. (nep\u0159edpokl\u00e1d\u00e1m, \u017ee se do uz\u00e1v\u011brky, kter\u00e1 je za t\u00fdden dostane i  n\u011bkdo dal\u0161\u00ed, ale kdo v\u00ed, dal\u0161\u00edho kandid\u00e1ta jen uv\u00edt\u00e1m &#8211; tak\u017ee  podepisujte)<\/p>\n<p>Nasb\u00edrat cel\u00fdch 50 tis\u00edc podpis\u016f je \u00fakol pro organizovanou skupinu  fanou\u0161k\u016f, brig\u00e1dn\u00edk\u016f nebo jin\u00fdch skupin kolem kandid\u00e1t\u016f. Pro\u010d ale tato  podm\u00ednka? Pro\u010d d\u00e1t mo\u017enost kandidovat nap\u0159\u00edklad Vladim\u00edru Dlouh\u00e9mu,  kter\u00fd za ka\u017ed\u00fd podpis nab\u00edzel 20 korun a ned\u00e1t jej nap\u0159\u00edklad Tomiu  Okamurovi, kter\u00fd m\u00e1 &#8222;pouze&#8220; p\u0159es 40 tis\u00edc podpis\u016f a nikomu za podpisy  neplat\u00ed? Nebyla by podm\u00ednka 10 tis\u00edc podpis\u016f standartn\u011bj\u0161\u00ed a nem\u011bli  bychom pak mnohem pest\u0159ej\u0161\u00ed v\u00fdb\u011br kandid\u00e1t\u016f?<\/p>\n<p>Jedin\u00fd voliteln\u00fd kandid\u00e1t byl pro mne Ladislav Jakl (d\u00edky jeho zdrav\u011b  pravicov\u00e9mu pohledu a euroskeptismu), nyn\u00ed v\u0161ak \u017e\u00e1dn\u00fd Jaklovi podobn\u00fd  kandid\u00e1t nen\u00ed na v\u00fdb\u011br.<\/p>\n<p>A tak jsem se zam\u00fd\u0161lel, koho budu volit a sna\u017eil se mezi kandid\u00e1ty naj\u00edt to \u00fapln\u011b nejmen\u0161\u00ed zlo. Dobr\u00fdm pomocn\u00edkem mi byla\u00a0<a href=\"http:\/\/www.reformy.cz\/wp-content\/uploads\/2012\/05\/kandidati_na_prezidenta.png\">tato tabulka<\/a>, proto\u017ee m\u00e1m pouze t\u0159i po\u017eadavky, aby byl <strong>prezident pravicov\u00fd, aby byl alespo\u0148 trochu euroskeptick\u00fd a nemuseli bychom se za n\u011bj styd\u011bt<\/strong>. Je tam n\u011bkdo takov\u00fd?<\/p>\n<p>Vzal jsem to jednoduchou vylu\u010dovac\u00ed metodou. A to tak, \u017ee jsem  nejprve vy\u0159adil levi\u010d\u00e1ky. Za\u010dal jsem soci\u00e1ln\u00edm demokratem  Ji\u0159\u00edm\u00a0Dienstbierem. Pak jsem \u0161krtl Janu Bobo\u0161\u00edkovou, a\u010dkoliv je to  jedin\u00e1 euroskepti\u010dka, tak je opravdu levicov\u011bj\u0161\u00ed ne\u017e cel\u00e1 \u010cSSD. A pak se  dostal k Milo\u0161i Zemanovi, o kter\u00e9m jsem hluboce p\u0159em\u00fd\u0161lel, ale pak kdy\u017e  na p\u0159edn\u00e1\u0161ce V\u0160E prohl\u00e1sil, \u017ee jako nejlep\u0161\u00ed \u0159e\u0161en\u00ed mu p\u0159ijde zvy\u0161ovat  dan\u011b (a\u010dkoliv n\u00e1m st\u00e1t p\u0159erozd\u011bluje u\u017e nyn\u00ed 60% toho co vyd\u011bl\u00e1me) a  investovat nam\u00edsto podnikatel\u016f, kte\u0159\u00ed to \u00fadajn\u011b d\u011blaj\u00ed \u0161patn\u011b, tak jsem z  tohoto prohl\u00e1\u0161en\u00ed dostal skoro infarkt.<\/p>\n<p><img loading=\"lazy\" decoding=\"async\" src=\"http:\/\/instinkt.tyden.cz\/obrazek\/502d104864fb4\/33-5-46-saudkova-otv-502d11fc2b400.jpg\" border=\"0\" alt=\"\" width=\"200\" height=\"300\" \/><\/p>\n<p>Pak jsem samoz\u0159ejm\u011b bez v\u00e1h\u00e1n\u00ed zam\u00edtl oba b\u00fdval\u00e9 \u010dleny KS\u010c Jana  Fischera a Vladim\u00edra Dlouh\u00e9ho. To jsou opravdu p\u00e1nov\u00e9, za kter\u00e9 bych se  na Hrad\u011b styd\u011bl u\u017e jen proto, \u017ee byli \u010dleny komunistick\u00e9 strany a\u017e do  jej\u00edho rozpadu.<\/p>\n<p>Musel jsem vylou\u010dit i eurofanati\u010dku Zuzanu Roithovou,  eurofanatika\u00a0Karla Schwarzenberga, kter\u00fd neum\u00ed po\u0159\u00e1dn\u011b \u010desky a ze v\u0161ech  kandid\u00e1t\u016f ho pova\u017euji za nejm\u00e9n\u011b reprezentativn\u00edho.<\/p>\n<p>Po d\u016fkladn\u00e9 selekci mi z\u016fstal jen P\u0159emysl Sobotka a Vladim\u00edr Franz.<\/p>\n<p>P\u0159emysla Sobotku jsem v\u0161ak musel vylou\u010dit za jeho ne\u0161\u0165astn\u011b slavn\u00fd v\u00fdrok, kter\u00fd naleznete na konci\u00a0<a href=\"http:\/\/www.youtube.com\/watch?v=bE_6pBImq6U\">tohoto rozhovoru<\/a>. Cituji: &#8222;Eurosocialismus zv\u00edt\u011bz\u00ed v cel\u00e9 Evrop\u011b, nebojte se, v\u010detn\u011b \u0160v\u00fdcarska.&#8220;<\/p>\n<p>A z\u016fstal tu jen Vladim\u00edr Franz, kter\u00fd by podepsal Lisabonskou smlouvu  bez v\u00e1h\u00e1n\u00ed, kter\u00fd se ne\u0159ad\u00ed ani k levici ani k pravici, a kter\u00fd m\u00e1  velmi extravagantn\u00ed vzhled. \u0158eknu V\u00e1m, to jsme to s tou p\u0159\u00edmou volbou  prezidenta teda dopracovali.<\/p>\n<p><a href=\"http:\/\/vysmek.blog.idnes.cz\/c\/299111\/Hleda-se-prezident-aneb-neni-koho-volit.html\" target=\"_blank\">Zdroj<\/a><\/p>\n","protected":false},"excerpt":{"rendered":"<p>Velice jsem snil o p\u0159\u00edm\u00e9 volb\u011b prezidenta. M\u011bl jsem za to, \u017ee zvolen\u00ed z\u00e1konod\u00e1rci nejsou natolik kompetentn\u00ed, aby ur\u010dovali hlavu na\u0161eho st\u00e1tu, a \u017ee by prezidenta m\u011bli volit ob\u010dan\u00e9 stejn\u011b jako ve Spojen\u00fdch st\u00e1tech.<\/p>\n","protected":false},"author":1,"featured_media":0,"comment_status":"open","ping_status":"open","sticky":false,"template":"","format":"standard","meta":{"ngg_post_thumbnail":0,"footnotes":""},"categories":[17,11],"tags":[],"class_list":["post-3029","post","type-post","status-publish","format-standard","hentry","category-jakl-president","category-ozvena"],"_links":{"self":[{"href":"https:\/\/www.ladislavjakl.cz\/index.php?rest_route=\/wp\/v2\/posts\/3029","targetHints":{"allow":["GET"]}}],"collection":[{"href":"https:\/\/www.ladislavjakl.cz\/index.php?rest_route=\/wp\/v2\/posts"}],"about":[{"href":"https:\/\/www.ladislavjakl.cz\/index.php?rest_route=\/wp\/v2\/types\/post"}],"author":[{"embeddable":true,"href":"https:\/\/www.ladislavjakl.cz\/index.php?rest_route=\/wp\/v2\/users\/1"}],"replies":[{"embeddable":true,"href":"https:\/\/www.ladislavjakl.cz\/index.php?rest_route=%2Fwp%2Fv2%2Fcomments&post=3029"}],"version-history":[{"count":1,"href":"https:\/\/www.ladislavjakl.cz\/index.php?rest_route=\/wp\/v2\/posts\/3029\/revisions"}],"predecessor-version":[{"id":3030,"href":"https:\/\/www.ladislavjakl.cz\/index.php?rest_route=\/wp\/v2\/posts\/3029\/revisions\/3030"}],"wp:attachment":[{"href":"https:\/\/www.ladislavjakl.cz\/index.php?rest_route=%2Fwp%2Fv2%2Fmedia&parent=3029"}],"wp:term":[{"taxonomy":"category","embeddable":true,"href":"https:\/\/www.ladislavjakl.cz\/index.php?rest_route=%2Fwp%2Fv2%2Fcategories&post=3029"},{"taxonomy":"post_tag","embeddable":true,"href":"https:\/\/www.ladislavjakl.cz\/index.php?rest_route=%2Fwp%2Fv2%2Ftags&post=3029"}],"curies":[{"name":"wp","href":"https:\/\/api.w.org\/{rel}","templated":true}]}}