{"id":3034,"date":"2012-10-31T15:42:03","date_gmt":"2012-10-31T14:42:03","guid":{"rendered":"http:\/\/www.ladislavjakl.cz\/?p=3034"},"modified":"2012-11-29T14:10:28","modified_gmt":"2012-11-29T13:10:28","slug":"slovenska-televize-o-novorocnim-projevu-ladislava-jakla","status":"publish","type":"post","link":"https:\/\/www.ladislavjakl.cz\/?p=3034","title":{"rendered":"Slovensk\u00e1 televize o Novoro\u010dn\u00edm projevu Ladislava Jakla"},"content":{"rendered":"<p>Desiatky  \u013eud\u00ed demon\u0161trovali v centre Prahy proti Eur\u00f3pskej \u00fanii. Pod\u013ea  protestuj\u00facich \u00faradn\u00edci v Bruseli \u010dlensk\u00e9 krajiny 27-mi\u010dky v\u00fdrazne  zadl\u017euj\u00fa a ekonomicky oslabuj\u00fa. Negat\u00edva \u00fanie vraj potom prekra\u010duj\u00fa jej  v\u00fdhody. Protest sledoval aj n\u00e1\u0161 pra\u017esk\u00fd spolupracovn\u00edk David Vozdeck\u00fd.<\/p>\n<p><!--more--><br \/>\n<a href=\"http:\/\/www.ta3.com\/clanok\/1008512\/v-prahe-sa-protestovalo-proti-eu.html\" target=\"_blank\"> Zdroj a video<\/a><\/p>\n","protected":false},"excerpt":{"rendered":"<p>Desiatky \u013eud\u00ed demon\u0161trovali v centre Prahy proti Eur\u00f3pskej \u00fanii. Pod\u013ea protestuj\u00facich \u00faradn\u00edci v Bruseli \u010dlensk\u00e9 krajiny 27-mi\u010dky v\u00fdrazne zadl\u017euj\u00fa a ekonomicky oslabuj\u00fa. Negat\u00edva \u00fanie vraj potom prekra\u010duj\u00fa jej v\u00fdhody. Protest sledoval aj n\u00e1\u0161 pra\u017esk\u00fd spolupracovn\u00edk David Vozdeck\u00fd.<\/p>\n","protected":false},"author":1,"featured_media":0,"comment_status":"open","ping_status":"open","sticky":false,"template":"","format":"standard","meta":{"ngg_post_thumbnail":0,"footnotes":""},"categories":[17,11,12],"tags":[],"class_list":["post-3034","post","type-post","status-publish","format-standard","hentry","category-jakl-president","category-ozvena","category-video"],"_links":{"self":[{"href":"https:\/\/www.ladislavjakl.cz\/index.php?rest_route=\/wp\/v2\/posts\/3034","targetHints":{"allow":["GET"]}}],"collection":[{"href":"https:\/\/www.ladislavjakl.cz\/index.php?rest_route=\/wp\/v2\/posts"}],"about":[{"href":"https:\/\/www.ladislavjakl.cz\/index.php?rest_route=\/wp\/v2\/types\/post"}],"author":[{"embeddable":true,"href":"https:\/\/www.ladislavjakl.cz\/index.php?rest_route=\/wp\/v2\/users\/1"}],"replies":[{"embeddable":true,"href":"https:\/\/www.ladislavjakl.cz\/index.php?rest_route=%2Fwp%2Fv2%2Fcomments&post=3034"}],"version-history":[{"count":6,"href":"https:\/\/www.ladislavjakl.cz\/index.php?rest_route=\/wp\/v2\/posts\/3034\/revisions"}],"predecessor-version":[{"id":3213,"href":"https:\/\/www.ladislavjakl.cz\/index.php?rest_route=\/wp\/v2\/posts\/3034\/revisions\/3213"}],"wp:attachment":[{"href":"https:\/\/www.ladislavjakl.cz\/index.php?rest_route=%2Fwp%2Fv2%2Fmedia&parent=3034"}],"wp:term":[{"taxonomy":"category","embeddable":true,"href":"https:\/\/www.ladislavjakl.cz\/index.php?rest_route=%2Fwp%2Fv2%2Fcategories&post=3034"},{"taxonomy":"post_tag","embeddable":true,"href":"https:\/\/www.ladislavjakl.cz\/index.php?rest_route=%2Fwp%2Fv2%2Ftags&post=3034"}],"curies":[{"name":"wp","href":"https:\/\/api.w.org\/{rel}","templated":true}]}}