{"id":3039,"date":"2012-10-31T15:44:48","date_gmt":"2012-10-31T14:44:48","guid":{"rendered":"http:\/\/www.ladislavjakl.cz\/?p=3039"},"modified":"2012-10-31T15:44:48","modified_gmt":"2012-10-31T14:44:48","slug":"tomas-haas-proc-je-ladislav-jakl-mym-kandidatem","status":"publish","type":"post","link":"https:\/\/www.ladislavjakl.cz\/?p=3039","title":{"rendered":"Tom\u00e1\u0161 Haas: Pro\u010d je Ladislav Jakl m\u00fdm kandid\u00e1tem"},"content":{"rendered":"<p>Ladislav Jakl je jedin\u00fdm kandid\u00e1tem na prezidentsk\u00fd \u00fa\u0159ad, kter\u00fd se  neboj\u00ed otev\u00edrat t\u00e9mata, kter\u00fdm se ostatn\u00ed kandid\u00e1ti opatrn\u011b vyh\u00fdbaj\u00ed.<\/p>\n<p><!--more--><\/p>\n<p>Je ze v\u0161ech sou\u010dasn\u00fdch kandid\u00e1t\u016f nejl\u00e9pe informovan\u00fd a zku\u0161en\u00fd v tom,  co prezident m\u016f\u017ee a nem\u016f\u017ee d\u011blat a hlavn\u011b, jak to m\u016f\u017ee d\u011blat.<\/p>\n<p>Po cel\u00e1 dv\u011b funk\u010dn\u00ed obdob\u00ed byl pravou rukou st\u00e1vaj\u00edc\u00edho prezidenta,  V\u00e1clava Klause. Na tom, \u017ee d\u016fv\u011bra ob\u010dan\u016f v prezidenta dosahovala po  v\u011bt\u0161inu jeho funk\u010dn\u00edho obdob\u00ed v\u00edce ne\u017e sedmdes\u00e1ti procent, m\u00e1 svou  z\u00e1sluhu i jeho team, a v prezidentov\u011b teamu je Ladislav Jakl kl\u00ed\u010dovou  osobnost\u00ed.<\/p>\n<p>Neslibuje, \u017ee naprav\u00ed sv\u011bt, neslibuje, \u017ee zastav\u00ed korupci, neslibuje,  \u017ee pod jeho veden\u00edm nastane v\u0161eobecn\u00fd blahobyt a \u017ee sjednot\u00ed n\u00e1rod v  ot\u00e1zk\u00e1ch, ve kter\u00fdch nen\u00ed, a v demokratick\u00e9m st\u00e1t\u011b ani nem\u016f\u017ee b\u00fdt,  jednota n\u00e1zor\u016f.<\/p>\n<p>Zn\u00e1 limity prezidentsk\u00e9 funkce a v\u00ed, co je mo\u017en\u00e9 a co nen\u00ed.<\/p>\n<p>Zn\u00e1m Ladislava Jakla dost dlouho na to, abych v\u011bd\u011bl, \u017ee co je mo\u017en\u00e9 ud\u011blat, ud\u011bl\u00e1, co nen\u00ed mo\u017en\u00e9 splnit, neslibuje.<\/p>\n<p>Zn\u00e1m ho dost dlouho na to, abych v\u011bd\u011bl, \u017ee cokoliv \u0159ekne, to m\u00e1 logiku,  je to srozumiteln\u00e9 a je to jeho n\u00e1zor, nikoliv n\u011bco, co je pr\u00e1v\u011b  popul\u00e1rn\u00ed.<\/p>\n<p>Zn\u00e1m ho dost dlouho na to, abych v\u011bd\u011bl, \u017ee za sv\u00fdm slovem stoj\u00ed.<\/p>\n<p>Ladislav Jakl je \u010dlov\u011bk, kter\u00e9ho si v\u00e1\u017e\u00edm i proto, \u017ee ne\u0159e\u010dn\u00ed o empatii  a solidarit\u011b. Ne\u0159e\u010dn\u00ed, ale jedn\u00e1. To v\u00edm nejen z vlastn\u00ed zku\u0161enosti,  v\u00edm to hlavn\u011b z toho, \u017ee to dokazuje cel\u00fdm sv\u00fdm \u017eivotem, ani\u017e empatii a  solidaritu vystavuje na obdiv. M\u00e1lokdo v\u00ed, \u017ee vychoval dnes u\u017e  dosp\u011bl\u00e9ho, dvacetilet\u00e9ho, adoptovan\u00e9ho r\u00f3msk\u00e9ho chlapce. Kdy\u017e byl na  tento m\u00e1lo zn\u00e1m\u00fd aspekt sv\u00e9ho \u017eivota p\u0159ed \u010dasem t\u00e1z\u00e1n redaktorkou  internetov\u00e9ho magaz\u00ednu, odpov\u011bd\u011bl: \u201eOb\u010das mi chod\u00ed e-maily jako: J\u00e1 si  V\u00e1s za to v\u00e1\u017e\u00edm. Moc pros\u00edm, aby si m\u011b za to nikdo nev\u00e1\u017eil, proto\u017ee  nejv\u00edc obohacen jsem j\u00e1. Fakt z toho ned\u011bl\u00e1m transparent, jako koukejte  na m\u011b, j\u00e1 m\u00e1m doma cik\u00e1na. A a\u017e budu jednou kandidovat na prezidenta,  tak si \u0159eknu: Otcem vlasti m\u016f\u017ee b\u00fdt jenom ten, kdo byl n\u011bkdy otcem\u201c.<\/p>\n<p>Nemohu si pomoci, Ladislava Jakla si i proto v\u00e1\u017e\u00edm, a to p\u0159esto, \u017ee pros\u00ed o opak.<\/p>\n<p>Ladislav Jakl m\u00e1 hlavu na sv\u00e9m m\u00edst\u011b. Na sv\u00e9m m\u00edst\u011b m\u00e1 i srdce.<\/p>\n<p>V nast\u00e1vaj\u00edc\u00ed debat\u011b kandid\u00e1t\u016f na prezidentsk\u00fd \u00fa\u0159ad z\u016fstane bez  Ladislava Jakla mezera. Velk\u00e1 a nenaplniteln\u00e1 mezera. Ladislav Jakl nen\u00ed  dal\u0161\u00edm bezbarv\u00fdm klonem v mno\u017ein\u011b kandid\u00e1t\u016f bez n\u00e1zoru a bez odvahy.  Debata bez n\u011bho bude jen opakov\u00e1n\u00edm nesplniteln\u00fdch slib\u016f, pr\u00e1zdn\u00fdch  kli\u0161\u00e9, slu\u0161iv\u00fdch p\u00f3z a nic ne\u0159\u00edkaj\u00edc\u00edch fr\u00e1z\u00ed.<\/p>\n<p>Hlas Ladislava Jakla je hlasem, kter\u00fd by v prvn\u00ed prezidentsk\u00e9 p\u0159\u00edm\u00e9 volb\u011b nem\u011bl chyb\u011bt.<\/p>\n<p>Ale k tomu, aby byl sly\u0161en, je pot\u0159eba na\u0161ich hlas\u016f.<\/p>\n<p>Pros\u00edm podpo\u0159te sv\u00fdm podpisem kandidaturu Ladislava Jakla.<\/p>\n<p><a href=\"http:\/\/www.parlamentnilisty.cz\/zpravy\/Tomas-Haas-Proc-je-Ladislav-Jakl-mym-kandidatem-251743\" target=\"_blank\">Zdroj<\/a><\/p>\n","protected":false},"excerpt":{"rendered":"<p>Ladislav Jakl je jedin\u00fdm kandid\u00e1tem na prezidentsk\u00fd \u00fa\u0159ad, kter\u00fd se neboj\u00ed otev\u00edrat t\u00e9mata, kter\u00fdm se ostatn\u00ed kandid\u00e1ti opatrn\u011b vyh\u00fdbaj\u00ed.<\/p>\n","protected":false},"author":1,"featured_media":0,"comment_status":"open","ping_status":"open","sticky":false,"template":"","format":"standard","meta":{"ngg_post_thumbnail":0,"footnotes":""},"categories":[17,11],"tags":[],"class_list":["post-3039","post","type-post","status-publish","format-standard","hentry","category-jakl-president","category-ozvena"],"_links":{"self":[{"href":"https:\/\/www.ladislavjakl.cz\/index.php?rest_route=\/wp\/v2\/posts\/3039","targetHints":{"allow":["GET"]}}],"collection":[{"href":"https:\/\/www.ladislavjakl.cz\/index.php?rest_route=\/wp\/v2\/posts"}],"about":[{"href":"https:\/\/www.ladislavjakl.cz\/index.php?rest_route=\/wp\/v2\/types\/post"}],"author":[{"embeddable":true,"href":"https:\/\/www.ladislavjakl.cz\/index.php?rest_route=\/wp\/v2\/users\/1"}],"replies":[{"embeddable":true,"href":"https:\/\/www.ladislavjakl.cz\/index.php?rest_route=%2Fwp%2Fv2%2Fcomments&post=3039"}],"version-history":[{"count":1,"href":"https:\/\/www.ladislavjakl.cz\/index.php?rest_route=\/wp\/v2\/posts\/3039\/revisions"}],"predecessor-version":[{"id":3040,"href":"https:\/\/www.ladislavjakl.cz\/index.php?rest_route=\/wp\/v2\/posts\/3039\/revisions\/3040"}],"wp:attachment":[{"href":"https:\/\/www.ladislavjakl.cz\/index.php?rest_route=%2Fwp%2Fv2%2Fmedia&parent=3039"}],"wp:term":[{"taxonomy":"category","embeddable":true,"href":"https:\/\/www.ladislavjakl.cz\/index.php?rest_route=%2Fwp%2Fv2%2Fcategories&post=3039"},{"taxonomy":"post_tag","embeddable":true,"href":"https:\/\/www.ladislavjakl.cz\/index.php?rest_route=%2Fwp%2Fv2%2Ftags&post=3039"}],"curies":[{"name":"wp","href":"https:\/\/api.w.org\/{rel}","templated":true}]}}