{"id":3041,"date":"2012-10-31T15:45:49","date_gmt":"2012-10-31T14:45:49","guid":{"rendered":"http:\/\/www.ladislavjakl.cz\/?p=3041"},"modified":"2012-10-31T15:45:49","modified_gmt":"2012-10-31T14:45:49","slug":"ladislav-jakl-dnes-predseda-vlade-ve-funkci-prezidenta","status":"publish","type":"post","link":"https:\/\/www.ladislavjakl.cz\/?p=3041","title":{"rendered":"Ladislav Jakl dnes p\u0159edsed\u00e1 vl\u00e1d\u011b ve funkci prezidenta"},"content":{"rendered":"<p>Tajemn\u00edk prezidenta republiky V\u00e1clava Klause a \u0161\u00e9f Politick\u00e9ho odboru  KPR Ladislav Jakl, kter\u00fd chce kandidovat na prezidenta, dnes sed\u00ed na  vl\u00e1d\u011b.<\/p>\n<p><!--more--><\/p>\n<p>Zastupuje tam prezidenta Klause. Prezident republiky se toti\u017e m\u016f\u017ee  podle \u00fastavy jako hlava st\u00e1tu a exekutivy \u00fa\u010dastnit zased\u00e1n\u00ed vl\u00e1dy a  parlamentu a kdykoli po\u017e\u00e1dat o slovo. V praxi ale tuto pravomoc  prezident Klaus nevyu\u017e\u00edv\u00e1 a na vl\u00e1du vys\u00edl\u00e1 sv\u00e9ho z\u00e1stupce, kter\u00fd ho  informuje o pr\u016fb\u011bhu zased\u00e1n\u00ed kabinetu.<\/p>\n<p>Podle informac\u00ed Parlamennt\u00edchList\u016f.cz p\u0159\u00edtomonost Ladislava Jakla  vyvolala v\u0161eobecn\u00e9 p\u0159ekvapen\u00ed. Jakl toti\u017e s\u00e1m chce kandidovat na  prezidenta a pokud by byl zvolen, mohl by op\u011bt chodit na vl\u00e1du a  dohl\u00ed\u017eet na pr\u00e1ci vl\u00e1dy, \u00fakolovat ji a br\u00e1t si slovo.<\/p>\n<p><a href=\"http:\/\/www.parlamentnilisty.cz\/zpravy\/Ladislav-Jakl-dnes-predseda-vlade-ve-funkci-prezidenta-251866\" target=\"_blank\">Zdroj<\/a><\/p>\n","protected":false},"excerpt":{"rendered":"<p>Tajemn\u00edk prezidenta republiky V\u00e1clava Klause a \u0161\u00e9f Politick\u00e9ho odboru KPR Ladislav Jakl, kter\u00fd chce kandidovat na prezidenta, dnes sed\u00ed na vl\u00e1d\u011b.<\/p>\n","protected":false},"author":1,"featured_media":0,"comment_status":"open","ping_status":"open","sticky":false,"template":"","format":"standard","meta":{"ngg_post_thumbnail":0,"footnotes":""},"categories":[11],"tags":[],"class_list":["post-3041","post","type-post","status-publish","format-standard","hentry","category-ozvena"],"_links":{"self":[{"href":"https:\/\/www.ladislavjakl.cz\/index.php?rest_route=\/wp\/v2\/posts\/3041","targetHints":{"allow":["GET"]}}],"collection":[{"href":"https:\/\/www.ladislavjakl.cz\/index.php?rest_route=\/wp\/v2\/posts"}],"about":[{"href":"https:\/\/www.ladislavjakl.cz\/index.php?rest_route=\/wp\/v2\/types\/post"}],"author":[{"embeddable":true,"href":"https:\/\/www.ladislavjakl.cz\/index.php?rest_route=\/wp\/v2\/users\/1"}],"replies":[{"embeddable":true,"href":"https:\/\/www.ladislavjakl.cz\/index.php?rest_route=%2Fwp%2Fv2%2Fcomments&post=3041"}],"version-history":[{"count":1,"href":"https:\/\/www.ladislavjakl.cz\/index.php?rest_route=\/wp\/v2\/posts\/3041\/revisions"}],"predecessor-version":[{"id":3042,"href":"https:\/\/www.ladislavjakl.cz\/index.php?rest_route=\/wp\/v2\/posts\/3041\/revisions\/3042"}],"wp:attachment":[{"href":"https:\/\/www.ladislavjakl.cz\/index.php?rest_route=%2Fwp%2Fv2%2Fmedia&parent=3041"}],"wp:term":[{"taxonomy":"category","embeddable":true,"href":"https:\/\/www.ladislavjakl.cz\/index.php?rest_route=%2Fwp%2Fv2%2Fcategories&post=3041"},{"taxonomy":"post_tag","embeddable":true,"href":"https:\/\/www.ladislavjakl.cz\/index.php?rest_route=%2Fwp%2Fv2%2Ftags&post=3041"}],"curies":[{"name":"wp","href":"https:\/\/api.w.org\/{rel}","templated":true}]}}