{"id":306,"date":"2010-04-08T15:11:42","date_gmt":"2010-04-08T14:11:42","guid":{"rendered":"http:\/\/www.ladislavjakl.cz\/?p=306"},"modified":"2010-04-08T15:11:42","modified_gmt":"2010-04-08T14:11:42","slug":"hyde-park-v-ceske-televizi","status":"publish","type":"post","link":"https:\/\/www.ladislavjakl.cz\/?p=306","title":{"rendered":"Hyde Park v \u010cesk\u00e9 televizi"},"content":{"rendered":"<p>Z\u00e1znam po\u0159adu Hyde Park, kter\u00fd vys\u00edlala \u010cesk\u00e1 televize 6.4.2010 na programu \u010cT 24. <!--more--><strong>Milovn\u00edk piva<\/strong> a <strong>bigb\u00edtu<\/strong>, b\u00fdval\u00fd novin\u00e1\u0159, v\u00e1\u0161niv\u00fd muzikant a  posledn\u00edch 13 let <strong>poradce V\u00e1clava Klause<\/strong>. Moment\u00e1ln\u011b jeho  tajemn\u00edk a \u0161\u00e9f politick\u00e9ho odboru prezidentsk\u00e9 kancel\u00e1\u0159e. Jeho ambic\u00ed je  prosazovat my\u0161lenky a <strong>n\u00e1zory, kter\u00fdm v\u011b\u0159\u00ed<\/strong>. Pr\u00e1v\u011b proto ho mnoz\u00ed  pova\u017euj\u00ed za <strong>provokat\u00e9ra<\/strong>. Ned\u00e1vno o n\u011bm vy\u0161la kniha <strong>Rocker na  hrad\u011b<\/strong>. Jak\u00fd\u00a0opravdu je? Co v\u0161echno pro prezidenta d\u011bl\u00e1 a jak pro\u017e\u00edv\u00e1  bl\u00ed\u017e\u00edc\u00ed se n\u00e1v\u0161t\u011bvu Obama &#8211; Medv\u011bd\u011bv?<\/p>\n<p>Odkaz na video <a href=\"http:\/\/www.ceskatelevize.cz\/program\/10252839638-06.04.2010-20:10-24.html\" target=\"_blank\">ZDE<\/a><\/p>\n","protected":false},"excerpt":{"rendered":"<p>Z\u00e1znam po\u0159adu Hyde Park, kter\u00fd vys\u00edlala \u010cesk\u00e1 televize 6.4.2010 na programu \u010cT 24.<\/p>\n","protected":false},"author":1,"featured_media":0,"comment_status":"open","ping_status":"open","sticky":false,"template":"","format":"standard","meta":{"ngg_post_thumbnail":0,"footnotes":""},"categories":[12],"tags":[],"class_list":["post-306","post","type-post","status-publish","format-standard","hentry","category-video"],"_links":{"self":[{"href":"https:\/\/www.ladislavjakl.cz\/index.php?rest_route=\/wp\/v2\/posts\/306","targetHints":{"allow":["GET"]}}],"collection":[{"href":"https:\/\/www.ladislavjakl.cz\/index.php?rest_route=\/wp\/v2\/posts"}],"about":[{"href":"https:\/\/www.ladislavjakl.cz\/index.php?rest_route=\/wp\/v2\/types\/post"}],"author":[{"embeddable":true,"href":"https:\/\/www.ladislavjakl.cz\/index.php?rest_route=\/wp\/v2\/users\/1"}],"replies":[{"embeddable":true,"href":"https:\/\/www.ladislavjakl.cz\/index.php?rest_route=%2Fwp%2Fv2%2Fcomments&post=306"}],"version-history":[{"count":1,"href":"https:\/\/www.ladislavjakl.cz\/index.php?rest_route=\/wp\/v2\/posts\/306\/revisions"}],"predecessor-version":[{"id":307,"href":"https:\/\/www.ladislavjakl.cz\/index.php?rest_route=\/wp\/v2\/posts\/306\/revisions\/307"}],"wp:attachment":[{"href":"https:\/\/www.ladislavjakl.cz\/index.php?rest_route=%2Fwp%2Fv2%2Fmedia&parent=306"}],"wp:term":[{"taxonomy":"category","embeddable":true,"href":"https:\/\/www.ladislavjakl.cz\/index.php?rest_route=%2Fwp%2Fv2%2Fcategories&post=306"},{"taxonomy":"post_tag","embeddable":true,"href":"https:\/\/www.ladislavjakl.cz\/index.php?rest_route=%2Fwp%2Fv2%2Ftags&post=306"}],"curies":[{"name":"wp","href":"https:\/\/api.w.org\/{rel}","templated":true}]}}