{"id":3061,"date":"2012-11-05T15:43:47","date_gmt":"2012-11-05T14:43:47","guid":{"rendered":"http:\/\/www.ladislavjakl.cz\/?p=3061"},"modified":"2012-11-05T15:43:47","modified_gmt":"2012-11-05T14:43:47","slug":"prepadovka-z-hradu-jakla-na-vlade-nikdo-necekal","status":"publish","type":"post","link":"https:\/\/www.ladislavjakl.cz\/?p=3061","title":{"rendered":"P\u0159epadovka z Hradu: Jakla na vl\u00e1d\u011b nikdo ne\u010dekal"},"content":{"rendered":"<p>Vl\u00e1da Petra Ne\u010dase m\u00e1 pravideln\u00e9 st\u0159ede\u010dn\u00ed zased\u00e1n\u00ed. Ku v\u0161eobecn\u00e9mu p\u0159ekvapen\u00ed se ho ale \u00fa\u010dastn\u00ed i prezident\u016fv tajemn\u00edk.<\/p>\n<div style=\"margin-top: 15px;\"><strong><!--more--><br \/>\n<\/strong><strong><\/strong><\/div>\n<p>Podle informac\u00ed  redakce nav\u0161t\u00edvil zased\u00e1n\u00ed vl\u00e1dy a je mu po celou dobu p\u0159\u00edtomen \u0159editel  politick\u00e9ho odboru kancel\u00e1\u0159e prezidenta republiky Ladislav Jakl.<\/p>\n<p>Je  sice b\u011b\u017en\u00e9, \u017ee se n\u011bjak\u00fd z\u00e1stupce Hradu v\u017edy zased\u00e1n\u00ed vl\u00e1dy \u00fa\u010dastn\u00ed,  zpravidla jde o n\u011bkoho z t\u00fdmu prezidentov\u00fdch poradc\u016f, p\u0159\u00edmo Jakla ale na  vl\u00e1d\u011b dnes nikdo ne\u010dekal.<\/p>\n<p>Ten se tak pr\u00fd ve Strakov\u011b akademii  objevil ke &#8222;v\u0161eobecn\u00e9mu p\u0159ekvapen\u00ed&#8220;, bli\u017e\u0161\u00ed d\u016fvody jeho n\u00e1v\u0161t\u011bvy se n\u00e1m  ale prozat\u00edm nepoda\u0159ilo zjistit.<\/p>\n<p>Zaj\u00edmavost\u00ed je, \u017ee zased\u00e1n\u00ed  vl\u00e1dy v tu chv\u00edli ne\u0159\u00eddil premi\u00e9r Petr Ne\u010das, ale vicepremi\u00e9r a p\u0159edseda  TOP 09 Karel Schwarzenberg. Ne\u010das byl toti\u017e dopoledne na Hrad\u011b p\u0159ijat  prezidentem V\u00e1clavem Klausem, kter\u00e9mu nesl demisi sv\u00e9ho ministra pr\u00e1ce a  soci\u00e1ln\u00edch v\u011bc\u00ed Jarom\u00edra Dr\u00e1bka (TOP 09).<\/p>\n<p>\u017de by cht\u011bl Jakl zkontrolovat, jak si na vl\u00e1d\u011b v Ne\u010dasov\u011b nep\u0159\u00edtomnosti po\u010d\u00edn\u00e1 ministr zahrani\u010d\u00ed?<\/p>\n<p>Redakce se pokou\u0161ela zjistit, co bylo d\u016fvodem Jaklovy n\u00e1v\u0161t\u011bvy.<\/p>\n<p>&#8222;Pod\u00edvejte  se, je pr\u00e1vo prezidenta republiky vyslat n\u011bkoho na jedn\u00e1n\u00ed vl\u00e1dy &#8230;  (nesrozumiten\u00e9) &#8230; to nen\u00ed na n\u00e1s, abychom ur\u010dili, ale koho ur\u010d\u00ed  prezident republiky. A t\u00edm to hasne. Mysl\u00edm, \u017ee \u017e\u00e1dn\u00e9 dal\u0161\u00ed d\u016fvody  nebyly, pro\u010d byl pan Jakl vysl\u00e1n a ne n\u011bkdo jin\u00fd, to se mus\u00edte zeptat  jeho, ne mne,&#8220; uvedl pro Prvnizpravy.cz Karel Schwarzenberg, podle  kter\u00e9ho Jakl jako ka\u017ed\u00fd jin\u00fd z\u00e1stupce Hradu do jedn\u00e1n\u00ed vl\u00e1dy nevstupuje a  nikdy se nehl\u00e1s\u00ed o slovo, ale pouze si d\u011bl\u00e1 z\u00e1pis a pak pod\u00e1 zpr\u00e1vu  prezidentu republiky.<\/p>\n<p>&#8222;M\u011b to nezaj\u00edm\u00e1. Opravdu m\u011b nezaj\u00edm\u00e1, koho  pan prezident na vl\u00e1du po\u0161le, to je jeho z\u00e1le\u017eitost,&#8220; \u0159ekl pak  Schwarzenberg na dotaz, zda aspo\u0148 netu\u0161\u00ed, pro\u010d byl zrovna dnes  prezidentem vysl\u00e1n jeho nejbli\u017e\u0161\u00ed spolupracovn\u00edk a ne jen \u0159adov\u00fd poradce  prezidenta.<\/p>\n<p><a href=\"http:\/\/www.prvnizpravy.cz\/zpravy\/z-domova\/prepadovka-z-hradu-jakla-na-vlade-nikdo-necekal\/\" target=\"_blank\">Zdroj<\/a><\/p>\n","protected":false},"excerpt":{"rendered":"<p>Vl\u00e1da Petra Ne\u010dase m\u00e1 pravideln\u00e9 st\u0159ede\u010dn\u00ed zased\u00e1n\u00ed. Ku v\u0161eobecn\u00e9mu p\u0159ekvapen\u00ed se ho ale \u00fa\u010dastn\u00ed i prezident\u016fv tajemn\u00edk.<\/p>\n","protected":false},"author":1,"featured_media":0,"comment_status":"open","ping_status":"open","sticky":false,"template":"","format":"standard","meta":{"ngg_post_thumbnail":0,"footnotes":""},"categories":[11],"tags":[],"class_list":["post-3061","post","type-post","status-publish","format-standard","hentry","category-ozvena"],"_links":{"self":[{"href":"https:\/\/www.ladislavjakl.cz\/index.php?rest_route=\/wp\/v2\/posts\/3061","targetHints":{"allow":["GET"]}}],"collection":[{"href":"https:\/\/www.ladislavjakl.cz\/index.php?rest_route=\/wp\/v2\/posts"}],"about":[{"href":"https:\/\/www.ladislavjakl.cz\/index.php?rest_route=\/wp\/v2\/types\/post"}],"author":[{"embeddable":true,"href":"https:\/\/www.ladislavjakl.cz\/index.php?rest_route=\/wp\/v2\/users\/1"}],"replies":[{"embeddable":true,"href":"https:\/\/www.ladislavjakl.cz\/index.php?rest_route=%2Fwp%2Fv2%2Fcomments&post=3061"}],"version-history":[{"count":2,"href":"https:\/\/www.ladislavjakl.cz\/index.php?rest_route=\/wp\/v2\/posts\/3061\/revisions"}],"predecessor-version":[{"id":3075,"href":"https:\/\/www.ladislavjakl.cz\/index.php?rest_route=\/wp\/v2\/posts\/3061\/revisions\/3075"}],"wp:attachment":[{"href":"https:\/\/www.ladislavjakl.cz\/index.php?rest_route=%2Fwp%2Fv2%2Fmedia&parent=3061"}],"wp:term":[{"taxonomy":"category","embeddable":true,"href":"https:\/\/www.ladislavjakl.cz\/index.php?rest_route=%2Fwp%2Fv2%2Fcategories&post=3061"},{"taxonomy":"post_tag","embeddable":true,"href":"https:\/\/www.ladislavjakl.cz\/index.php?rest_route=%2Fwp%2Fv2%2Ftags&post=3061"}],"curies":[{"name":"wp","href":"https:\/\/api.w.org\/{rel}","templated":true}]}}