{"id":3063,"date":"2012-11-05T15:30:40","date_gmt":"2012-11-05T14:30:40","guid":{"rendered":"http:\/\/www.ladislavjakl.cz\/?p=3063"},"modified":"2012-11-05T15:30:40","modified_gmt":"2012-11-05T14:30:40","slug":"bud-hrad-nebo-pivovar-prezidentska-kandidatura-ladislava-jakla-pry-neni-zadna-recese","status":"publish","type":"post","link":"https:\/\/www.ladislavjakl.cz\/?p=3063","title":{"rendered":"Bu\u010f Hrad, nebo pivovar. Prezidentsk\u00e1 kandidatura Ladislava Jakla pr\u00fd nen\u00ed \u017e\u00e1dn\u00e1 recese"},"content":{"rendered":"<p>Od chv\u00edle, kdy vznikl \u201eprezidentsk\u00fd\u201c rozhovor s\u00a0Ladislavem Jaklem ve  Svatov\u00e1clavsk\u00e9 vinici na Pra\u017esk\u00e9m hrad\u011b, se tajemn\u00edk V\u00e1clava Klause  n\u011bkolikr\u00e1t v\u00fdrazn\u011b p\u0159ipomn\u011bl. P\u0159\u00edmo p\u0159i jedn\u00e9 z\u00a0debat prezidentsk\u00fdch  kandid\u00e1t\u016f si nap\u0159\u00edklad svl\u00e9kl sako a ko\u0161ili, aby se uk\u00e1zal v\u00a0modr\u00e9m  triku s\u00a0embl\u00e9mem Evropsk\u00e9 unie vyveden\u00fdm do zn\u00e1m\u00e9ho symbolu koso\u010dtverce.<\/p>\n<p><!--more--><\/p>\n<p>Pot\u00e9 zve\u0159ejnil video vlastn\u00edho prezidentsk\u00e9ho novoro\u010dn\u00edho projevu (viz  n\u00ed\u017ee), v\u00a0n\u011bm\u017e oznamoval vystoupen\u00ed z\u00a0EU. A b\u011bhem toho za\u010dal do n\u011bkter\u00fdch  bar\u016f dod\u00e1vat vlastn\u00ed pivo Jakl na Hrad! P\u0159esto, \u017ee jsou jeho nad\u011bje  z\u00edskat by\u0165 jen 50 tis\u00edc podpis\u016f nutn\u00fdch pro zapojen\u00ed do prezidentsk\u00e9ho  kl\u00e1n\u00ed miziv\u00e9, Jakl tvrd\u00ed, \u017ee mu nejde o recesi. Ale kdy\u017e to pr\u00fd  neklapne, bude nad\u00e1le spolupracovat s\u00a0V\u00e1clavem Klausem v\u00a0jeho institutu a  zalo\u017e\u00ed si minipivovar.<\/p>\n<p><strong>V\u011b\u0159\u00edte tomu, \u017ee se bude prezident skute\u010dn\u011b volit p\u0159\u00edmo? V  prov\u00e1d\u011bc\u00edm z\u00e1kon\u011b je \u0159ada nejasnost\u00ed a s\u00e1m \u0161\u00e9f \u00dastavn\u00edho soudu Pavel  Rychetsk\u00fd p\u0159ipou\u0161t\u00ed, \u017ee prov\u00e1d\u011bc\u00ed z\u00e1kon m\u016f\u017ee nap\u0159\u00edklad n\u011bkdo z kandid\u00e1t\u016f  napadnout a to m\u016f\u017ee p\u0159\u00edmou volbu zhatit.<\/strong><\/p>\n<p>P\u0159edes\u00edl\u00e1m, \u017ee jsem nikdy nebyl p\u0159\u00edznivcem p\u0159\u00edm\u00e9 volby prezidenta.  D\u016fvody se mi u\u017e ani nechce opakovat. Sp\u00ed\u0161 na adresu t\u011bch, kte\u0159\u00ed cel\u00e1  l\u00e9ta tento koncept prosazovali a obhajovali, \u0159eknu, \u017ee krom\u011b opomenut\u00ed  v\u011bcn\u00fdch rizik ud\u011blali jednu logickou chybu. Oni srovn\u00e1vali nep\u0159\u00edmou  volbu, ji\u017e m\u011bli za\u017eitou, chutnaj\u00edc\u00ed nechutnaj\u00edc\u00ed, dobrou, blbou, s  ide\u00e1ln\u00ed p\u0159edstavou, jak by mohla p\u0159\u00edm\u00e1 volba vypadat. \u010cili nesrovn\u00e1vali  realitu s realitou a ide\u00e1l s ide\u00e1lem, ale realitu s ire\u00e1lnem. V\u017edy jsem  \u0159\u00edkal: Pozor, a\u017e se ta v\u00fdhybka p\u0159ehod\u00ed a druh\u00fd model se stane realitou,  zjist\u00edte, \u017ee to je v absolutn\u00edm rozporu s va\u0161\u00edm ide\u00e1lem. Najednou od  t\u011bch lid\u00ed sly\u0161\u00edm v\u011bty: No jo, ale tak jsme si to nep\u0159edstavovali.<\/p>\n<p><strong>Ot\u00e1zka v\u0161ak zn\u011bla, zda v\u011b\u0159\u00edte, \u017ee se p\u0159\u00edm\u00e1  volba p\u0159es v\u00fd\u0161e uveden\u00e1 rizika spojen\u00e1 s prov\u00e1d\u011bc\u00edm z\u00e1konem opravdu  uskute\u010dn\u00ed. Vy s\u00e1m se nechyst\u00e1te p\u0159\u00edmou volbu napadnout, kdy\u017e se v\u00e1m  nepoda\u0159\u00ed nashrom\u00e1\u017edit pot\u0159ebn\u00fd po\u010det pades\u00e1ti tis\u00edc podpis\u016f?<\/strong><\/p>\n<p>Pravidla byla zm\u011bn\u011bna, jsou d\u00e1na a plat\u00ed. Je tedy t\u0159eba hr\u00e1t podle  nich. I kdy\u017e dnes nikdo nedok\u00e1\u017ee odhadnout, co ud\u011bl\u00e1 prov\u011b\u0159ov\u00e1n\u00ed  podpis\u016f, co ud\u011bl\u00e1 cel\u00fd proces velmi pravd\u011bpodobn\u00fdch st\u00ed\u017enost\u00ed, odvol\u00e1n\u00ed  atd., tak mysl\u00edm, \u017ee se to k realizaci nakonec dokut\u00e1l\u00ed. Kdyby byla  p\u0159\u00edm\u00e1 volba shozena, st\u00e1lo by to garnituru, kter\u00e1 ji prosadila, velk\u00fd  politick\u00fd kapit\u00e1l. To si um\u00edm p\u0159edstavit jen t\u011b\u017ece. N\u011bjak\u00e9 peripetie  kolem toho jsou tedy velmi pravd\u011bpodobn\u00e9, ale nep\u0159edpokl\u00e1d\u00e1m, \u017ee by se  p\u0159\u00edm\u00e1 volba opravdu neuskute\u010dnila. J\u00e1 u\u017e nejsem nestrann\u00fd div\u00e1k, jsem  hr\u00e1\u010d a mus\u00edm hr\u00e1t podle pravidel bez ohledu na to, co si o nich mysl\u00edm.<\/p>\n<p><strong>Pokl\u00e1d\u00e1te v\u016fbec za re\u00e1ln\u00e9, \u017ee byste mohl 50 tis\u00edc podpis\u016f z\u00edskat?<\/strong><\/p>\n<p>Kdybych to nepokl\u00e1dal za re\u00e1ln\u00e9, tak to dnes zabal\u00edm. J\u00e1 to ale nezabal\u00edm ani z\u00edtra, ani poz\u00edt\u0159\u00ed. \u010cili to za re\u00e1ln\u00e9 pova\u017euji.<\/p>\n<p><strong>Va\u0161i kandidaturu ch\u00e1pu sp\u00ed\u0161 jako ur\u010ditou formu  recese \u010di pokusu o je\u0161t\u011b v\u011bt\u0161\u00ed zviditeln\u011bn\u00ed. Jen si nejsem jist, co  vlastn\u011b chcete zviditel\u0148ovat. Tak to nen\u00ed?<\/strong><\/p>\n<p>V tom p\u0159\u00edpad\u011b mus\u00edte jako recesi vn\u00edmat i moje desetilet\u00e9 fungov\u00e1n\u00ed v  roli tajemn\u00edka prezidenta republiky. P\u0159ed deseti lety by to tak\u00e9 \u0159ada  lid\u00ed pova\u017eovala za recesi. Nech\u00e1v\u00e1m na ka\u017ed\u00e9m, a\u0165 si to vyhodnocuje, jak  chce.<\/p>\n<p><strong>Co motiv zviditeln\u011bn\u00ed Strany svobodn\u00fdch ob\u010dan\u016f, za ni\u017e kandidujete?<\/strong><\/p>\n<p>Naprosto p\u0159izn\u00e1v\u00e1m: ano, jedn\u00edm z t\u011bch motiv\u016f je zviditelnit Stranu svobodn\u00fdch ob\u010dan\u016f, pomoci j\u00ed. A to v b\u011bhu na dlouhou tra\u0165.<\/p>\n<p><strong>Na rozd\u00edl od v\u011bt\u0161iny protikandid\u00e1t\u016f osobn\u011b podpisy nesb\u00edr\u00e1te a nepo\u0159\u00e1d\u00e1te \u017e\u00e1dn\u00e9 p\u0159edvolebn\u00ed m\u00edtinky. Pro\u010d?<\/strong><\/p>\n<p>Zat\u00edm jsem sebral jeden podpis. Od prezidenta republiky. Jednak m\u011b  pr\u00e1ce pro prezidenta vyt\u011b\u017euje na pln\u00fd \u00favazek, on by m\u011b asi nepou\u0161t\u011bl,  abych sv\u00e9 osobn\u00ed aktivity d\u011blal na \u00fakor pr\u00e1ce pro n\u011bj. A druhak se  sna\u017e\u00edm sv\u00e9 p\u0159\u00e1tele a podporovatele podporovat r\u016fzn\u00fdmi cestami, vyv\u00edj\u00edm  hodn\u011b r\u016fzn\u00fdch aktivit, ale \u017ee bych si myslel, \u017ee to s\u00e1m zachr\u00e1n\u00edm t\u00edm,  \u017ee si stoupnu na ulici a vyberu t\u0159eba sto podpis\u016f, tak to fakt  nezachr\u00e1n\u00edm.<\/p>\n<p><strong>V\u00e1clav Klaus se v\u00e1m sice pod kandidaturu  podepsal, ale otev\u0159en\u011b podpo\u0159il sp\u00ed\u0161 Milo\u0161e Zemana, o kter\u00e9m LN \u0159ekl, \u017ee  je z kandid\u00e1t\u016f jedin\u00fdm politikem. Nepodepsal se mu pod petici tak\u00e9?<\/strong><\/p>\n<p>Mysl\u00edm, \u017ee by se Milo\u0161 Zeman takov\u00fdm podpisem pochlubil. Nikdy jsem  nesly\u0161el, \u017ee by V\u00e1clav Klaus podpo\u0159il Milo\u0161e Zemana. Na jeho adresu \u0159ekl  jeden pom\u011brn\u011b srozumiteln\u00fd v\u00fdrok. Za prv\u00e9, \u017ee ch\u00e1pe jeho kandidaturu  jako logick\u00e9 vy\u00fast\u011bn\u00ed jeho politick\u00e9 kari\u00e9ry. To bych \u0159ekl tak\u00e9 a nic to  nevypov\u00edd\u00e1, \u017ee bych si ho p\u0159\u00e1l za prezidenta. Tak\u00e9 \u0159ekl, \u017ee je logick\u00e9,  kdy\u017e se objevuj\u00ed mezi kandid\u00e1ty lid\u00e9 takov\u00e9ho form\u00e1tu. A tak to tak\u00e9  je. Prezident t\u00edm cht\u011bl \u0159\u00edct, \u017ee Milo\u0161 Zeman nen\u00ed Mar\u0165an, v\u00fdsadk\u00e1\u0159,  n\u00e1hodn\u011b probuzen\u00fd \u010dlov\u011bk, jen\u017e se o ve\u0159ejn\u00e9 d\u011bn\u00ed a politiku za\u010dal  zaj\u00edmat p\u0159edev\u010d\u00edrem, kter\u00fd je za posledn\u00edch dvacet let nepopsan\u00fdm  listem. A to o Milo\u0161i Zemanovi mohu \u0159\u00edct tak\u00e9, jakkoli je pro m\u011b n\u00e1zory  \u010dlov\u011bkem na druh\u00e9 stran\u011b. Ano, tak\u00e9 o n\u011bm \u0159ekl, \u017ee mezi kandid\u00e1ty je to  jedin\u00fd politik. A to je tak\u00e9 pravda, nicm\u00e9n\u011b ani to neznamen\u00e1 podporu. I  j\u00e1 mysl\u00edm, \u017ee je Zeman snad krom\u011b Sobotky mezi kandid\u00e1ty jedin\u00fd  politik. Ale dodal bych slovo \u201eb\u00fdval\u00fd\u201c. A to je ten rozd\u00edl mezi n\u00e1mi. On  je politik b\u00fdval\u00fd, j\u00e1 budouc\u00ed.<\/p>\n<p><strong>Ptal jste se V\u00e1clava Klause, zda by m\u011bl za prezidenta rad\u011bji v\u00e1s, nebo Zemana?<\/strong><\/p>\n<p>Nekladu zbyte\u010dn\u00e9 ot\u00e1zky. Mysl\u00edm, \u017ee je naprosto jasn\u00e9, \u017ee m\u011b.<\/p>\n<p><strong>On s\u00e1m p\u0159ece v LN \u0159ekl, \u017ee nev\u00ed, zda svoji kandidaturu mysl\u00edte \u201ev\u00e1\u017en\u011b, nebo nev\u00e1\u017en\u011b\u201c?<\/strong><\/p>\n<p>Pan prezident se vyslovil, \u017ee nev\u00ed, jestli opravdu v\u00e1\u017en\u011b sb\u00edr\u00e1m  podpisy. Ale j\u00e1 mu sv\u00e9 aktivity v tomto sm\u011bru nehl\u00e1s\u00edm, je\u0161t\u011b by si  myslel, \u017ee to d\u011bl\u00e1m m\u00edsto pr\u00e1ce. Tak\u017ee o nich nev\u00ed. Ale je jich mnoho a  j\u00e1 se jimi zab\u00fdv\u00e1m tak v\u00e1\u017en\u011b, jak to jde.<\/p>\n<p><strong>Opravdu se nec\u00edt\u00edte sp\u00ed\u0161 v kategorii Vladim\u00edra  Franze, Jany Bobo\u0161\u00edkov\u00e9 \u010di Tomia Okamury? Tedy t\u011bch, kte\u0159\u00ed  prezidentskou volbu ur\u010dit\u011b zpest\u0159\u00ed, ale t\u00edm to tak hasne?<\/strong><\/p>\n<p>Jestli rozd\u011blujete kandid\u00e1ty do kategori\u00ed t\u011bch, kte\u0159\u00ed maj\u00ed des\u00edtky  mili\u00f3n\u016f z b\u016fh v\u00ed jak\u00fdch zdroj\u016f a t\u011bmto zdroj\u016fm pak budou muset b\u00fdt  vd\u011b\u010dni, proto\u017ee jim budou dlu\u017eit, a kategorie t\u00e9, je\u017e ty des\u00edtky mili\u00f3n\u016f  nem\u00e1, tak pat\u0159\u00edm do t\u00e9 druh\u00e9 kategorie. Jinak ale ur\u010dit\u011b ne, j\u00e1 to  vyhraju.<\/p>\n<p><strong>U\u017e to zn\u00ed jako recese, nemysl\u00edte?<\/strong><\/p>\n<p>Ne, j\u00e1 to opravdu vyhraju. Jsem p\u0159esv\u011bd\u010den, \u017ee je ta prav\u00e1 chv\u00edle pro \u010dlov\u011bka, jako jsem j\u00e1.<\/p>\n<p><strong>Z jak\u00e9ho d\u016fvodu?<\/strong><\/p>\n<p>Ten rozjet\u00fd vlak sm\u011brem do socialismu, sm\u011brem do sv\u011bta, kde o n\u00e1s  budou rozhodovat byrokrati, politici n\u00e1s budou ob\u00edrat skoro o v\u0161echny  pen\u00edze a budou n\u00e1m vnucovat dobra podle sv\u00fdch p\u0159edstav, u\u017e n\u011bkdo mus\u00ed  zastavit. A j\u00e1 m\u00e1m pocit, \u017ee tohoto v\u00fdvoje maj\u00ed u\u017e dost. Ani vy, ani j\u00e1,  ani \u010dten\u00e1\u0159i je\u0161t\u011b netu\u0161\u00ed, jak\u00e9 budou n\u00e1lady v prosinci, v lednu. Podle  m\u011b budou na\u0161tvan\u011bj\u0161\u00ed na p\u0159erozd\u011blov\u00e1n\u00ed, vysok\u00e9 dan\u011b, na direktivy z  Bruselu, v\u0161emo\u017en\u00e9 p\u0159\u00edkazy, z\u00e1kazy, limity. Mysl\u00edm, \u017ee se nespokojenost  obr\u00e1t\u00ed t\u00edmto sm\u011brem.<\/p>\n<p><strong>Pokud by si lid\u00e9 zrovna nemysleli, \u017ee je proti  v\u011bcem obsa\u017een\u00fdm ve va\u0161\u00ed progn\u00f3ze nejlep\u0161\u00ed bojovat va\u0161\u00edm zvolen\u00edm na  Hrad, cht\u011bl byste se t\u0159eba vr\u00e1tit k \u017eurnalistice, kterou jste opustil  p\u0159ed patn\u00e1cti lety? Jakkoli se to zd\u00e1 po va\u0161\u00ed spolupr\u00e1ci s\u00a0Klausem  nep\u0159edstaviteln\u00e9?<\/strong><\/p>\n<p>Za prv\u00e9 nev\u00edm, pro\u010d bych se nemohl vr\u00e1tit k \u017eurnalistice. Dnes se za  nez\u00e1visl\u00e9 koment\u00e1tory vyd\u00e1vaj\u00ed lid\u00e9, kte\u0159\u00ed byli ve veden\u00ed r\u016fzn\u00fdch  politick\u00fdch parlamentn\u00edch stran, byli n\u00e1m\u011bstky ministr\u016f a dnes d\u011blaj\u00ed,  \u017ee na to v\u0161e zapomn\u011bli, a vedou politiku jin\u00fdmi prost\u0159edky. Ot\u00e1zkou je,  zda bych cht\u011bl z toho b\u00fdt \u017eiv. A to mysl\u00edm, \u017ee ne. Nemysl\u00edm si ani, \u017ee  bych po patn\u00e1cti letech opou\u0161t\u011bl tento sv\u011bt. U\u017e proto, \u017ee jsem nab\u00eddku  velmi \u00fazk\u00e9 spolupr\u00e1ce od pana prezidenta v jeho budouc\u00edm institutu  dostal. To je jist\u00e1 forma p\u0159\u00edtomnosti ve ve\u0159ejn\u00e9m sv\u011bt\u011b. Na druh\u00e9 stran\u011b  vn\u00edm\u00e1m, \u017ee kdyby se stala ta n\u00e1hoda a nebyl jsem zvolen prezidentem,  mo\u017en\u00e1 bych po t\u011bch letech ud\u011blal n\u011bkter\u00e9 zm\u011bny sv\u00fdch preferenc\u00ed a d\u011blal i  jin\u00e9 aktivity.<\/p>\n<p><strong>Hodl\u00e1te nab\u00eddku z Institutu V\u00e1clava Klause p\u0159ijmout? Jakou pozici byste tam m\u011bl vykon\u00e1vat a byla by to pr\u00e1ce na pln\u00fd \u00favazek?<\/strong><\/p>\n<p>M\u00e1m nab\u00eddku na pozici analytickou, koncep\u010dn\u00ed. V podstat\u011b tot\u00e9\u017e, co  vykon\u00e1v\u00e1m dnes. Nab\u00eddka stoj\u00ed tak, \u017ee bych tam m\u011bl sv\u00e9 m\u00edsto, st\u016fl a asi  kdybych to cht\u011bl d\u011blat na pln\u00fd \u00favazek, takov\u00e1 mo\u017enost by z\u0159ejm\u011b byla.  Je ot\u00e1zkou, jestli bych za p\u016fl roku takovou pr\u00e1ci na pln\u00fd \u00favazek d\u011blat  cht\u011bl. Faktem je, \u017ee chu\u0165 d\u011blat i jin\u00e9 aktivity m\u00e1m nyn\u00ed velkou.<\/p>\n<p><strong>Zaslechl jsem cosi o variant\u011b, \u017ee budete hledat uplatn\u011bn\u00ed okolo piva. Co si pod t\u00edm m\u00e1m p\u0159edstavit?<\/strong><\/p>\n<p>Pivovar budu m\u00edt v ka\u017ed\u00e9m p\u0159\u00edpad\u011b. Je jen ot\u00e1zkou, na jak velk\u00fd  \u00favazek. Ale pivovar si zalo\u017e\u00edm, to ano. O tom jsem rozhodnut u\u017e l\u00e9ta.<\/p>\n<p><strong>Jak velk\u00fd pivovar?<\/strong><\/p>\n<p>P\u011bt set a\u017e tis\u00edc hektolitr\u016f ro\u010dn\u011b. M\u011bl by to b\u00fdt mikropivovar, kter\u00fd je ekonomicky sob\u011bsta\u010dn\u00fd.<\/p>\n<p><a href=\"http:\/\/www.reflex.cz\/clanek\/zpravy\/48339\/bud-hrad-nebo-pivovar-prezidentska-kandidatura-ladislava-jakla-pry-neni-zadna-recese.html\" target=\"_blank\">Zdroj<\/a><\/p>\n","protected":false},"excerpt":{"rendered":"<p>Od chv\u00edle, kdy vznikl \u201eprezidentsk\u00fd\u201c rozhovor s\u00a0Ladislavem Jaklem ve Svatov\u00e1clavsk\u00e9 vinici na Pra\u017esk\u00e9m hrad\u011b, se tajemn\u00edk V\u00e1clava Klause n\u011bkolikr\u00e1t v\u00fdrazn\u011b p\u0159ipomn\u011bl. P\u0159\u00edmo p\u0159i jedn\u00e9 z\u00a0debat prezidentsk\u00fdch kandid\u00e1t\u016f si nap\u0159\u00edklad svl\u00e9kl sako a ko\u0161ili, aby se uk\u00e1zal v\u00a0modr\u00e9m triku s\u00a0embl\u00e9mem Evropsk\u00e9 unie vyveden\u00fdm do zn\u00e1m\u00e9ho symbolu koso\u010dtverce.<\/p>\n","protected":false},"author":1,"featured_media":0,"comment_status":"open","ping_status":"open","sticky":false,"template":"","format":"standard","meta":{"ngg_post_thumbnail":0,"footnotes":""},"categories":[17,13],"tags":[],"class_list":["post-3063","post","type-post","status-publish","format-standard","hentry","category-jakl-president","category-rozhovory"],"_links":{"self":[{"href":"https:\/\/www.ladislavjakl.cz\/index.php?rest_route=\/wp\/v2\/posts\/3063","targetHints":{"allow":["GET"]}}],"collection":[{"href":"https:\/\/www.ladislavjakl.cz\/index.php?rest_route=\/wp\/v2\/posts"}],"about":[{"href":"https:\/\/www.ladislavjakl.cz\/index.php?rest_route=\/wp\/v2\/types\/post"}],"author":[{"embeddable":true,"href":"https:\/\/www.ladislavjakl.cz\/index.php?rest_route=\/wp\/v2\/users\/1"}],"replies":[{"embeddable":true,"href":"https:\/\/www.ladislavjakl.cz\/index.php?rest_route=%2Fwp%2Fv2%2Fcomments&post=3063"}],"version-history":[{"count":1,"href":"https:\/\/www.ladislavjakl.cz\/index.php?rest_route=\/wp\/v2\/posts\/3063\/revisions"}],"predecessor-version":[{"id":3064,"href":"https:\/\/www.ladislavjakl.cz\/index.php?rest_route=\/wp\/v2\/posts\/3063\/revisions\/3064"}],"wp:attachment":[{"href":"https:\/\/www.ladislavjakl.cz\/index.php?rest_route=%2Fwp%2Fv2%2Fmedia&parent=3063"}],"wp:term":[{"taxonomy":"category","embeddable":true,"href":"https:\/\/www.ladislavjakl.cz\/index.php?rest_route=%2Fwp%2Fv2%2Fcategories&post=3063"},{"taxonomy":"post_tag","embeddable":true,"href":"https:\/\/www.ladislavjakl.cz\/index.php?rest_route=%2Fwp%2Fv2%2Ftags&post=3063"}],"curies":[{"name":"wp","href":"https:\/\/api.w.org\/{rel}","templated":true}]}}