{"id":3065,"date":"2012-11-05T15:35:10","date_gmt":"2012-11-05T14:35:10","guid":{"rendered":"http:\/\/www.ladislavjakl.cz\/?p=3065"},"modified":"2012-11-05T15:35:10","modified_gmt":"2012-11-05T14:35:10","slug":"radikal-vandas-a-diplomat-karas-vzdali-boj-o-hrad-jakl-lovi-poslance","status":"publish","type":"post","link":"https:\/\/www.ladislavjakl.cz\/?p=3065","title":{"rendered":"Radik\u00e1l Vandas a diplomat Karas vzdali boj o Hrad, Jakl lov\u00ed poslance"},"content":{"rendered":"<p>P\u0159edseda radik\u00e1ln\u00ed D\u011blnick\u00e9 strany soci\u00e1ln\u00ed spravedlnosti Tom\u00e1\u0161 Vandas vzdal sb\u011br podpis\u016f pod svou prezidentskou kandidaturu. St\u011b\u017euje si na nerovnost parlamentn\u00edch a neparlamentn\u00edch kandid\u00e1t\u016f. Dal\u0161\u00ed uchaze\u010d Ladislav Jakl za\u010dal lovit podpisy mezi poslanci. B\u011bhem dne ozn\u00e1mil konec sb\u011bru podpis\u016f i diplomat Ji\u0159\u00ed Karas.<\/p>\n<p><!--more-->P\u0159edsedovi DSSS Vandasovi se podle jeho slov poda\u0159ilo sesb\u00edrat 39 126 podpis\u016f. P\u011bt dn\u00ed p\u0159ed vypr\u0161en\u00edm \u010dasu na pod\u00e1n\u00ed kandidatury ozn\u00e1mil, \u017ee zbyl\u00fdch jeden\u00e1ct tis\u00edc sb\u00edrat nebude.<\/p>\n<p>&#8222;N\u011bkte\u0159\u00ed kandid\u00e1ti s pochybn\u00fdmi sponzory za z\u00e1dy si podpisy kupuj\u00ed, dal\u0161\u00ed je nah\u00e1n\u011bj\u00ed zaplacen\u00fdmi brig\u00e1dn\u00edky, jin\u00ed zase vypl\u0148uj\u00ed archy na z\u00e1klad\u011b z\u00edskan\u00fdch datab\u00e1z\u00ed osobn\u00edch \u00fadaj\u016f ob\u010dan\u016f. K tomu lze p\u0159ipo\u010d\u00edst preferov\u00e1n\u00ed &#8218;spr\u00e1vn\u00fdch&#8216; kandid\u00e1t\u016f typu komunistick\u00e9ho extremisty Fischera a v\u0161e podtrhne potetovan\u00e9 individuum od hlavy a\u017e k pat\u011b,&#8220; op\u0159el se Vandas do \u00fasp\u011b\u0161n\u011bj\u0161\u00edho Vladim\u00edra Franze, kter\u00fd pot\u0159ebn\u00e9 podpisy podle v\u0161ech n\u00e1znak\u016f z\u00edskat dok\u00e1zal.<\/p>\n<p>Vandas po sedmi m\u011bs\u00edc\u00edch uch\u00e1zen\u00ed se o podpisy (v\u00edce o ozn\u00e1men\u00ed \u00fa\u010dasti \u010dt\u011bte zde) \u0159ekl, \u017ee neparlamentn\u00ed a parlamentn\u00ed kandid\u00e1ti si nejsou rovni. Zva\u017euje pod\u00e1n\u00ed \u00fastavn\u00ed st\u00ed\u017enosti.<\/p>\n<p>&#8222;Mnoho ob\u010dan\u016f mi \u0159eklo, \u017ee m\u011b a stranu podporuj\u00ed, ale rad\u011bji nic nepodep\u00ed\u0161\u00ed, aby nem\u011bli probl\u00e9my. To je realita, kter\u00e1 dnes v t\u00e9to zemi panuje,&#8220; m\u00edn\u00ed Vandas, kter\u00fd p\u016fvodn\u011b p\u0159edsedal D\u011blnick\u00e9 stran\u011b. Tu Nejvy\u0161\u0161\u00ed spr\u00e1vn\u00ed soud zak\u00e1zal kv\u016fli n\u00e1vaznosti a symbolice odkazuj\u00edc\u00ed na n\u011bmeck\u00e9 nacisty.<\/p>\n<p>Pozd\u011bji b\u011bhem \u010dtvrtka ozn\u00e1mil konec sb\u011bru podpis\u016f tak\u00e9 b\u00fdval\u00fd lidoveck\u00fd poslanec, bojovn\u00edk proti potrat\u016fm a \u010desk\u00fd velvyslanec v B\u011blorusku Ji\u0159\u00ed Karas (pro\u010d p\u0159estal Karas bojovat o Hrad, \u010dt\u011bte zde)<br \/>\nJakl za\u010dal lovit v parlamentu<\/p>\n<p>Dal\u0161\u00ed z kandid\u00e1t\u016f, kter\u00fd dosud nem\u00e1 pot\u0159ebn\u00fd po\u010det podpis\u016f, Ladislav Jakl, podle den\u00edku Pr\u00e1vo za\u010dal sb\u00edrat podporu poslanc\u016f. Za\u010d\u00e1tkem t\u00fddne m\u011bl jen dvacet tis\u00edc podpis\u016f a pades\u00e1titis\u00edcov\u00e1 meta, na n\u00ed\u017e mus\u00ed b\u00fdt v \u00fater\u00fd 6. listopadu, je st\u00e1le daleko.<\/p>\n<p>Proto\u017ee ODS, \u010cSSD a TOP 09 sv\u00e9 kandid\u00e1ty maj\u00ed a komunist\u00e9 Jaklovu kandidaturu patrn\u011b nepodpo\u0159\u00ed, sonduje Jakl jinde: z\u00edskal u\u017e podle Pr\u00e1va podpis neza\u0159azen\u00e9ho poslance Michala Doktora. Ten podle sv\u00fdch slov podpo\u0159il i hradn\u00ed kandidaturu Tomia Okamury. Jakl pr\u00fd tak\u00e9 douf\u00e1 v podpis Pavla B\u00e9ma.<\/p>\n<p>Pokud se jm\u00e9no poslance Michala Doktora objev\u00ed na dvou podan\u00fdch kandidatur\u00e1ch, je ot\u00e1zka, zda to n\u011bkdo nenapadne u soudu. Z\u00e1kon o volb\u011b prezidenta republiky toti\u017e \u0159\u00edk\u00e1, \u017ee kandid\u00e1tn\u00ed listinu m\u016f\u017ee &#8222;podat nejm\u00e9n\u011b dvacet poslanc\u016f&#8220;, p\u0159i\u010dem\u017e &#8222;navrhuj\u00edc\u00ed poslanci mohou podat pouze jednu kandid\u00e1tn\u00ed listinu&#8220; (text z\u00e1kona zde, p\u0159\u00edslu\u0161n\u00e9 odstavce v \u00a7 21).<\/p>\n<p><a href=\"http:\/\/zpravy.idnes.cz\/vandas-vzdal-boj-o-hrad-0ba-\/domaci.aspx?c=A121101_090715_domaci_jw\" target=\"_blank\">Zdroj<\/a><\/p>\n","protected":false},"excerpt":{"rendered":"<p>P\u0159edseda radik\u00e1ln\u00ed D\u011blnick\u00e9 strany soci\u00e1ln\u00ed spravedlnosti Tom\u00e1\u0161 Vandas vzdal sb\u011br podpis\u016f pod svou prezidentskou kandidaturu. St\u011b\u017euje si na nerovnost parlamentn\u00edch a neparlamentn\u00edch kandid\u00e1t\u016f. Dal\u0161\u00ed uchaze\u010d Ladislav Jakl za\u010dal lovit podpisy mezi poslanci. B\u011bhem dne ozn\u00e1mil konec sb\u011bru podpis\u016f i diplomat Ji\u0159\u00ed Karas.<\/p>\n","protected":false},"author":1,"featured_media":0,"comment_status":"open","ping_status":"open","sticky":false,"template":"","format":"standard","meta":{"ngg_post_thumbnail":0,"footnotes":""},"categories":[17,11],"tags":[],"class_list":["post-3065","post","type-post","status-publish","format-standard","hentry","category-jakl-president","category-ozvena"],"_links":{"self":[{"href":"https:\/\/www.ladislavjakl.cz\/index.php?rest_route=\/wp\/v2\/posts\/3065","targetHints":{"allow":["GET"]}}],"collection":[{"href":"https:\/\/www.ladislavjakl.cz\/index.php?rest_route=\/wp\/v2\/posts"}],"about":[{"href":"https:\/\/www.ladislavjakl.cz\/index.php?rest_route=\/wp\/v2\/types\/post"}],"author":[{"embeddable":true,"href":"https:\/\/www.ladislavjakl.cz\/index.php?rest_route=\/wp\/v2\/users\/1"}],"replies":[{"embeddable":true,"href":"https:\/\/www.ladislavjakl.cz\/index.php?rest_route=%2Fwp%2Fv2%2Fcomments&post=3065"}],"version-history":[{"count":1,"href":"https:\/\/www.ladislavjakl.cz\/index.php?rest_route=\/wp\/v2\/posts\/3065\/revisions"}],"predecessor-version":[{"id":3066,"href":"https:\/\/www.ladislavjakl.cz\/index.php?rest_route=\/wp\/v2\/posts\/3065\/revisions\/3066"}],"wp:attachment":[{"href":"https:\/\/www.ladislavjakl.cz\/index.php?rest_route=%2Fwp%2Fv2%2Fmedia&parent=3065"}],"wp:term":[{"taxonomy":"category","embeddable":true,"href":"https:\/\/www.ladislavjakl.cz\/index.php?rest_route=%2Fwp%2Fv2%2Fcategories&post=3065"},{"taxonomy":"post_tag","embeddable":true,"href":"https:\/\/www.ladislavjakl.cz\/index.php?rest_route=%2Fwp%2Fv2%2Ftags&post=3065"}],"curies":[{"name":"wp","href":"https:\/\/api.w.org\/{rel}","templated":true}]}}