{"id":3067,"date":"2012-11-05T15:36:21","date_gmt":"2012-11-05T14:36:21","guid":{"rendered":"http:\/\/www.ladislavjakl.cz\/?p=3067"},"modified":"2012-11-05T15:36:21","modified_gmt":"2012-11-05T14:36:21","slug":"za-spatne-predpovedi-do-kriminalu-tam-by-bylo-plno","status":"publish","type":"post","link":"https:\/\/www.ladislavjakl.cz\/?p=3067","title":{"rendered":"Za \u0161patn\u00e9 p\u0159edpov\u011bdi do krimin\u00e1lu? Tam by bylo plno!"},"content":{"rendered":"<p>P\u0159ed t\u00fddnem ob\u011bhla sv\u011bt zpr\u00e1va, \u017ee n\u011bkolik italsk\u00fdch  seizmolog\u016f dostalo a\u017e \u0161estilet\u00e9 tresty natvrdo za to, \u017ee nedostate\u010dn\u011b  varovali p\u0159ed bl\u00ed\u017e\u00edc\u00edm se ni\u010div\u00fdm zem\u011bt\u0159esen\u00edm. Nast\u00e1v\u00e1 doba, kdy se za  \u0161patn\u00e9 p\u0159edpov\u011bdi ponese zodpov\u011bdnost?<\/p>\n<p><!--more--><\/p>\n<div>\n<p>V\u016fbec se nec\u00edt\u00edm povol\u00e1n  hodnotit, zda trest pro neboh\u00e9 v\u011bdce nen\u00ed p\u0159ehnan\u00fd. Nev\u00edm, nakolik  podcenili varovn\u00e1 data, nev\u00edm, nakolik z\u00a0lajd\u00e1ctv\u00ed poskytli  desetitis\u00edc\u016fm lid\u00ed \u0161patn\u00e9 informace a t\u00edm zma\u0159ili \u017eivoty mnoh\u00fdch a  majetkovou \u0161kodu mnoh\u00fdch na druhou.<\/p>\n<p>Osobn\u011b se mi zd\u00e1 krimin\u00e1l pro \u0161patn\u00e9 v\u011bdce moc, ale kdov\u00ed, co m\u011bli  soudci na stole za d\u016fkazy. Jen\u017ee i kdyby to byl trest p\u0159ehnan\u00fd a  nespravedliv\u00fd, n\u011bco dobr\u00e9ho na n\u011bm mo\u017en\u00e1 je. T\u0159eba j\u00edm za\u010d\u00edn\u00e1 trend, kdy  nebude tak beztrestn\u00e9 pou\u0161t\u011bt do v\u011btru nepodlo\u017een\u00e9 p\u0159edpov\u011bdi a je\u0161t\u011b  z\u00a0toho m\u00edt profit.<\/p>\n<p>P\u0159ed v\u00edc ne\u017e \u010dty\u0159ma lety jsem na tomto m\u00edst\u011b publikoval blog (<a href=\"http:\/\/jakl.blog.idnes.cz\/c\/33378\/Delaji-si-z-nas-ti-meteorologove-srandu.html\">http:\/\/jakl.blog.idnes.cz\/c\/33378\/Delaji-si-z-nas-ti-meteorologove-srandu.html<\/a>),  ve kter\u00e9m jsem v\u011b\u0161til, \u017ee za \u0161patn\u00e9 p\u0159edpov\u011bdi budou brzo hn\u00e1ni k\u00a0soudu  meteorologov\u00e9. \u017de je p\u0159edb\u011bhnou seizmologov\u00e9, to jsem tedy netu\u0161il.<\/p>\n<p>Ale r\u016fzn\u00fdmi klamn\u00fdmi p\u0159edpov\u011b\u010fmi se to jen hem\u017e\u00ed. Nesou toti\u017e pen\u00edze.  P\u0159edpov\u011bdi o v\u00fdvoji klimatu p\u0159inesly sv\u00fdm \u0161i\u0159itel\u016fm u\u017e biliony dolar\u016f. A  to skoro bez rizika, proto\u017ee ne\u017e bude mo\u017en\u00e9 jejich predikce verifikovat  a pom\u011b\u0159it s\u00a0realitou, u\u017eij\u00ed si miliard dosyta a budou se na\u0161im potomk\u016fm  sm\u00e1t ze z\u00e1hrob\u00ed.<\/p>\n<p>Ale p\u0159edpov\u011bdi ned\u011blaj\u00ed jen klimatologov\u00e9. D\u011blaj\u00ed je hlavn\u011b politici,  kdy\u017e pot\u0159ebuj\u00ed prosadit sv\u00e9 c\u00edle, pos\u00edlit svou moc a vyt\u00e1hnou z\u00a0lid\u00ed  pen\u00edze. A tak n\u00e1m dne\u0161n\u00ed eurofanatici tvrd\u00ed, \u017ee centralizovan\u011bj\u0161\u00ed Evropa  bude v\u00edce prosperovat, \u017ee jednotn\u00e1 m\u011bna n\u00e1s povede do r\u00e1je, \u017ee  unifikace \u0159\u00edzen\u00e1 z\u00a0Bruselu pos\u00edl\u00ed m\u00edr a p\u0159ibl\u00ed\u017e\u00ed \u0161\u0165astn\u00e9 z\u00edt\u0159ky. \u0158\u00edd\u00ed se  podle hesla, \u017ee na kole se mus\u00ed \u0161lapat, jinak se spadne. A tak \u0161lapou  d\u00e1l a d\u00e1l, i kdy\u017e sv\u011btov\u00fd peloton jede \u00fapln\u011b jinudy. Ten evropsk\u00fd  multicykl ale svi\u0161t\u00ed rovnou do mal\u00e9ru, s\u00a0n\u00e1mi v\u0161emi.<\/p>\n<p>Ponesou tito v\u011b\u0161ti evropsk\u00e9ho dobra n\u011bkdy n\u011bjakou odpov\u011bdnost za sv\u00e9  l\u017eiv\u00e9 sliby a predikce? V\u011b\u0159\u00edm, \u017ee ano. Nevol\u00e1m po tom, aby n\u00e1sledovali  osud sv\u00fdch italsk\u00fdch koleg\u016f, co tvrdili, \u017ee se zem\u011b nezat\u0159ese. Vol\u00e1m po  tom, aby je soudili voli\u010di, proto\u017ee Evropsk\u00e1 unie u\u017e se ot\u0159\u00e1s\u00e1 silou  nejm\u00e9n\u011b p\u011bt stup\u0148\u016f Richterovy stupnice.<\/p>\n<p><a href=\"http:\/\/jakl.blog.idnes.cz\/c\/299457\/Za-spatne-predpovedi-do-kriminalu-Tam-by-bylo-plno.html\" target=\"_blank\">Zdroj<\/a><\/div>\n","protected":false},"excerpt":{"rendered":"<p>P\u0159ed t\u00fddnem ob\u011bhla sv\u011bt zpr\u00e1va, \u017ee n\u011bkolik italsk\u00fdch seizmolog\u016f dostalo a\u017e \u0161estilet\u00e9 tresty natvrdo za to, \u017ee nedostate\u010dn\u011b varovali p\u0159ed bl\u00ed\u017e\u00edc\u00edm se ni\u010div\u00fdm zem\u011bt\u0159esen\u00edm. Nast\u00e1v\u00e1 doba, kdy se za \u0161patn\u00e9 p\u0159edpov\u011bdi ponese zodpov\u011bdnost?<\/p>\n","protected":false},"author":1,"featured_media":0,"comment_status":"open","ping_status":"open","sticky":false,"template":"","format":"standard","meta":{"ngg_post_thumbnail":0,"footnotes":""},"categories":[1,10],"tags":[],"class_list":["post-3067","post","type-post","status-publish","format-standard","hentry","category-publikovane-clanky","category-zlehka"],"_links":{"self":[{"href":"https:\/\/www.ladislavjakl.cz\/index.php?rest_route=\/wp\/v2\/posts\/3067","targetHints":{"allow":["GET"]}}],"collection":[{"href":"https:\/\/www.ladislavjakl.cz\/index.php?rest_route=\/wp\/v2\/posts"}],"about":[{"href":"https:\/\/www.ladislavjakl.cz\/index.php?rest_route=\/wp\/v2\/types\/post"}],"author":[{"embeddable":true,"href":"https:\/\/www.ladislavjakl.cz\/index.php?rest_route=\/wp\/v2\/users\/1"}],"replies":[{"embeddable":true,"href":"https:\/\/www.ladislavjakl.cz\/index.php?rest_route=%2Fwp%2Fv2%2Fcomments&post=3067"}],"version-history":[{"count":1,"href":"https:\/\/www.ladislavjakl.cz\/index.php?rest_route=\/wp\/v2\/posts\/3067\/revisions"}],"predecessor-version":[{"id":3068,"href":"https:\/\/www.ladislavjakl.cz\/index.php?rest_route=\/wp\/v2\/posts\/3067\/revisions\/3068"}],"wp:attachment":[{"href":"https:\/\/www.ladislavjakl.cz\/index.php?rest_route=%2Fwp%2Fv2%2Fmedia&parent=3067"}],"wp:term":[{"taxonomy":"category","embeddable":true,"href":"https:\/\/www.ladislavjakl.cz\/index.php?rest_route=%2Fwp%2Fv2%2Fcategories&post=3067"},{"taxonomy":"post_tag","embeddable":true,"href":"https:\/\/www.ladislavjakl.cz\/index.php?rest_route=%2Fwp%2Fv2%2Ftags&post=3067"}],"curies":[{"name":"wp","href":"https:\/\/api.w.org\/{rel}","templated":true}]}}