{"id":3069,"date":"2012-11-05T15:37:46","date_gmt":"2012-11-05T14:37:46","guid":{"rendered":"http:\/\/www.ladislavjakl.cz\/?p=3069"},"modified":"2012-11-05T15:37:46","modified_gmt":"2012-11-05T14:37:46","slug":"z-roztomile-korespondence","status":"publish","type":"post","link":"https:\/\/www.ladislavjakl.cz\/?p=3069","title":{"rendered":"Z roztomil\u00e9 korespondence"},"content":{"rendered":"<p>From: Franti\u0161ek Val\u00edk [mailto:caiman@caiman.cz]<br \/>\nSent: Thursday, November 01, 2012 8:28 PM<br \/>\nTo: Jakl Ladislav<br \/>\nSubject: prezidentem \u010cR?<\/p>\n<p>Ale pane Jakle,<\/p>\n<p><!--more--><br \/>\nprezidentem \u010cR s odporn\u00fdm, uma\u0161t\u011bn\u00fdm cul\u00edkem? Kde jste sebral tu drzost cht\u00edt n\u00e1m ob\u010dan\u016fm hr\u00e1t otce vlasti? I kdy\u017e v \u010cesku m\u00e1me plno r\u00e1doby politik\u016f, r\u00e1dc\u016f a pr\u00e1zdn\u00fdch chytr\u00e1k\u016f. To rad\u0161i tu kart\u00e1\u0159ku, s kterou se v\u00e1m nechce sout\u011b\u017eit a budete volit sebe. Zat\u00edm nedok\u00e1\u017eete radit ani Klausovi, \u0161et\u0159ete si energii pro sebe, proto\u017ee prezidentem b\u00fdt nem\u016f\u017eete. V z\u00e1sad\u011b ani nen\u00ed pro\u010d, a za jak\u00e9 z\u00e1sluhy? \u017d\u00e1dn\u00e9 nejsou!<\/p>\n<p>M\u011bl byste se chytit za ruce s va\u0161\u00edm spolupracovn\u00edkem H\u00e1jkem, to je tak\u00e9 kousek, dokonce s hranic\u00ed EU na pozemku vlastn\u00ed chalupy. Opravdu, tu vlastn\u00ed hranici EU by nem\u011bl p\u0159ekra\u010dovat, je nebezpe\u010dn\u00fd snad v\u0161em.<\/p>\n<p>FV<\/p>\n<p>&#8212;&#8211;Original Message&#8212;&#8211;<br \/>\nFrom: Jakl Ladislav<br \/>\nSent: Friday, November 02, 2012 9:54 AM<br \/>\nTo: &#8218;caiman@caiman.cz&#8216;<br \/>\nSubject: RE: prezidentem \u010cR?<\/p>\n<p>Dobr\u00fd den.<br \/>\nD\u011bkuji za mil\u00fd dopis.<br \/>\nV\u00edte, jsou lidi, kte\u0159\u00ed to vid\u00ed jinak. \u0158\u00edk\u00e1 se tomu demokracie. Vy m\u016f\u017eete podporovat, koho chcete, jin\u00ed lid\u00e9 t\u0159eba m\u011b. Jen \u00fapln\u011b nev\u00edm, pro\u010d mus\u00edte t\u011bm jin\u00fdm nad\u00e1vat. A a\u017e mi budete ps\u00e1t dal\u0161\u00ed milostn\u00fd dopis, p\u0159ilo\u017ete, pros\u00edm, fotku sv\u00e9 u\u0161lechtil\u00e9 bytosti.<br \/>\nZdrav\u00ed<br \/>\nL. Jakl<\/p>\n","protected":false},"excerpt":{"rendered":"<p>From: Franti\u0161ek Val\u00edk [mailto:caiman@caiman.cz] Sent: Thursday, November 01, 2012 8:28 PM To: Jakl Ladislav Subject: prezidentem \u010cR? Ale pane Jakle,<\/p>\n","protected":false},"author":1,"featured_media":0,"comment_status":"open","ping_status":"open","sticky":false,"template":"","format":"standard","meta":{"ngg_post_thumbnail":0,"footnotes":""},"categories":[19],"tags":[],"class_list":["post-3069","post","type-post","status-publish","format-standard","hentry","category-jakl-leaks"],"_links":{"self":[{"href":"https:\/\/www.ladislavjakl.cz\/index.php?rest_route=\/wp\/v2\/posts\/3069","targetHints":{"allow":["GET"]}}],"collection":[{"href":"https:\/\/www.ladislavjakl.cz\/index.php?rest_route=\/wp\/v2\/posts"}],"about":[{"href":"https:\/\/www.ladislavjakl.cz\/index.php?rest_route=\/wp\/v2\/types\/post"}],"author":[{"embeddable":true,"href":"https:\/\/www.ladislavjakl.cz\/index.php?rest_route=\/wp\/v2\/users\/1"}],"replies":[{"embeddable":true,"href":"https:\/\/www.ladislavjakl.cz\/index.php?rest_route=%2Fwp%2Fv2%2Fcomments&post=3069"}],"version-history":[{"count":1,"href":"https:\/\/www.ladislavjakl.cz\/index.php?rest_route=\/wp\/v2\/posts\/3069\/revisions"}],"predecessor-version":[{"id":3070,"href":"https:\/\/www.ladislavjakl.cz\/index.php?rest_route=\/wp\/v2\/posts\/3069\/revisions\/3070"}],"wp:attachment":[{"href":"https:\/\/www.ladislavjakl.cz\/index.php?rest_route=%2Fwp%2Fv2%2Fmedia&parent=3069"}],"wp:term":[{"taxonomy":"category","embeddable":true,"href":"https:\/\/www.ladislavjakl.cz\/index.php?rest_route=%2Fwp%2Fv2%2Fcategories&post=3069"},{"taxonomy":"post_tag","embeddable":true,"href":"https:\/\/www.ladislavjakl.cz\/index.php?rest_route=%2Fwp%2Fv2%2Ftags&post=3069"}],"curies":[{"name":"wp","href":"https:\/\/api.w.org\/{rel}","templated":true}]}}