{"id":3073,"date":"2012-11-05T15:43:31","date_gmt":"2012-11-05T14:43:31","guid":{"rendered":"http:\/\/www.ladislavjakl.cz\/?p=3073"},"modified":"2012-11-05T15:43:31","modified_gmt":"2012-11-05T14:43:31","slug":"ladislav-jakl-vzkriseni-ods-si-volic-uz-nemusi-vsimnout","status":"publish","type":"post","link":"https:\/\/www.ladislavjakl.cz\/?p=3073","title":{"rendered":"Ladislav Jakl: Vzk\u0159\u00ed\u0161en\u00ed ODS si voli\u010d u\u017e nemus\u00ed v\u0161imnout"},"content":{"rendered":"<p><span style=\"font-family: arial,helvetica,sans-serif; font-size: medium;\">Jak  vn\u00edm\u00e1 \u017eurnalista a tajemn\u00edk Hradu medi\u00e1ln\u00ed kauzu Radka Johna? Co se mu  nel\u00edb\u00ed na ODS a sou\u010dasn\u00e9 vl\u00e1d\u011b? \u010cek\u00e1 n\u00e1s stejn\u00e1\u00a0 krize jako nap\u0159\u00edklad  \u0158ecko a It\u00e1lii? Stane se Ladislav Jakl jedn\u00edm z kanid\u00e1t\u016f na prezidenta?<\/span><\/p>\n<p><span style=\"font-family: arial,helvetica,sans-serif; font-size: medium;\"><!--more--><\/span><\/p>\n<p><span style=\"font-family: arial,helvetica,sans-serif; font-size: medium;\"><strong>Jak se\u00a0<span style=\"font-family: arial,helvetica,sans-serif;\"><strong>d\u00edv\u00e1te<\/strong><\/span> jako vystudovan\u00fd \u017eurnalista, ale tak\u00e9 tajemn\u00edk prezidenta V\u00e1clava Klause\u00a0 na kauzu Radek John novin\u00e1\u0159 a poslanec z\u00e1rove\u0148?<\/strong><\/span><span style=\"font-family: arial,helvetica,sans-serif; font-size: medium;\"><strong><br \/>\n<\/strong><\/span><br \/>\n<span style=\"font-family: arial,helvetica,sans-serif; font-size: medium;\"><span>J\u00e1  bych z toho takov\u00fd poplach ned\u011blal. V m\u00e9di\u00edch pracuje n\u011bkolik b\u00fdval\u00fdch  n\u00e1m\u011bstk\u016f ministr\u016f a \u010dlen\u016f veden\u00ed vl\u00e1dn\u00edch politick\u00fdch stran a nikoho to  nezaj\u00edm\u00e1. Asi proto, \u017ee t\u0159eba p\u00e1nov\u00e9 Prokop a Fendrych byli v medi\u00e1ln\u011b  obl\u00edben\u00e9 ODA. Soub\u011b\u017en\u00fd v\u00fdkon obou rol\u00ed probl\u00e9mem b\u00fdt m\u016f\u017ee, pokud to bude  vadit \u010dten\u00e1\u0159\u016fm, kte\u0159\u00ed za\u00a0Johnovou novin\u00e1\u0159skou prac\u00ed mohou c\u00edtit  politickou propagandu. To by mohlo p\u0159\u00edslu\u0161n\u00fd \u010dasopis po\u0161kodit.<\/span><\/span><span style=\"font-family: arial,helvetica,sans-serif; font-size: medium;\"><span><br \/>\n<\/span><\/span><br \/>\n<span style=\"font-family: arial,helvetica,sans-serif; font-size: medium;\"><strong>Je\u00a0 mo\u017en\u00e9, aby si John dok\u00e1zal n\u011bco takov\u00e9ho prosadit?<br \/>\n<\/strong><\/span><br \/>\n<span style=\"font-family: arial,helvetica,sans-serif; font-size: medium;\"><span>Mo\u017en\u00fdch je hodn\u011b v\u011bc\u00ed.<\/span><\/span><\/p>\n<p><span style=\"font-size: medium; font-family: arial,helvetica,sans-serif;\"><strong>Sledoval jste projevy Ne\u010dase a Topol\u00e1nka pr\u00e1v\u011b uplynul\u00e9ho kongresu ODS? Pokud ano, jak\u00fd je v\u00e1\u0161 n\u00e1zor, celkov\u00fd dojem?<\/strong><span><span> <\/span><\/span><\/span><\/p>\n<p><span style=\"color: #ff0000; font-size: medium;\"><span><span style=\"font-family: arial,helvetica,sans-serif; color: #000000;\">Tentokr\u00e1t  jsem projevy nesledoval, jen jejich zpravodajsk\u00e9 sest\u0159ihy. \u010cekal jsem,  \u017ee projevy nab\u00eddnou r\u00e1znou zm\u011bnu, obrat k lep\u0161\u00edmu. To jsem tam nena\u0161el.<\/span> <\/span><\/span><span style=\"font-family: arial,helvetica,sans-serif; font-size: medium;\"><span><br \/>\n<\/span><\/span><br \/>\n<span style=\"font-family: arial,helvetica,sans-serif; font-size: medium;\"><strong>Co \u0159\u00edk\u00e1te na znovuzvolen\u00ed Petra Ne\u010dase p\u0159edsedou ODS, resp. m\u00e1 podle v\u00e1s tato strana je\u0161t\u011b \u0161anci &#8222;vst\u00e1t z mrtv\u00fdch&#8220;?<\/strong><span><span> <\/span><\/span><\/span><br \/>\n<span style=\"font-family: arial,helvetica,sans-serif; font-size: medium;\"> <\/span><br \/>\n<span style=\"font-family: arial,helvetica,sans-serif; font-size: medium;\"><span>M\u00e1, ale voli\u010d si toho u\u017e nemus\u00ed v\u0161imnout.<\/span><\/span><\/p>\n<p><span style=\"font-family: arial,helvetica,sans-serif; font-size: medium;\"><strong>Nechyb\u00ed <\/strong><span><span> <strong><span>ODS<\/span><\/strong> <\/span><\/span><strong>v\u016fdce,  osobnost &#8211; politik, kter\u00fd by dok\u00e1zal v\u00e9st stranu s jasn\u00fdmi vizemi,  n\u00e1pln\u00ed, politik, kter\u00fd by byl nejen charismatick\u00fd organiz\u00e1tor, ale tak\u00e9  odborn\u00edk, \u010dlov\u011bk, kter\u00fd se neboj\u00ed obklopit schopn\u00fdmi lidmi?<\/strong><\/span><br \/>\n<span style=\"font-family: arial,helvetica,sans-serif; font-size: medium;\"><strong><\/strong><\/span><br \/>\n<span style=\"font-family: arial,helvetica,sans-serif; font-size: medium;\"><span><strong><\/strong><span>M\u016f\u017ee  to tak b\u00fdt. Ale ono to plat\u00ed i obr\u00e1cen\u011b. Nejen l\u00edd\u0159i utv\u00e1\u0159ej\u00ed stranu,  ale i strana plod\u00ed ur\u010dit\u00e9 l\u00eddry. Zdrav\u00e1 strana l\u00eddry zdrav\u00e9. <\/span><\/span><\/span><br \/>\n<span style=\"font-family: arial,helvetica,sans-serif; font-size: medium;\"><\/span><br \/>\n<span style=\"font-size: medium;\"><span><span style=\"font-family: Arial;\"><span><strong>Existuje podle v\u00e1s n\u011bjak\u00fd recept, aby se strana uzdravila?<\/strong><span><br \/>\n<\/span><\/span><\/span><\/span><\/span><br \/>\n<span style=\"font-size: medium;\"><span><span style=\"font-family: Arial;\"><span><span>Strana mus\u00ed konzistentn\u011b \u010derpat ze sv\u00fdch ideov\u00fdch ko\u0159en\u016f. Jinak zmutuje do podoby lobbystick\u00e9ho spolku.<\/span><\/span><\/span><\/span><\/span><\/p>\n<p><span style=\"font-family: arial,helvetica,sans-serif; font-size: medium;\"><strong>Obh\u00e1j\u00ed a prosad\u00ed tato vl\u00e1da zv\u00fd\u0161en\u00ed DPH nebo ji tento t\u00fdden \u010dek\u00e1 konec?<\/strong><span><span> <\/span><\/span><\/span><\/p>\n<p><span style=\"font-family: arial,helvetica,sans-serif; font-size: medium;\"><span>Spojov\u00e1n\u00ed tohoto z\u00e1kona s d\u016fv\u011brou vl\u00e1d\u011b od za\u010d\u00e1tku pova\u017euji za hloup\u00e9 vyd\u00edr\u00e1n\u00ed. Ne\u010das s Kalouskem na to mohou doplatit.<\/span><\/span><br \/>\n<span style=\"font-family: arial,helvetica,sans-serif; font-size: medium;\"><strong><\/strong><\/span><br \/>\n<span style=\"font-family: arial,helvetica,sans-serif; font-size: medium;\"><strong>Kdyby vl\u00e1da padla, jak byste tuto situaci \u0159e\u0161il jako prezident?<\/strong><\/span><br \/>\n<span style=\"font-family: arial,helvetica,sans-serif; font-size: medium;\"><strong><\/strong><\/span><br \/>\n<span style=\"font-family: arial,helvetica,sans-serif; font-size: medium;\"><span>Dal  bych politick\u00e9 reprezentaci ultim\u00e1tum, do kdy mus\u00ed p\u0159edlo\u017eit projekt  nov\u00e9 v\u011bt\u0161iny. A kdyby ho nesplnila, jmenoval bych vl\u00e1du svou. A bylo by  na politic\u00edch, jestli by ji nechali vl\u00e1dnout do roku 2014, nebo by se  dohodli na nov\u00fdch volb\u00e1ch.<\/span><\/span><\/p>\n<p><span style=\"font-family: arial,helvetica,sans-serif; font-size: medium;\"><strong>Vy jste jedn\u00edm z kandid\u00e1t\u016f na prezidenta.<\/strong> <strong>Z\u00edtra podpisov\u00e1 akce kon\u010d\u00ed. Jak\u00fd o\u010dek\u00e1v\u00e1te v\u00fdsledek?<\/strong><\/span><br \/>\n<span style=\"font-family: arial,helvetica,sans-serif; font-size: medium;\"><span><strong><\/strong><\/span><\/span><br \/>\n<span style=\"font-family: arial,helvetica,sans-serif; font-size: medium;\"><span><strong><\/strong><span>Ob\u00e1v\u00e1m se, \u017ee t\u011bch 50 tis\u00edc podpis\u016f nez\u00edsk\u00e1m.<\/span><\/span><\/span><span style=\"font-family: arial,helvetica,sans-serif; font-size: medium;\"><span><span><br \/>\n<\/span><\/span><\/span><br \/>\n<span style=\"font-size: medium;\"><span><span style=\"font-family: Arial;\"><span><strong>Jak\u00e1 bude tedy va\u0161e profese <\/strong><strong>po va\u0161em odchodu z Hradu?<\/strong><span><span> <\/span><\/span><\/span><\/span><\/span><\/span><br \/>\n<span style=\"font-size: medium;\"><span><span style=\"font-family: Arial;\"><\/span><\/span><\/span><br \/>\n<span style=\"font-size: medium;\"><span><span style=\"font-family: Arial;\"><span><span>S\u00e1m je\u0161t\u011b nev\u00edm. Ale mysl\u00edm, \u017ee m\u00e1m je\u0161t\u011b co \u0159\u00edct.<\/span><\/span><\/span><\/span><\/span><span style=\"font-family: arial,helvetica,sans-serif; font-size: medium;\"><span><span><br \/>\n<\/span><\/span><\/span><br \/>\n<span style=\"font-family: arial,helvetica,sans-serif; font-size: medium;\"><strong>\u0160\u00e9f sn\u011bmu N\u011bmeck\u00e9 pr\u016fmyslov\u00e9 a obchodn\u00ed komory (DIHK) Hans Heinrich Driftmann nazna\u010di, \u017ee n\u011bmeck\u00e1 kancl\u00e9\u0159ka Angela Merkelov\u00e1<a href=\"http:\/\/redir.netcentrum.cz\/?noaudit&amp;url=http%3A%2F%2Fwiki%2Eaktualne%2Ecentrum%2Ecz%2Fangela%2Dmerkelova%2F\" target=\"_blank\"> <\/a>je  finan\u010dn\u011b nedocen\u011bn\u00e1 a jej\u00ed plat by se m\u011bl zdvojn\u00e1sobit nejm\u00e9n\u011b na p\u016fl  milionu eur (zhruba 12,3 milionu K\u010d) ro\u010dn\u011b. A to ve chv\u00edli, kdy politika  soci\u00e1ln\u00edch \u0161krt\u016f\u00a0 a zvy\u0161ov\u00e1n\u00ed dan\u00ed p\u0159in\u00e1\u0161\u00ed v It\u00e1lii i v \u0158ecku \u0159adu  probl\u00e9m\u016f a osobn\u00edch trag\u00e9di\u00ed.\u00a0 Jak\u00e9 je podle v\u00e1\u0161 \u0159e\u0161en\u00ed t\u00e9to nelehk\u00e9  situace? <\/strong><\/span><\/p>\n<p><span style=\"font-family: arial,helvetica,sans-serif; font-size: medium;\"><span>V\u011bcn\u011b  m\u00e1 pravdu. Vrcholn\u00ed \u00fastavn\u00ed \u010dinitel\u00e9 berou stejn\u011b jako \u0161\u00e9fov\u00e9 st\u0159edn\u00edch  nebo i men\u0161\u00edch firem. Ale politicky pravdu nem\u00e1, je to v t\u00e9to chv\u00edli  provokace. A\u0165 si po\u010dk\u00e1 na chv\u00edle prosperity, pokud p\u0159ijdou.<\/span><\/span><\/p>\n<p><span style=\"font-size: medium;\"><span><span style=\"font-family: Arial;\"><span><strong>Co s<\/strong><strong>e mus\u00ed tedy st\u00e1t, aby prosperita p\u0159i\u0161la?<\/strong><span><span> <\/span><\/span><\/span><\/span><\/span><\/span><\/p>\n<p><span style=\"font-size: medium;\"><span><span style=\"font-family: Arial;\"><span><span>Demon\u00e1\u017e eura, uvoln\u011bn\u00ed regulac\u00ed, sn\u00ed\u017een\u00ed dan\u00ed, ze\u0161t\u00edhlen\u00ed st\u00e1tu.<\/span><\/span><\/span><\/span><\/span><\/p>\n<p><span style=\"font-family: arial,helvetica,sans-serif; font-size: medium;\"><strong>Nem\u016f\u017ee se st\u00e1t n\u011bco podobn\u00e9ho jako v \u0158ecku a It\u00e1lii tak\u00e9 u n\u00e1s?<\/strong><\/span><\/p>\n<p><span style=\"font-family: arial,helvetica,sans-serif; font-size: medium;\"><span>M\u016f\u017ee. Politick\u00e9 citlivosti u n\u00e1s mnoho nen\u00ed.<\/span><\/span><\/p>\n<p><span style=\"font-family: arial,helvetica,sans-serif; font-size: medium;\"><strong>Pokud by nastala podobn\u00e1 situace, jak by se dala \u0159e\u0161it?<\/strong><span><span> <\/span><\/span><\/span><\/p>\n<p><span style=\"font-family: arial,helvetica,sans-serif; font-size: medium;\"><span>Mysl\u00edte  krize v rozsahu \u0160pan\u011blska, It\u00e1lie nebo \u0158ecka? To u\u017e je pomoc t\u011b\u017ek\u00e1.  Takov\u00e9 situaci mus\u00edme p\u0159edej\u00edt, ne na nic bez pr\u00e1ce \u010dekat. <\/span><\/span><\/p>\n<p><span style=\"font-size: medium; font-family: arial,helvetica,sans-serif;\"><strong><span>Jak?  Vl\u00e1da nep\u016fsob\u00ed dojmem, \u017ee by cht\u011bla lidem, firm\u00e1m, podnikatel\u016fm vyj\u00edt  vst\u0159\u00edc. Naopak. V\u010dera m\u011bl zaj\u00edmav\u00fd projev Jaroslav Kubera na kongresu  ODS, kdy deleg\u00e1ty \u017e\u00e1dal, aby nechali lidi \u017e\u00edt a neust\u00e1le je neobt\u011b\u017eovali  r\u016fzn\u00fdmi vyhl\u00e1\u0161kami, p\u0159\u00edkazy, v\u00fdm\u011bnou ob\u010danek, pas\u016f, atd., kter\u00e9 stoj\u00ed  tak\u00e9 st\u00e1t v dob\u011b krize mnoho pen\u011bz. Je tedy logick\u00e9 v dob\u011b krize na  jednu stranu \u0161et\u0159it, na druhou utr\u00e1cet za nepodstatn\u00e9 v\u011bci? <\/span><\/strong><\/span><\/p>\n<p><span style=\"color: #ff0000;\"><span><span style=\"color: #0000ff; font-family: Arial; font-size: small;\"><span style=\"font-size: medium;\"><strong><\/strong><span style=\"color: #000000;\">\u0158ekl  to p\u0159esn\u011b. Jak m\u00e1 voli\u010d ch\u00e1pat ODS jako pravicovou stranu, kdy\u017e ta se  pod\u00edl\u00ed na dal\u0161\u00edm utahov\u00e1n\u00ed \u0161roub\u016f, na posilov\u00e1n\u00ed role st\u00e1tu a omezov\u00e1n\u00ed  na\u0161\u00ed svobody?<\/span><\/span><\/span><\/span><\/span><\/p>\n<p><span style=\"color: #ff0000;\"><span><span style=\"color: #0000ff; font-family: Arial; font-size: small;\"><span style=\"font-size: medium;\"><span style=\"color: #000000;\"><a href=\"http:\/\/www.viposobnosti.eu\/inpage\/ladislav-jakl-o-mediich-ods-a-vlade\/\" target=\"_blank\">Zdroj<\/a><br \/>\n<\/span><\/span><\/span><\/span><\/span><\/p>\n","protected":false},"excerpt":{"rendered":"<p>Jak vn\u00edm\u00e1 \u017eurnalista a tajemn\u00edk Hradu medi\u00e1ln\u00ed kauzu Radka Johna? Co se mu nel\u00edb\u00ed na ODS a sou\u010dasn\u00e9 vl\u00e1d\u011b? \u010cek\u00e1 n\u00e1s stejn\u00e1\u00a0 krize jako nap\u0159\u00edklad \u0158ecko a It\u00e1lii? Stane se Ladislav Jakl jedn\u00edm z kanid\u00e1t\u016f na prezidenta?<\/p>\n","protected":false},"author":1,"featured_media":0,"comment_status":"open","ping_status":"open","sticky":false,"template":"","format":"standard","meta":{"ngg_post_thumbnail":0,"footnotes":""},"categories":[17,11],"tags":[],"class_list":["post-3073","post","type-post","status-publish","format-standard","hentry","category-jakl-president","category-ozvena"],"_links":{"self":[{"href":"https:\/\/www.ladislavjakl.cz\/index.php?rest_route=\/wp\/v2\/posts\/3073","targetHints":{"allow":["GET"]}}],"collection":[{"href":"https:\/\/www.ladislavjakl.cz\/index.php?rest_route=\/wp\/v2\/posts"}],"about":[{"href":"https:\/\/www.ladislavjakl.cz\/index.php?rest_route=\/wp\/v2\/types\/post"}],"author":[{"embeddable":true,"href":"https:\/\/www.ladislavjakl.cz\/index.php?rest_route=\/wp\/v2\/users\/1"}],"replies":[{"embeddable":true,"href":"https:\/\/www.ladislavjakl.cz\/index.php?rest_route=%2Fwp%2Fv2%2Fcomments&post=3073"}],"version-history":[{"count":1,"href":"https:\/\/www.ladislavjakl.cz\/index.php?rest_route=\/wp\/v2\/posts\/3073\/revisions"}],"predecessor-version":[{"id":3074,"href":"https:\/\/www.ladislavjakl.cz\/index.php?rest_route=\/wp\/v2\/posts\/3073\/revisions\/3074"}],"wp:attachment":[{"href":"https:\/\/www.ladislavjakl.cz\/index.php?rest_route=%2Fwp%2Fv2%2Fmedia&parent=3073"}],"wp:term":[{"taxonomy":"category","embeddable":true,"href":"https:\/\/www.ladislavjakl.cz\/index.php?rest_route=%2Fwp%2Fv2%2Fcategories&post=3073"},{"taxonomy":"post_tag","embeddable":true,"href":"https:\/\/www.ladislavjakl.cz\/index.php?rest_route=%2Fwp%2Fv2%2Ftags&post=3073"}],"curies":[{"name":"wp","href":"https:\/\/api.w.org\/{rel}","templated":true}]}}