{"id":3086,"date":"2012-11-08T10:17:41","date_gmt":"2012-11-08T09:17:41","guid":{"rendered":"http:\/\/www.ladislavjakl.cz\/?p=3086"},"modified":"2012-11-08T10:17:02","modified_gmt":"2012-11-08T09:17:02","slug":"vazeni-priznivci-a-podporovatele-mili-pratele","status":"publish","type":"post","link":"https:\/\/www.ladislavjakl.cz\/?p=3086","title":{"rendered":"V\u00e1\u017een\u00ed p\u0159\u00edznivci a podporovatel\u00e9, mil\u00ed p\u0159\u00e1tel\u00e9."},"content":{"rendered":"<table border=\"0\" cellspacing=\"0\" cellpadding=\"10\" width=\"420\">\n<tbody>\n<tr>\n<td bgcolor=\"#1a6ed0\">\n<h4><span style=\"color: #FFFF80;\"><br \/>\n\tDnes vypr\u0161ela lh\u016fta pro sb\u00edr\u00e1n\u00ed podpis\u016f na podporu prezidentsk\u00e9 kandidatury. Po\u017eadovan\u00e9ho limitu pades\u00e1ti tis\u00edc podpis\u016f se mi dos\u00e1hnout nepoda\u0159ilo. Nashrom\u00e1\u017edil jsem jen n\u011bco p\u0159es polovinu tohoto po\u010dtu. Pro mne osobn\u011b z toho plyne ponau\u010den\u00ed, \u017ee jsem se sb\u011bru m\u011bl v\u011bnovat je\u0161t\u011b usilovn\u011bji.<\/p>\n<p>\tD\u011bkuji v\u00e1m v\u0161em, kte\u0159\u00ed jste mi s t\u00edmto \u00fakolem nezi\u0161tn\u011b a usilovn\u011b pom\u00e1hali. V\u00edm, \u017ee mnoh\u00e9 z v\u00e1s to st\u00e1lo po\u0159\u00e1dn\u00fd kus pr\u00e1ce a trp\u011blivosti. Nyn\u00ed n\u011bkte\u0159\u00ed mo\u017en\u00e1 c\u00edt\u00edte zklam\u00e1n\u00ed a m\u00e1te pocit, \u017ee v\u0161echna ta pr\u00e1ce byla zbyte\u010dn\u00e1.<\/p>\n<p>\tR\u00e1d bych v\u00e1s ujistil, \u017ee rozhodn\u011b zbyte\u010dn\u00e1 nebyla a \u017ee m\u011bla smysl. Ve spolupr\u00e1ci s v\u00e1mi v\u0161emi se poda\u0159ilo prosadit mnoh\u00e9 na\u0161e spole\u010dn\u00e9 my\u0161lenky do ve\u0159ejn\u00e9 debaty. Tyto my\u0161lenky u\u017e v pokra\u010duj\u00edc\u00edm st\u0159etu v r\u00e1mci p\u0159\u00edm\u00e9 prezidentsk\u00e9 volby z\u016fstanou, kandid\u00e1ti budou nuceni se s nimi konfrontovat a br\u00e1t je na z\u0159etel. A to v\u0161e se ur\u010dit\u011b zhodnot\u00ed i v bl\u00edzk\u00e9 budoucnosti.<\/p>\n<p>\tV budoucnosti v prosazov\u00e1n\u00ed na\u0161ich spole\u010dn\u00fdch idej\u00ed svobody \u010dlov\u011bka ur\u010dit\u011b hodl\u00e1m vytrvat. Rozhodn\u011b se nest\u00e1hnu do les\u016f ale budu nad\u00e1le k dispozici v na\u0161\u00ed snaze zastavit socialismus, zastavit bruselskou centralizaci a vr\u00e1tit lidem kontrolu nad sv\u00fdmi \u017eivoty.<\/p>\n<p>Ladislav Jakl<\/p>\n<p><\/span><\/h4>\n<\/td>\n<\/tr>\n<\/tbody>\n<\/table>\n","protected":false},"excerpt":{"rendered":"<p>Dnes vypr\u0161ela lh\u016fta pro sb\u00edr\u00e1n\u00ed podpis\u016f na podporu prezidentsk\u00e9 kandidatury. Po\u017eadovan\u00e9ho limitu pades\u00e1ti tis\u00edc podpis\u016f se mi dos\u00e1hnout nepoda\u0159ilo. Nashrom\u00e1\u017edil jsem jen n\u011bco p\u0159es polovinu tohoto po\u010dtu. Pro mne osobn\u011b z toho plyne ponau\u010den\u00ed, \u017ee jsem se sb\u011bru m\u011bl v\u011bnovat je\u0161t\u011b usilovn\u011bji. D\u011bkuji v\u00e1m v\u0161em, kte\u0159\u00ed jste mi s t\u00edmto \u00fakolem nezi\u0161tn\u011b a usilovn\u011b pom\u00e1hali. [&hellip;]<\/p>\n","protected":false},"author":1,"featured_media":0,"comment_status":"open","ping_status":"open","sticky":false,"template":"","format":"standard","meta":{"ngg_post_thumbnail":0,"footnotes":""},"categories":[17],"tags":[],"class_list":["post-3086","post","type-post","status-publish","format-standard","hentry","category-jakl-president"],"_links":{"self":[{"href":"https:\/\/www.ladislavjakl.cz\/index.php?rest_route=\/wp\/v2\/posts\/3086","targetHints":{"allow":["GET"]}}],"collection":[{"href":"https:\/\/www.ladislavjakl.cz\/index.php?rest_route=\/wp\/v2\/posts"}],"about":[{"href":"https:\/\/www.ladislavjakl.cz\/index.php?rest_route=\/wp\/v2\/types\/post"}],"author":[{"embeddable":true,"href":"https:\/\/www.ladislavjakl.cz\/index.php?rest_route=\/wp\/v2\/users\/1"}],"replies":[{"embeddable":true,"href":"https:\/\/www.ladislavjakl.cz\/index.php?rest_route=%2Fwp%2Fv2%2Fcomments&post=3086"}],"version-history":[{"count":9,"href":"https:\/\/www.ladislavjakl.cz\/index.php?rest_route=\/wp\/v2\/posts\/3086\/revisions"}],"predecessor-version":[{"id":3113,"href":"https:\/\/www.ladislavjakl.cz\/index.php?rest_route=\/wp\/v2\/posts\/3086\/revisions\/3113"}],"wp:attachment":[{"href":"https:\/\/www.ladislavjakl.cz\/index.php?rest_route=%2Fwp%2Fv2%2Fmedia&parent=3086"}],"wp:term":[{"taxonomy":"category","embeddable":true,"href":"https:\/\/www.ladislavjakl.cz\/index.php?rest_route=%2Fwp%2Fv2%2Fcategories&post=3086"},{"taxonomy":"post_tag","embeddable":true,"href":"https:\/\/www.ladislavjakl.cz\/index.php?rest_route=%2Fwp%2Fv2%2Ftags&post=3086"}],"curies":[{"name":"wp","href":"https:\/\/api.w.org\/{rel}","templated":true}]}}