{"id":3095,"date":"2012-11-07T13:18:41","date_gmt":"2012-11-07T12:18:41","guid":{"rendered":"http:\/\/www.ladislavjakl.cz\/?p=3095"},"modified":"2012-11-07T13:18:41","modified_gmt":"2012-11-07T12:18:41","slug":"tri-vzkazy","status":"publish","type":"post","link":"https:\/\/www.ladislavjakl.cz\/?p=3095","title":{"rendered":"T\u0159i vzkazy"},"content":{"rendered":"<p>Nesehnal jsem p\u0159edepsan\u00fd po\u010det podpis\u016f k tomu, abych se mohl z\u00fa\u010dastnit p\u0159\u00edm\u00e9 volby prezidenta republiky. Na tuto skute\u010dnost reaguje pochopiteln\u011b ka\u017ed\u00fd jinak.<\/p>\n<p><!--more-->M\u00e1m tyto t\u0159i vzkazy pro t\u0159i skupiny lid\u00ed podle toho, jak reagovali na fakt, \u017ee se pades\u00e1t tis\u00edc podpis\u016f na mou podporu nese\u0161lo:<\/p>\n<p>1.<strong> Pro lidi, kter\u00fdm je to l\u00edto,<\/strong> m\u00e1m vzkaz: zkuste se sami zamyslet nad t\u00edm, zda nemohl ka\u017ed\u00fd z v\u00e1s nasb\u00edrat o p\u00e1r podpis\u016f v\u00edc. Dr\u017eet palce \u010di b\u00fdt aktivn\u00ed na internetu nesta\u010d\u00ed, rozhoduj\u00ed z\u00edskan\u00e9 podpisy na pap\u00ed\u0159e. I v budoucnu bude v\u00fdvoj u n\u00e1s z\u00e1le\u017eet na tom, jak budete um\u011bt oslovit lidi tv\u00e1\u0159\u00ed v tv\u00e1\u0159, nejen imejlem \u010di na fejsbuku.<\/p>\n<p>2.\t<strong>Pro lidi, kte\u0159\u00ed z toho maj\u00ed radost<\/strong>, m\u00e1m vzkaz: tak to mi moc lichot\u00ed. Museli jste m\u00edt ze m\u011b asi dost nahn\u00e1no, kdy\u017e se v\u00e1m tak ulevilo z toho, \u017ee nebudu moci sout\u011b\u017eit s va\u0161\u00edm favoritem. Asi jste si nebyli moc jisti t\u00edm, \u017ee ho neohroz\u00edm. Nebo je pro v\u00e1s k nep\u0159e\u017eit\u00ed u\u017e to, \u017ee se n\u011bkdo \u00fa\u010dastn\u00ed demokratick\u00e9 sout\u011b\u017ee?<\/p>\n<p>3.\t<strong>Pro lidi, kter\u00fdm je to ukraden\u00e9,<\/strong> nem\u00e1m \u017e\u00e1dn\u00fd vzkaz, proto\u017ee by jim byl ukraden\u00fd.<\/p>\n<p>L. Jakl<\/p>\n","protected":false},"excerpt":{"rendered":"<p>Nesehnal jsem p\u0159edepsan\u00fd po\u010det podpis\u016f k tomu, abych se mohl z\u00fa\u010dastnit p\u0159\u00edm\u00e9 volby prezidenta republiky. Na tuto skute\u010dnost reaguje pochopiteln\u011b ka\u017ed\u00fd jinak.<\/p>\n","protected":false},"author":1,"featured_media":0,"comment_status":"open","ping_status":"open","sticky":false,"template":"","format":"standard","meta":{"ngg_post_thumbnail":0,"footnotes":""},"categories":[17],"tags":[],"class_list":["post-3095","post","type-post","status-publish","format-standard","hentry","category-jakl-president"],"_links":{"self":[{"href":"https:\/\/www.ladislavjakl.cz\/index.php?rest_route=\/wp\/v2\/posts\/3095","targetHints":{"allow":["GET"]}}],"collection":[{"href":"https:\/\/www.ladislavjakl.cz\/index.php?rest_route=\/wp\/v2\/posts"}],"about":[{"href":"https:\/\/www.ladislavjakl.cz\/index.php?rest_route=\/wp\/v2\/types\/post"}],"author":[{"embeddable":true,"href":"https:\/\/www.ladislavjakl.cz\/index.php?rest_route=\/wp\/v2\/users\/1"}],"replies":[{"embeddable":true,"href":"https:\/\/www.ladislavjakl.cz\/index.php?rest_route=%2Fwp%2Fv2%2Fcomments&post=3095"}],"version-history":[{"count":1,"href":"https:\/\/www.ladislavjakl.cz\/index.php?rest_route=\/wp\/v2\/posts\/3095\/revisions"}],"predecessor-version":[{"id":3096,"href":"https:\/\/www.ladislavjakl.cz\/index.php?rest_route=\/wp\/v2\/posts\/3095\/revisions\/3096"}],"wp:attachment":[{"href":"https:\/\/www.ladislavjakl.cz\/index.php?rest_route=%2Fwp%2Fv2%2Fmedia&parent=3095"}],"wp:term":[{"taxonomy":"category","embeddable":true,"href":"https:\/\/www.ladislavjakl.cz\/index.php?rest_route=%2Fwp%2Fv2%2Fcategories&post=3095"},{"taxonomy":"post_tag","embeddable":true,"href":"https:\/\/www.ladislavjakl.cz\/index.php?rest_route=%2Fwp%2Fv2%2Ftags&post=3095"}],"curies":[{"name":"wp","href":"https:\/\/api.w.org\/{rel}","templated":true}]}}