{"id":3118,"date":"2012-11-08T16:26:57","date_gmt":"2012-11-08T15:26:57","guid":{"rendered":"http:\/\/www.ladislavjakl.cz\/?p=3118"},"modified":"2012-11-08T16:26:57","modified_gmt":"2012-11-08T15:26:57","slug":"jakl-podpisy-neziskal-mel-jsem-se-sberu-venovat-usilovneji-rika","status":"publish","type":"post","link":"https:\/\/www.ladislavjakl.cz\/?p=3118","title":{"rendered":"Jakl podpisy nez\u00edskal. M\u011bl jsem se sb\u011bru v\u011bnovat usilovn\u011bji, \u0159\u00edk\u00e1"},"content":{"rendered":"<p><span> <\/span> V posledn\u00ed den se do boje o  Hrad s pot\u0159ebn\u00fdmi podpisy zapojili here\u010dka T\u00e1\u0148a Fischerov\u00e1 a sen\u00e1tor a  podnikatel Tomio Okamura. Naopak 50 tis\u00edc podpis\u016f nedok\u00e1zali sehnat  Klaus\u016fv tajemn\u00edk Ladislav Jakl nebo podnikatel Pavel Ko\u0159\u00e1n.<\/p>\n<p><!--more--><\/p>\n<div>\n<div><a href=\"http:\/\/www.lidovky.cz\/foto.asp?foto1=PTA44aeb7_Tana_Fischerova.jpg\" target=\"ifotozoom\"><img loading=\"lazy\" decoding=\"async\" src=\"http:\/\/i.lidovky.cz\/12\/073\/lnbox1\/PTA44aeb7_Tana_Fischerova.jpg\" alt=\"\" width=\"240\" height=\"137\" \/><\/a><\/div>\n<\/div>\n<p>Prezidentskou kandidaturu here\u010dky <strong>Fischerov\u00e9 <\/strong>podpo\u0159ilo p\u0159es 72.600 lid\u00ed.  Fischerov\u00e1 je po europoslankyni Zuzan\u011b Roithov\u00e9 (KDU-\u010cSL) a n\u011bkdej\u0161\u00ed  \u010dlence Evropsk\u00e9ho parlamentu Jan\u011b Bobo\u0161\u00edkov\u00e9 (SBB) t\u0159et\u00ed \u017eenou, kter\u00e1 se  o prezidentsk\u00fd \u00fa\u0159ad bude uch\u00e1zet. &#8222;Mysl\u00edm si, \u017ee p\u0159\u00edm\u00e1 volba je  osloven\u00edm ob\u010dansk\u00e9 spole\u010dnosti, aby si vybrala ze sv\u00fdch z\u00e1stupc\u016f n\u011bkoho,  kdo nen\u00ed spojen\u00fd se stranick\u00fdmi ani ekonomick\u00fdmi mocensk\u00fdmi strukturami  a m\u016f\u017ee vn\u00e9st do t\u00e9to pozice nov\u00e9 akcenty,&#8220; uvedla ji\u017e d\u0159\u00edve na dotaz, pro\u010d se rozhodla kandidovat.<\/p>\n<div>\n<div><a href=\"http:\/\/www.lidovky.cz\/foto.asp?foto1=MEV40c460_p201201100521201.jpg\" target=\"ifotozoom\"><img loading=\"lazy\" decoding=\"async\" src=\"http:\/\/i.lidovky.cz\/12\/013\/lnbox1\/MEV40c460_p201201100521201.jpg\" alt=\"\" width=\"240\" height=\"137\" \/><\/a><\/div>\n<\/div>\n<p>Podnikatel a sen\u00e1tor <strong>Okamura<\/strong> se vymezil proti hlavn\u00edm protikandid\u00e1t\u016fm, jimi\u017e jsou, jak uvedl, podle  pr\u016fzkum\u016f p\u0159edseda posledn\u00ed \u00fa\u0159ednick\u00e9 vl\u00e1dy Jan Fischer a Milo\u0161 Zeman,  kter\u00fd byl premi\u00e9rem jako \u0161\u00e9f \u010cSSD. Jeho kandidaturu podpo\u0159ilo asi 61.500  lid\u00ed. Novin\u00e1\u0159\u016fm\u00a0\u0159ekl, \u017ee jako prezident by mohl \u00fa\u010dinn\u011bji prosazovat  uz\u00e1kon\u011bn\u00ed hmotn\u00e9 a trestn\u00ed odpov\u011bdnosti pro politiky, \u00fa\u0159edn\u00edky a  p\u0159edstavitele justice, pos\u00edlen\u00ed p\u0159\u00edm\u00e9 demokracie nebo majetkov\u00e1 p\u0159izn\u00e1n\u00ed pro lidi s p\u0159\u00edjmy nad 20 milion\u016f korun.<\/p>\n<p>&#8222;Dnes vypr\u0161ela lh\u016fta pro sb\u00edr\u00e1n\u00ed podpis\u016f na podporu prezidentsk\u00e9  kandidatury. Po\u017eadovan\u00e9ho limitu pades\u00e1ti tis\u00edc podpis\u016f se mi dos\u00e1hnout  nepoda\u0159ilo. Nashrom\u00e1\u017edil jsem jen n\u011bco p\u0159es polovinu tohoto po\u010dtu,&#8220;  ozn\u00e1mil tajemn\u00edk sou\u010dasn\u00e9ho prezidenta <strong>Ladislav Jakl<\/strong> na sv\u00e9m  webu. Ani snaha naj\u00edt podporu mezi z\u00e1konod\u00e1rci mu kandidaturu nevynesla.  &#8222;Pro mne osobn\u011b z toho plyne ponau\u010den\u00ed, \u017ee jsem se sb\u011bru m\u011bl v\u011bnovat  je\u0161t\u011b usilovn\u011bji,&#8220; dod\u00e1v\u00e1 k tomu Jakl.<\/p>\n<div>\n<div><a href=\"http:\/\/www.lidovky.cz\/foto.asp?foto1=KIM470674_untitled_bmp.jpg\" target=\"ifotozoom\"><img loading=\"lazy\" decoding=\"async\" src=\"http:\/\/i.lidovky.cz\/12\/111\/lnbox1\/KIM470674_untitled_bmp.jpg\" alt=\"\" width=\"240\" height=\"137\" \/><\/a><\/div>\n<\/div>\n<p>Podpisy se nepoda\u0159ilo sehnat ani dal\u0161\u00edmu z kandid\u00e1t\u016f, <strong>Pavlu Ko\u0159\u00e1novi<\/strong>.  P\u0159esto\u017ee nen\u00ed v\u0161eobecn\u011b zn\u00e1mou osobnost\u00ed, poda\u0159ilo se mu k dne\u0161ku, kdy  lh\u016fta pro nominace kon\u010d\u00ed, nasb\u00edrat p\u0159es 43.000 podpis\u016f. Ke spln\u011bn\u00ed  limitu pro registraci mu chyb\u00ed podpora zhruba sedmi tis\u00edc lid\u00ed. Ko\u0159\u00e1n v  prohl\u00e1\u0161en\u00ed doporu\u010dil volit skute\u010dn\u011b nez\u00e1visl\u00e9 kandid\u00e1ty, &#8222;za kter\u00fdmi  nestoj\u00ed politick\u00e9 strany, sponzo\u0159i ani skryt\u00ed lobbist\u00e9&#8220;.<\/p>\n<p><a href=\"http:\/\/www.lidovky.cz\/jakl-podpisy-neziskal-na-hrad-vsak-miri-fischerova-a-okamura-plz-\/ln_domov.asp?c=A121106_102900_ln_domov_kim\" target=\"_blank\">Zdroj<\/a><\/p>\n","protected":false},"excerpt":{"rendered":"<p>V posledn\u00ed den se do boje o Hrad s pot\u0159ebn\u00fdmi podpisy zapojili here\u010dka T\u00e1\u0148a Fischerov\u00e1 a sen\u00e1tor a podnikatel Tomio Okamura. Naopak 50 tis\u00edc podpis\u016f nedok\u00e1zali sehnat Klaus\u016fv tajemn\u00edk Ladislav Jakl nebo podnikatel Pavel Ko\u0159\u00e1n.<\/p>\n","protected":false},"author":1,"featured_media":0,"comment_status":"open","ping_status":"open","sticky":false,"template":"","format":"standard","meta":{"ngg_post_thumbnail":0,"footnotes":""},"categories":[17,11],"tags":[],"class_list":["post-3118","post","type-post","status-publish","format-standard","hentry","category-jakl-president","category-ozvena"],"_links":{"self":[{"href":"https:\/\/www.ladislavjakl.cz\/index.php?rest_route=\/wp\/v2\/posts\/3118","targetHints":{"allow":["GET"]}}],"collection":[{"href":"https:\/\/www.ladislavjakl.cz\/index.php?rest_route=\/wp\/v2\/posts"}],"about":[{"href":"https:\/\/www.ladislavjakl.cz\/index.php?rest_route=\/wp\/v2\/types\/post"}],"author":[{"embeddable":true,"href":"https:\/\/www.ladislavjakl.cz\/index.php?rest_route=\/wp\/v2\/users\/1"}],"replies":[{"embeddable":true,"href":"https:\/\/www.ladislavjakl.cz\/index.php?rest_route=%2Fwp%2Fv2%2Fcomments&post=3118"}],"version-history":[{"count":1,"href":"https:\/\/www.ladislavjakl.cz\/index.php?rest_route=\/wp\/v2\/posts\/3118\/revisions"}],"predecessor-version":[{"id":3119,"href":"https:\/\/www.ladislavjakl.cz\/index.php?rest_route=\/wp\/v2\/posts\/3118\/revisions\/3119"}],"wp:attachment":[{"href":"https:\/\/www.ladislavjakl.cz\/index.php?rest_route=%2Fwp%2Fv2%2Fmedia&parent=3118"}],"wp:term":[{"taxonomy":"category","embeddable":true,"href":"https:\/\/www.ladislavjakl.cz\/index.php?rest_route=%2Fwp%2Fv2%2Fcategories&post=3118"},{"taxonomy":"post_tag","embeddable":true,"href":"https:\/\/www.ladislavjakl.cz\/index.php?rest_route=%2Fwp%2Fv2%2Ftags&post=3118"}],"curies":[{"name":"wp","href":"https:\/\/api.w.org\/{rel}","templated":true}]}}