{"id":3121,"date":"2012-11-08T16:33:16","date_gmt":"2012-11-08T15:33:16","guid":{"rendered":"http:\/\/www.ladislavjakl.cz\/?p=3121"},"modified":"2012-11-08T16:33:16","modified_gmt":"2012-11-08T15:33:16","slug":"autor-antibruselskeho-trika-se-ohlasil","status":"publish","type":"post","link":"https:\/\/www.ladislavjakl.cz\/?p=3121","title":{"rendered":"Autor antibruselsk\u00e9ho trika se ohl\u00e1sil!"},"content":{"rendered":"<p><img loading=\"lazy\" decoding=\"async\" class=\"ngg-singlepic ngg-left alignleft\" src=\"https:\/\/www.ladislavjakl.cz\/wp-content\/gallery\/eutriko\/thumbs\/thumbs_eu1.png\" alt=\"eu1\" width=\"100\" height=\"75\" \/><\/p>\n<p>V\u00e1\u017een\u00fd pane,<br \/>\nse z\u00e1jmem jsem si prohl\u00e9dl video z Va\u0161eho vystoupen\u00ed p\u0159i prezidentsk\u00e9 debat\u011b. Zvl\u00e1\u0161t\u011b mne v\u0161ak zaujala pas\u00e1\u017e, kde si odkl\u00e1d\u00e1te svrchn\u00ed \u0161at.\u00a0 Euroskeptick\u00e9 triko, ve kter\u00e9m jste se pak objevil, jsme toti\u017e p\u0159ed lety vyrobili.<\/p>\n<p><!--more-->Tu\u0161\u00edm v roce 2004. P\u0159i\u0161el \u010das, kdy je t\u0159eba t\u00e9ma lehce aktualizovat. Proto jsme p\u00e9\u010d\u00ed na\u0161eho z\u00e1vodu vyrobili u p\u0159\u00edle\u017eitosti Va\u0161\u00ed kandidatury reedici V\u00e1mi prezentovan\u00e9ho eurotrika. V p\u0159\u00edloze p\u0159ikl\u00e1d\u00e1m foto nov\u00e9 verze. Z\u00e1rove\u0148 uva\u017euji i o limitovan\u00e9 edici eroskeptick\u00fdch slip\u016f. V\u010das V\u00e1s budu informovat.<br \/>\nHezk\u00fd den<br \/>\nKarel \u010cepera<\/p>\n<p>Tisk\u00e1rna Textilu \u010cepera,<br \/>\nBrn\u011bnsk\u00e1 10,<br \/>\n691 06 Velk\u00e9 Pavlovice<br \/>\nTel. :+420 519 428 737<br \/>\nMobil:+420 602 736 254<br \/>\nMail:  karel@cepera.cz<\/p>\nngg_shortcode_0_placeholder\n","protected":false},"excerpt":{"rendered":"<p>V\u00e1\u017een\u00fd pane, se z\u00e1jmem jsem si prohl\u00e9dl video z Va\u0161eho vystoupen\u00ed p\u0159i prezidentsk\u00e9 debat\u011b. Zvl\u00e1\u0161t\u011b mne v\u0161ak zaujala pas\u00e1\u017e, kde si odkl\u00e1d\u00e1te svrchn\u00ed \u0161at.\u00a0 Euroskeptick\u00e9 triko, ve kter\u00e9m jste se pak objevil, jsme toti\u017e p\u0159ed lety vyrobili.<\/p>\n","protected":false},"author":1,"featured_media":0,"comment_status":"open","ping_status":"open","sticky":false,"template":"","format":"standard","meta":{"ngg_post_thumbnail":0,"footnotes":""},"categories":[19],"tags":[],"class_list":["post-3121","post","type-post","status-publish","format-standard","hentry","category-jakl-leaks"],"_links":{"self":[{"href":"https:\/\/www.ladislavjakl.cz\/index.php?rest_route=\/wp\/v2\/posts\/3121","targetHints":{"allow":["GET"]}}],"collection":[{"href":"https:\/\/www.ladislavjakl.cz\/index.php?rest_route=\/wp\/v2\/posts"}],"about":[{"href":"https:\/\/www.ladislavjakl.cz\/index.php?rest_route=\/wp\/v2\/types\/post"}],"author":[{"embeddable":true,"href":"https:\/\/www.ladislavjakl.cz\/index.php?rest_route=\/wp\/v2\/users\/1"}],"replies":[{"embeddable":true,"href":"https:\/\/www.ladislavjakl.cz\/index.php?rest_route=%2Fwp%2Fv2%2Fcomments&post=3121"}],"version-history":[{"count":2,"href":"https:\/\/www.ladislavjakl.cz\/index.php?rest_route=\/wp\/v2\/posts\/3121\/revisions"}],"predecessor-version":[{"id":3123,"href":"https:\/\/www.ladislavjakl.cz\/index.php?rest_route=\/wp\/v2\/posts\/3121\/revisions\/3123"}],"wp:attachment":[{"href":"https:\/\/www.ladislavjakl.cz\/index.php?rest_route=%2Fwp%2Fv2%2Fmedia&parent=3121"}],"wp:term":[{"taxonomy":"category","embeddable":true,"href":"https:\/\/www.ladislavjakl.cz\/index.php?rest_route=%2Fwp%2Fv2%2Fcategories&post=3121"},{"taxonomy":"post_tag","embeddable":true,"href":"https:\/\/www.ladislavjakl.cz\/index.php?rest_route=%2Fwp%2Fv2%2Ftags&post=3121"}],"curies":[{"name":"wp","href":"https:\/\/api.w.org\/{rel}","templated":true}]}}