{"id":3128,"date":"2012-11-08T16:36:58","date_gmt":"2012-11-08T15:36:58","guid":{"rendered":"http:\/\/www.ladislavjakl.cz\/?p=3128"},"modified":"2012-11-08T16:36:58","modified_gmt":"2012-11-08T15:36:58","slug":"podpisy-potrebne-pro-kandidaturu-na-hrad-nenasbiral-ani-jakl","status":"publish","type":"post","link":"https:\/\/www.ladislavjakl.cz\/?p=3128","title":{"rendered":"Podpisy pot\u0159ebn\u00e9 pro kandidaturu na Hrad nenasb\u00edral ani Jakl"},"content":{"rendered":"<p>Strana svobodn\u00fdch ob\u010dan\u016f nebude m\u00edt v p\u0159\u00edm\u00e9 prezidentsk\u00e9 volb\u011b sv\u00e9ho  kandid\u00e1ta. Tajemn\u00edk sou\u010dasn\u00e9ho prezidenta Ladislav Jakl nasb\u00edral pouze  polovinu z 50 tis\u00edc pot\u0159ebn\u00fdch podpis\u016f a kandidovat tak nem\u016f\u017ee.<\/p>\n<p><!--more--><\/p>\n<p>\u201eD\u011bkuji v\u00e1m v\u0161em, kte\u0159\u00ed jste mi s t\u00edmto \u00fakolem nezi\u0161tn\u011b a usilovn\u011b  pom\u00e1hali. V\u00edm, \u017ee mnoh\u00e9 z v\u00e1s to st\u00e1lo po\u0159\u00e1dn\u00fd kus pr\u00e1ce a trp\u011blivosti.  Nyn\u00ed n\u011bkte\u0159\u00ed mo\u017en\u00e1 c\u00edt\u00edte zklam\u00e1n\u00ed a m\u00e1te pocit, \u017ee v\u0161echna ta pr\u00e1ce  byla zbyte\u010dn\u00e1. R\u00e1d bych v\u00e1s ujistil, \u017ee rozhodn\u011b zbyte\u010dn\u00e1 nebyla a \u017ee  m\u011bla smysl. Ve spolupr\u00e1ci s v\u00e1mi v\u0161emi se poda\u0159ilo prosadit mnoh\u00e9 na\u0161e  spole\u010dn\u00e9 my\u0161lenky do ve\u0159ejn\u00e9 debaty. Tyto my\u0161lenky u\u017e v pokra\u010duj\u00edc\u00edm  st\u0159etu v r\u00e1mci p\u0159\u00edm\u00e9 prezidentsk\u00e9 volby z\u016fstanou, kandid\u00e1ti budou nuceni  se s nimi konfrontovat a br\u00e1t je na z\u0159etel. A to v\u0161e se ur\u010dit\u011b zhodnot\u00ed  i v bl\u00edzk\u00e9 budoucnosti,\u201c uvedl Jakl.<\/p>\n<p>Jakl d\u00e1le uvedl, \u017ee bude nad\u00e1le h\u00e1jit principy, kter\u00e9 jako prezidentsk\u00fd  kandid\u00e1t zast\u00e1val: \u201eBudu nad\u00e1le k dispozici v na\u0161\u00ed snaze zastavit  socialismus, zastavit bruselskou centralizaci a vr\u00e1tit lidem kontrolu  nad sv\u00fdmi \u017eivoty.\u201c<\/p>\n<p>Svobodn\u00ed na sv\u00e9m webu pod\u011bkovali v\u0161em, kte\u0159\u00ed se podpisy pro Jakla  pokusili nasb\u00edrat. P\u0159edseda strany Petr Mach tak\u00e9 uvedl, \u017ee podpis pod  Jaklovu kandidaturu p\u0159ipojilo i n\u011bkolik poslanc\u016f, ani to v\u0161ak nesta\u010dilo.<\/p>\n<p><a href=\"http:\/\/www.parlamentnilisty.cz\/zpravy\/Podpisy-potrebne-pro-kandidaturu-na-Hrad-nenasbiral-ani-Jakl-252622\" target=\"_blank\">Zdroj<\/a><\/p>\n","protected":false},"excerpt":{"rendered":"<p>Strana svobodn\u00fdch ob\u010dan\u016f nebude m\u00edt v p\u0159\u00edm\u00e9 prezidentsk\u00e9 volb\u011b sv\u00e9ho kandid\u00e1ta. Tajemn\u00edk sou\u010dasn\u00e9ho prezidenta Ladislav Jakl nasb\u00edral pouze polovinu z 50 tis\u00edc pot\u0159ebn\u00fdch podpis\u016f a kandidovat tak nem\u016f\u017ee.<\/p>\n","protected":false},"author":1,"featured_media":0,"comment_status":"open","ping_status":"open","sticky":false,"template":"","format":"standard","meta":{"ngg_post_thumbnail":0,"footnotes":""},"categories":[17,11],"tags":[],"class_list":["post-3128","post","type-post","status-publish","format-standard","hentry","category-jakl-president","category-ozvena"],"_links":{"self":[{"href":"https:\/\/www.ladislavjakl.cz\/index.php?rest_route=\/wp\/v2\/posts\/3128","targetHints":{"allow":["GET"]}}],"collection":[{"href":"https:\/\/www.ladislavjakl.cz\/index.php?rest_route=\/wp\/v2\/posts"}],"about":[{"href":"https:\/\/www.ladislavjakl.cz\/index.php?rest_route=\/wp\/v2\/types\/post"}],"author":[{"embeddable":true,"href":"https:\/\/www.ladislavjakl.cz\/index.php?rest_route=\/wp\/v2\/users\/1"}],"replies":[{"embeddable":true,"href":"https:\/\/www.ladislavjakl.cz\/index.php?rest_route=%2Fwp%2Fv2%2Fcomments&post=3128"}],"version-history":[{"count":1,"href":"https:\/\/www.ladislavjakl.cz\/index.php?rest_route=\/wp\/v2\/posts\/3128\/revisions"}],"predecessor-version":[{"id":3129,"href":"https:\/\/www.ladislavjakl.cz\/index.php?rest_route=\/wp\/v2\/posts\/3128\/revisions\/3129"}],"wp:attachment":[{"href":"https:\/\/www.ladislavjakl.cz\/index.php?rest_route=%2Fwp%2Fv2%2Fmedia&parent=3128"}],"wp:term":[{"taxonomy":"category","embeddable":true,"href":"https:\/\/www.ladislavjakl.cz\/index.php?rest_route=%2Fwp%2Fv2%2Fcategories&post=3128"},{"taxonomy":"post_tag","embeddable":true,"href":"https:\/\/www.ladislavjakl.cz\/index.php?rest_route=%2Fwp%2Fv2%2Ftags&post=3128"}],"curies":[{"name":"wp","href":"https:\/\/api.w.org\/{rel}","templated":true}]}}