{"id":3130,"date":"2012-11-08T16:38:58","date_gmt":"2012-11-08T15:38:58","guid":{"rendered":"http:\/\/www.ladislavjakl.cz\/?p=3130"},"modified":"2012-11-08T16:38:58","modified_gmt":"2012-11-08T15:38:58","slug":"jakl-pro-tn-cz-v-prvnim-kole-nikoho-nepodporim","status":"publish","type":"post","link":"https:\/\/www.ladislavjakl.cz\/?p=3130","title":{"rendered":"Jakl pro tn.cz: V prvn\u00edm kole nikoho nepodpo\u0159\u00edm"},"content":{"rendered":"<p>Dobry den.<br \/>\njsem david garkisch, pracuju na Nove a v TN.cz. v souvislosti s dnesni uzaverkou prihlasek &#8222;na hrad&#8220; mam pro clanek na TN.cz oslovit nektere zajimave, ale neuspesne kandidaty na prezidenta. hned jste me napadl vy. Myslite, ze muzete odpovedet na par otazek? treba:<\/p>\n<p><!--more--><strong>1, proc jste do toho sel? <\/strong><\/p>\n<p>Abych vyhr\u00e1l.<\/p>\n<p><strong> 2, jak usilovne jste podpisy shanel?<\/strong><\/p>\n<p>Jak jen jsem um\u011bl. Zejm\u00e9na posledn\u00ed m\u011bs\u00edc.<\/p>\n<p><strong> 3, kolik jich ve vysledku bylo?<\/strong><\/p>\n<p>Asi 30 tis\u00edc.<\/p>\n<p><strong>4, proc jich nebylo 50 tisic?<\/strong><\/p>\n<p>Proto\u017ee jsem se nesna\u017eil v\u00edc.<\/p>\n<p><strong> 5, co si o tehle zakonne podmince myslite?<\/strong><\/p>\n<p>\u017de n\u011bjak\u00fd pr\u00e1h b\u00fdt mus\u00ed. Ale ob\u00e1v\u00e1m se, \u017ee tento je p\u0159ekro\u010diteln\u00fd podvodn\u00fdm opisov\u00e1n\u00edm datab\u00e1z\u00ed. Mo\u017en\u00e1 by m\u00edsto podpis\u016f m\u011bla b\u00fdt povinn\u00e1 registrace p\u0159\u00edznivc\u016f.<\/p>\n<p><strong>6, nekteri kandidati se povazuji za &#8222;medialne znevyhodnene&#8220;. je to i vas pripad? <\/strong><\/p>\n<p>Pozornost m\u00e9di\u00ed si \u010dlov\u011bk mus\u00ed vybojovat. Ale n\u011bkte\u0159\u00ed si ji um\u00ed koupit.<\/p>\n<p><strong>7, koho budete podporovat ted?<\/strong><\/p>\n<p>V prvn\u00edm kole nikoho.<\/p>\n<p><strong> 8, vzkazete to i svym sympatizantum?<\/strong><\/p>\n<p>Ano.<\/p>\n<p>dekuji<\/p>\n<p>David Garkisch<br \/>\nTV NOVA \/ TN.cz<\/p>\n","protected":false},"excerpt":{"rendered":"<p>Dobry den. jsem david garkisch, pracuju na Nove a v TN.cz. v souvislosti s dnesni uzaverkou prihlasek &#8222;na hrad&#8220; mam pro clanek na TN.cz oslovit nektere zajimave, ale neuspesne kandidaty na prezidenta. hned jste me napadl vy. Myslite, ze muzete odpovedet na par otazek? treba:<\/p>\n","protected":false},"author":1,"featured_media":0,"comment_status":"open","ping_status":"open","sticky":false,"template":"","format":"standard","meta":{"ngg_post_thumbnail":0,"footnotes":""},"categories":[17,13],"tags":[],"class_list":["post-3130","post","type-post","status-publish","format-standard","hentry","category-jakl-president","category-rozhovory"],"_links":{"self":[{"href":"https:\/\/www.ladislavjakl.cz\/index.php?rest_route=\/wp\/v2\/posts\/3130","targetHints":{"allow":["GET"]}}],"collection":[{"href":"https:\/\/www.ladislavjakl.cz\/index.php?rest_route=\/wp\/v2\/posts"}],"about":[{"href":"https:\/\/www.ladislavjakl.cz\/index.php?rest_route=\/wp\/v2\/types\/post"}],"author":[{"embeddable":true,"href":"https:\/\/www.ladislavjakl.cz\/index.php?rest_route=\/wp\/v2\/users\/1"}],"replies":[{"embeddable":true,"href":"https:\/\/www.ladislavjakl.cz\/index.php?rest_route=%2Fwp%2Fv2%2Fcomments&post=3130"}],"version-history":[{"count":1,"href":"https:\/\/www.ladislavjakl.cz\/index.php?rest_route=\/wp\/v2\/posts\/3130\/revisions"}],"predecessor-version":[{"id":3131,"href":"https:\/\/www.ladislavjakl.cz\/index.php?rest_route=\/wp\/v2\/posts\/3130\/revisions\/3131"}],"wp:attachment":[{"href":"https:\/\/www.ladislavjakl.cz\/index.php?rest_route=%2Fwp%2Fv2%2Fmedia&parent=3130"}],"wp:term":[{"taxonomy":"category","embeddable":true,"href":"https:\/\/www.ladislavjakl.cz\/index.php?rest_route=%2Fwp%2Fv2%2Fcategories&post=3130"},{"taxonomy":"post_tag","embeddable":true,"href":"https:\/\/www.ladislavjakl.cz\/index.php?rest_route=%2Fwp%2Fv2%2Ftags&post=3130"}],"curies":[{"name":"wp","href":"https:\/\/api.w.org\/{rel}","templated":true}]}}