{"id":3132,"date":"2012-11-08T16:40:19","date_gmt":"2012-11-08T15:40:19","guid":{"rendered":"http:\/\/www.ladislavjakl.cz\/?p=3132"},"modified":"2012-11-08T16:40:19","modified_gmt":"2012-11-08T15:40:19","slug":"cesko-zna-vsechny-kandidaty-na-prezidenta-jakl-a-svejnar-neprosli","status":"publish","type":"post","link":"https:\/\/www.ladislavjakl.cz\/?p=3132","title":{"rendered":"\u010cesko zn\u00e1 v\u0161echny kandid\u00e1ty na prezidenta. Jakl a \u0160vejnar nepro\u0161li"},"content":{"rendered":"<p>Pot\u0159ebn\u00fd po\u010det podpis\u016f ke kandidatu\u0159e na prezidenta odevzdalo jeden\u00e1ct lid\u00ed. Nechyb\u00ed mezi nimi expremi\u00e9\u0159i Jan Fischer a Milo\u0161 Zeman \u010di ministr zahrani\u010d\u00ed Karel Schwarzenberg. Do p\u0159\u00edm\u00e9 volby naopak nezas\u00e1hnou tajemn\u00edk V\u00e1clava Klause Ladislav Jakl nebo ekonom Jan \u0160vejnar. Uchaze\u010di museli odevzdat podpisy do \u00fatern\u00edch 16 hodin.<\/p>\n<p><!--more-->Krom\u011b Zemana, Fischera a Schwarzenberga limit splnili i Vladim\u00edr Dlouh\u00fd, Jana Bobo\u0161\u00edkov\u00e1, Zuzana Roithov\u00e1, Vladim\u00edr Franz, Ji\u0159\u00ed Dienstbier, P\u0159emysl Sobotka, T\u00e1\u0148a Fischerov\u00e1 a Tomio Okamura.<\/p>\n<p>Na ministerstvo vnitra dorazilo celkem dvacet \u017e\u00e1dost\u00ed, informoval mluv\u010d\u00ed resortu Pavel Nov\u00e1k. Mezi p\u0159ihl\u00e1\u0161en\u00fdmi je nap\u0159\u00edklad Petr Cibulka, pr\u00e1vni\u010dka Kl\u00e1ra Samkov\u00e1, kter\u00e1 v\u0161ak pro iDNES.cz svou kandidaturu vyvr\u00e1tila, \u010di m\u00e9n\u011b zn\u00e1m\u00e1 jm\u00e9na Iveta Heimov\u00e1, Roman Hlad\u00edk, Anna Ka\u0161n\u00e1 \u010di Jind\u0159i\u0161ka Nazarsk\u00e1. Podle dostupn\u00fdch informac\u00ed v\u0161ak podm\u00ednky splnila jen zm\u00edn\u011bn\u00e1 jeden\u00e1ctka.<\/p>\n<p>Kandid\u00e1ti na prezidenta museli na ministerstvu vnitra do \u00fatern\u00edch 16 hodin odevzdat podpisy bu\u010f deseti sen\u00e1tor\u016f, dvaceti poslanc\u016f, nebo pades\u00e1ti tis\u00edc ob\u010dan\u016f. Ministerstvo bude ov\u011b\u0159ovat, zda jsou podpisy platn\u00e9.<\/p>\n<p>Resort ov\u011b\u0159\u00ed spr\u00e1vnost \u00fadaj\u016f na petic\u00edch na n\u00e1hodn\u011b vybran\u00e9m vzorku \u00fadaj\u016f u 8 500 ob\u010dan\u016f podepsan\u00fdch na ka\u017ed\u00e9 petici. &#8222;Zjist\u00ed-li nespr\u00e1vn\u00e9 \u00fadaje u m\u00e9n\u011b ne\u017e 3 procent podepsan\u00fdch ob\u010dan\u016f, nezapo\u010d\u00edt\u00e1 ministerstvo vnitra tyto ob\u010dany do celkov\u00e9ho po\u010dtu ob\u010dan\u016f podepsan\u00fdch na petici,&#8220; uvedla Denisa \u010cerm\u00e1kov\u00e1 z tiskov\u00e9ho odboru ministerstva.<\/p>\n<p>Pokud se najdou chyby u v\u00edc jak 3 procent lid\u00ed, provede se kontrola u dal\u0161\u00edch 8 500 podpis\u016f. Bude-li po ode\u010dten\u00ed chybn\u00fdch podpis\u016f m\u00e9n\u011b ne\u017e 50 tis\u00edc, kandid\u00e1t bude z voleb vy\u0159azen\u00fd. Rozhodnut\u00ed o registraci nebo o odm\u00edtnut\u00ed kandid\u00e1tn\u00ed listiny vyd\u00e1 ministerstvo 23. listopadu.<br \/>\nJakl z\u00edskal jen polovinu pot\u0159ebn\u00fdch podpis\u016f<\/p>\n<p>Jakl na sv\u00e9m webu uvedl, \u017ee m\u00e1 jen zhruba polovinu z pot\u0159ebn\u00fdch 50 tis\u00edc podpis\u016f. Z\u00e1rove\u0148 pod\u011bkoval sv\u00fdm p\u0159\u00edznivc\u016fm a podporovatel\u016fm, \u017ee jejich pr\u00e1ce nebyla zbyte\u010dn\u00e1.<\/p>\n<p>Klaus\u016fv tajemn\u00edk doplnil, \u017ee se nest\u00e1hne do les\u016f a \u017ee se bude nad\u00e1le stav\u011bt proti socialismu a bruselsk\u00e9 centralizaci a bude se sna\u017eit lidem vr\u00e1tit kontrolu nad jejich \u017eivoty.<\/p>\n<p>P\u0159\u00edm\u00e9 volby se ne\u00fa\u010dastn\u00ed ani ekonom Jan \u0160vejnar. &#8222;Mluvil jsem dnes s t\u00fdmem pana \u0160vejnara a tam mi sd\u011blili, \u017ee nekandiduje,&#8220; \u0159ekl v \u00fater\u00fd iDNES.cz sen\u00e1tor Ji\u0159\u00ed \u010cunek, kter\u00fd podporu zva\u017eoval. \u0160vejnar sice v z\u00e1\u0159\u00ed ozn\u00e1mil, \u017ee o prezidentsk\u00fd post usilovat nebude, ale p\u0159ed n\u011bkolika dny se nechal p\u0159emluvit (v\u00edce \u010dt\u011bte zde).<\/p>\n<p>Boj o prezidentsk\u00fd post u\u017e d\u0159\u00edve vzdal p\u0159edseda D\u011blnick\u00e9 strany soci\u00e1ln\u00ed spravedlnosti Tom\u00e1\u0161 Vandas \u010di velvyslanec v B\u011blorusku a lidoveck\u00fd exposlanec Ji\u0159\u00ed Karas. Neusp\u011bla nap\u0159\u00edklad ani advok\u00e1tka Kl\u00e1ra Samkov\u00e1.<\/p>\n<p>Prvn\u00ed kolo prezidentsk\u00fdch voleb se uskute\u010dn\u00ed 11. a 12. ledna 2013, druh\u00e9 kolo o dva t\u00fddny pozd\u011bji.<\/p>\n<p><a href=\"http:\/\/zpravy.idnes.cz\/jakl-nebude-kandidat-na-prezidenta-d5f-\/domaci.aspx?c=A120131_125323_domaci_jj\" target=\"_blank\">Zdroj<\/a><\/p>\n","protected":false},"excerpt":{"rendered":"<p>Pot\u0159ebn\u00fd po\u010det podpis\u016f ke kandidatu\u0159e na prezidenta odevzdalo jeden\u00e1ct lid\u00ed. Nechyb\u00ed mezi nimi expremi\u00e9\u0159i Jan Fischer a Milo\u0161 Zeman \u010di ministr zahrani\u010d\u00ed Karel Schwarzenberg. Do p\u0159\u00edm\u00e9 volby naopak nezas\u00e1hnou tajemn\u00edk V\u00e1clava Klause Ladislav Jakl nebo ekonom Jan \u0160vejnar. Uchaze\u010di museli odevzdat podpisy do \u00fatern\u00edch 16 hodin.<\/p>\n","protected":false},"author":1,"featured_media":0,"comment_status":"open","ping_status":"open","sticky":false,"template":"","format":"standard","meta":{"ngg_post_thumbnail":0,"footnotes":""},"categories":[17,11],"tags":[],"class_list":["post-3132","post","type-post","status-publish","format-standard","hentry","category-jakl-president","category-ozvena"],"_links":{"self":[{"href":"https:\/\/www.ladislavjakl.cz\/index.php?rest_route=\/wp\/v2\/posts\/3132","targetHints":{"allow":["GET"]}}],"collection":[{"href":"https:\/\/www.ladislavjakl.cz\/index.php?rest_route=\/wp\/v2\/posts"}],"about":[{"href":"https:\/\/www.ladislavjakl.cz\/index.php?rest_route=\/wp\/v2\/types\/post"}],"author":[{"embeddable":true,"href":"https:\/\/www.ladislavjakl.cz\/index.php?rest_route=\/wp\/v2\/users\/1"}],"replies":[{"embeddable":true,"href":"https:\/\/www.ladislavjakl.cz\/index.php?rest_route=%2Fwp%2Fv2%2Fcomments&post=3132"}],"version-history":[{"count":1,"href":"https:\/\/www.ladislavjakl.cz\/index.php?rest_route=\/wp\/v2\/posts\/3132\/revisions"}],"predecessor-version":[{"id":3133,"href":"https:\/\/www.ladislavjakl.cz\/index.php?rest_route=\/wp\/v2\/posts\/3132\/revisions\/3133"}],"wp:attachment":[{"href":"https:\/\/www.ladislavjakl.cz\/index.php?rest_route=%2Fwp%2Fv2%2Fmedia&parent=3132"}],"wp:term":[{"taxonomy":"category","embeddable":true,"href":"https:\/\/www.ladislavjakl.cz\/index.php?rest_route=%2Fwp%2Fv2%2Fcategories&post=3132"},{"taxonomy":"post_tag","embeddable":true,"href":"https:\/\/www.ladislavjakl.cz\/index.php?rest_route=%2Fwp%2Fv2%2Ftags&post=3132"}],"curies":[{"name":"wp","href":"https:\/\/api.w.org\/{rel}","templated":true}]}}