{"id":3135,"date":"2012-11-12T10:33:40","date_gmt":"2012-11-12T09:33:40","guid":{"rendered":"http:\/\/www.ladislavjakl.cz\/?p=3135"},"modified":"2012-11-12T10:39:52","modified_gmt":"2012-11-12T09:39:52","slug":"na-hrad-chce-osmnact-lidi-potrebne-podpisy-jich-ziskalo-jedenact","status":"publish","type":"post","link":"https:\/\/www.ladislavjakl.cz\/?p=3135","title":{"rendered":"Na Hrad chce osmn\u00e1ct lid\u00ed, pot\u0159ebn\u00e9 podpisy jich z\u00edskalo jeden\u00e1ct"},"content":{"rendered":"<p>Do prvn\u00ed p\u0159\u00edm\u00e9 volby \u010desk\u00e9ho prezidenta se p\u0159ihl\u00e1silo nejm\u00e9n\u011b 18  kandid\u00e1t\u016f. Ozn\u00e1milo to ministerstvo vnitra. Pot\u0159ebn\u00fd po\u010det podpis\u016f od  ob\u010dan\u016f, poslanc\u016f nebo sen\u00e1tor\u016f m\u00e1 ale podle dosavadn\u00edch informac\u00ed z\u0159ejm\u011b  jen 11 z nich. Lh\u016fta pro p\u0159edkl\u00e1d\u00e1n\u00ed p\u0159ihl\u00e1\u0161ek skon\u010dila dnes v  odpoledne. Pot\u0159ebn\u00e9 nominace nez\u00edskal nap\u0159\u00edklad prezident\u016fv tajemn\u00edk  Ladislav Jakl nebo Jan \u0160vejnar.<\/p>\n<p><!--more--><\/p>\n<p>Milo\u0161 Zeman a Jan Fischer do prezidentsk\u00e9 volby vstupuj\u00ed podle pr\u016fzkum\u016f jako favorit\u00e9. Internetov\u00fdm favoritem je Vladim\u00edr Franz. Jejich hlavn\u00edmi konkurenty je pak m\u00edstop\u0159edseda a sen\u00e1tor \u010cSSD Ji\u0159\u00ed Dienstbier nebo podnikatel a sen\u00e1tor Tomio Okamura.<\/p>\n<p>Jak si vedli s podpisy:<br \/>\nJm\u00e9no\u00a0\u00a0\u00a0\u00a0\u00a0\u00a0\u00a0\u00a0\u00a0\u00a0\u00a0\u00a0\u00a0\u00a0\u00a0\u00a0\u00a0\u00a0\u00a0\u00a0\u00a0\u00a0\u00a0\u00a0\u00a0\u00a0\tz\u00edskan\u00e9 podpisy ob\u010dan\u016f\u00a0\u00a0\u00a0\u00a0\u00a0\u00a0\u00a0\u00a0\u00a0\u00a0\tregistrace<\/p>\n<p>1. MILO\u0160 ZEMAN\u00a0\u00a0\u00a0\u00a0\u00a0\u00a0\u00a0\u00a0\u00a0\u00a0\u00a0\u00a0\u00a0\u00a0\u00a0\u00a0\u00a0\u00a0\u00a0\u00a0\t105 000\u00a0\u00a0\u00a0\u00a0\u00a0\u00a0\u00a0\u00a0\u00a0\u00a0\u00a0\u00a0\u00a0\u00a0\u00a0\u00a0\u00a0\u00a0\u00a0\u00a0\u00a0\u00a0\u00a0\u00a0\u00a0\u00a0\u00a0\u00a0\u00a0\u00a0 ano<br \/>\n2. JAN FISCHER\u00a0\u00a0\u00a0\u00a0\u00a0\u00a0\u00a0\u00a0\u00a0\u00a0\u00a0\u00a0\u00a0\u00a0\u00a0\u00a0\u00a0\u00a0\u00a0\u00a0\u00a0\u00a0\t101 000 \u00a0 \u00a0 \u00a0 \u00a0 \u00a0 \u00a0 \u00a0 \u00a0 \u00a0 \u00a0 \u00a0 \u00a0 \u00a0 \u00a0 \u00a0 ano<br \/>\n3. VLADIM\u00cdR FRANZ\u00a0\u00a0\u00a0\u00a0\u00a0\u00a0\u00a0\u00a0\u00a0\u00a0\u00a0\u00a0\u00a0\u00a0\u00a0\u00a0\u00a0\u00a0\t88 388\u00a0\u00a0\u00a0\u00a0\u00a0\u00a0\u00a0\u00a0\u00a0\u00a0\u00a0\u00a0\u00a0\u00a0\u00a0\u00a0\u00a0\u00a0\u00a0\u00a0\u00a0\u00a0\u00a0\u00a0\u00a0\u00a0 \u00a0 \u00a0\tano<br \/>\n4. ZUZANA ROITHOV\u00c1\u00a0\u00a0\u00a0\u00a0\u00a0\u00a0\u00a0\u00a0\u00a0\u00a0\u00a0\u00a0\u00a0\u00a0\t81 894\u00a0\u00a0\u00a0\u00a0\u00a0\u00a0\u00a0\u00a0\u00a0\u00a0\u00a0\u00a0\u00a0\u00a0\u00a0\u00a0\u00a0\u00a0\u00a0\u00a0\u00a0\u00a0\u00a0\u00a0\u00a0\u00a0\u00a0\u00a0\u00a0\u00a0\u00a0\tano<br \/>\n5. T\u00c1\u0147A FISCHEROV\u00c1 \u00a0 \u00a0\u00a0\u00a0\u00a0\u00a0\u00a0\u00a0\u00a0\u00a0\u00a0\u00a0\u00a0\t72 610\u00a0\u00a0\u00a0\u00a0\u00a0\u00a0\u00a0\u00a0\u00a0\u00a0\u00a0\u00a0\u00a0\u00a0\u00a0\u00a0\u00a0\u00a0\u00a0\u00a0\u00a0\u00a0\u00a0\u00a0\u00a0\u00a0\u00a0\u00a0\u00a0\u00a0\u00a0 \tano<br \/>\n6. TOMIO OKAMURA\u00a0\u00a0\u00a0\u00a0\u00a0\u00a0\u00a0\u00a0\u00a0\u00a0\u00a0\u00a0\u00a0\u00a0\u00a0\u00a0 61 500\u00a0\u00a0\u00a0\u00a0\u00a0\u00a0\u00a0\u00a0\u00a0\u00a0\u00a0\u00a0\u00a0\u00a0\u00a0\u00a0\u00a0\u00a0\u00a0\u00a0\u00a0\u00a0\u00a0\u00a0\u00a0\u00a0\u00a0\u00a0\u00a0\u00a0\u00a0\tano<br \/>\n7. VLADIM\u00cdR DLOUH\u00dd \u00a0 \u00a0\u00a0\u00a0\u00a0\u00a0\u00a0\u00a0\u00a0\u00a0\u00a0\u00a0\u00a0 60 000\u00a0\u00a0\u00a0\u00a0\u00a0\u00a0\u00a0\u00a0\u00a0\u00a0\u00a0\u00a0\u00a0\u00a0\u00a0\u00a0\u00a0\u00a0\u00a0\u00a0\u00a0\u00a0\u00a0\u00a0\u00a0\u00a0\u00a0\u00a0\u00a0 \u00a0\tano<br \/>\n8. JANA BOBO\u0160\u00cdKOV\u00c1\u00a0\u00a0\u00a0\u00a0\u00a0\u00a0\u00a0\u00a0\u00a0\u00a0\u00a0\u00a0\u00a0\u00a0\t55 000\u00a0\u00a0\u00a0\u00a0\u00a0\u00a0\u00a0\u00a0\u00a0\u00a0\u00a0\u00a0\u00a0\u00a0\u00a0\u00a0\u00a0\u00a0\u00a0\u00a0\u00a0\u00a0\u00a0\u00a0\u00a0\u00a0\u00a0\u00a0\u00a0\u00a0\u00a0\tano<br \/>\n9. JI\u0158\u00cd DIENSTBIER\u00a0\u00a0\u00a0\u00a0\u00a0\u00a0\u00a0\u00a0\u00a0\u00a0\u00a0\u00a0\u00a0\u00a0\u00a0\u00a0\u00a0\u00a0\u00a0 55 000\u00a0\u00a0\u00a0\u00a0\u00a0\u00a0\u00a0\u00a0\u00a0\u00a0\u00a0\u00a0\u00a0\u00a0\u00a0\u00a0\u00a0\u00a0\u00a0\u00a0\u00a0\u00a0\u00a0\u00a0 \u00a0 \u00a0 \u00a0\tano<\/p>\n<p>Jm\u00e9no\u00a0\u00a0\u00a0\u00a0\u00a0\u00a0\u00a0\u00a0\u00a0\u00a0\u00a0\u00a0\u00a0\u00a0\u00a0\u00a0\u00a0\u00a0\u00a0\u00a0\u00a0\u00a0\u00a0\u00a0\u00a0 z\u00edskan\u00e9 podpisy politik\u016f\u00a0\u00a0\u00a0\u00a0\u00a0\u00a0\u00a0\u00a0\u00a0\u00a0\u00a0\u00a0\u00a0\u00a0\u00a0\u00a0\u00a0\u00a0\u00a0\u00a0\u00a0\u00a0\u00a0\u00a0\tregistrace<\/p>\n<p>KAREL SCHWARZENBERG\u00a0\u00a0\u00a0\u00a0\u00a0\u00a0\u00a0\u00a0\t41 poslanc\u016f TOP 09 a Starost\u016f\u00a0\u00a0\u00a0\u00a0\u00a0\u00a0\u00a0\u00a0\tano<br \/>\nP\u0158EMYSL SOBOTKA\u00a0\u00a0\u00a0\u00a0\u00a0\u00a0\u00a0\u00a0\u00a0\u00a0\u00a0\u00a0\u00a0\u00a0\u00a0\u00a0\u00a0\u00a0\u00a0\u00a0\u00a0\t51 poslanc\u016f a 23 sen\u00e1tor\u016f\u00a0\u00a0\u00a0\u00a0\u00a0\u00a0\u00a0\u00a0\u00a0\u00a0\u00a0\u00a0 ano<\/p>\n<p>Do dosud zn\u00e1m\u00e9ho seznamu ofici\u00e1ln\u00edch kandid\u00e1t\u016f p\u0159ibyli b\u00fdval\u00fd disident Petr Cibulka a advok\u00e1tka Kl\u00e1ra Samkov\u00e1 (TOP 09), kte\u0159\u00ed nominovali sami sebe. Podobn\u011b jako p\u011bt dal\u0161\u00edch \u0159adov\u00fdch ob\u010dan\u016f. Denisa \u010cerm\u00e1kov\u00e1 z ministerstva vnitra uvedla, \u017ee dal\u0161\u00ed dv\u011b nominace byly dod\u00e1ny do s\u00eddla ministerstva na Letn\u00e9, zat\u00edmco p\u0159ihl\u00e1\u0161ky se p\u0159ij\u00edmaly v budov\u011b v Praze na Pankr\u00e1ci. Nyn\u00ed se podle n\u00ed zji\u0161\u0165uje, o koho jde &#8211; zda to jsou nov\u00e9 \u017e\u00e1dosti, nebo t\u0159eba jen dopln\u011bn\u00ed sou\u010dasn\u00fdch.<\/p>\n<p>Ze t\u0159\u00ed des\u00edtek uchaze\u010d\u016f se naopak do volebn\u00edho kl\u00e1n\u00ed nezapoj\u00ed ekonom Jan \u0160vejnar, prezident\u016fv tajemn\u00edk Ladislav Jakl, p\u0159edseda krajn\u011b pravicov\u00e9 D\u011blnick\u00e9 strany soci\u00e1ln\u00ed spravedlnosti Tom\u00e1\u0161 Vandas nebo b\u00fdval\u00fd \u0159editel civiln\u00ed rozv\u011bdky Karel Rand\u00e1k. Nez\u00edskali dostate\u010dnou podporu deseti sen\u00e1tor\u016f, 20 poslanc\u016f nebo 50 000 \u0159adov\u00fdch voli\u010d\u016f.<\/p>\n<p><a href=\"http:\/\/zpravy.e15.cz\/domaci\/politika\/na-hrad-chce-osmnact-lidi-potrebne-podpisy-jich-ziskalo-jedenact-929914\" target=\"_blank\">Zdroj<\/a><\/p>\n","protected":false},"excerpt":{"rendered":"<p>Do prvn\u00ed p\u0159\u00edm\u00e9 volby \u010desk\u00e9ho prezidenta se p\u0159ihl\u00e1silo nejm\u00e9n\u011b 18 kandid\u00e1t\u016f. Ozn\u00e1milo to ministerstvo vnitra. Pot\u0159ebn\u00fd po\u010det podpis\u016f od ob\u010dan\u016f, poslanc\u016f nebo sen\u00e1tor\u016f m\u00e1 ale podle dosavadn\u00edch informac\u00ed z\u0159ejm\u011b jen 11 z nich. Lh\u016fta pro p\u0159edkl\u00e1d\u00e1n\u00ed p\u0159ihl\u00e1\u0161ek skon\u010dila dnes v odpoledne. Pot\u0159ebn\u00e9 nominace nez\u00edskal nap\u0159\u00edklad prezident\u016fv tajemn\u00edk Ladislav Jakl nebo Jan \u0160vejnar.<\/p>\n","protected":false},"author":1,"featured_media":0,"comment_status":"open","ping_status":"open","sticky":false,"template":"","format":"standard","meta":{"ngg_post_thumbnail":0,"footnotes":""},"categories":[17,11],"tags":[],"class_list":["post-3135","post","type-post","status-publish","format-standard","hentry","category-jakl-president","category-ozvena"],"_links":{"self":[{"href":"https:\/\/www.ladislavjakl.cz\/index.php?rest_route=\/wp\/v2\/posts\/3135","targetHints":{"allow":["GET"]}}],"collection":[{"href":"https:\/\/www.ladislavjakl.cz\/index.php?rest_route=\/wp\/v2\/posts"}],"about":[{"href":"https:\/\/www.ladislavjakl.cz\/index.php?rest_route=\/wp\/v2\/types\/post"}],"author":[{"embeddable":true,"href":"https:\/\/www.ladislavjakl.cz\/index.php?rest_route=\/wp\/v2\/users\/1"}],"replies":[{"embeddable":true,"href":"https:\/\/www.ladislavjakl.cz\/index.php?rest_route=%2Fwp%2Fv2%2Fcomments&post=3135"}],"version-history":[{"count":20,"href":"https:\/\/www.ladislavjakl.cz\/index.php?rest_route=\/wp\/v2\/posts\/3135\/revisions"}],"predecessor-version":[{"id":3155,"href":"https:\/\/www.ladislavjakl.cz\/index.php?rest_route=\/wp\/v2\/posts\/3135\/revisions\/3155"}],"wp:attachment":[{"href":"https:\/\/www.ladislavjakl.cz\/index.php?rest_route=%2Fwp%2Fv2%2Fmedia&parent=3135"}],"wp:term":[{"taxonomy":"category","embeddable":true,"href":"https:\/\/www.ladislavjakl.cz\/index.php?rest_route=%2Fwp%2Fv2%2Fcategories&post=3135"},{"taxonomy":"post_tag","embeddable":true,"href":"https:\/\/www.ladislavjakl.cz\/index.php?rest_route=%2Fwp%2Fv2%2Ftags&post=3135"}],"curies":[{"name":"wp","href":"https:\/\/api.w.org\/{rel}","templated":true}]}}