{"id":315,"date":"2010-04-19T12:28:14","date_gmt":"2010-04-19T11:28:14","guid":{"rendered":"http:\/\/www.ladislavjakl.cz\/?p=315"},"modified":"2010-04-19T12:28:14","modified_gmt":"2010-04-19T11:28:14","slug":"je-treba-ceskou-televizi-a-cesky-rozhlas-zrusit","status":"publish","type":"post","link":"https:\/\/www.ladislavjakl.cz\/?p=315","title":{"rendered":"Je t\u0159eba \u010ceskou televizi a \u010cesk\u00fd rozhlas zru\u0161it"},"content":{"rendered":"<p><strong>Rozhovor Ladislava Jakla,\u00a0 pro Parlamentn\u00edListy.cz. T\u00e9mata: ve\u0159ejnopr\u00e1vn\u00ed m\u00e9dia, summit Obama Medved\u011bv a kv\u011btnov\u00e9 volby.<\/strong><\/p>\n<p><strong><!--more-->P\u0159ed t\u00fddnem \u010cR hostila dva nejmocn\u011bj\u0161\u00ed mu\u017ee sv\u011bta. Po skon\u010den\u00ed  americko-rusk\u00e9 sch\u016fzky prezident Klaus prohl\u00e1sil, \u017ee v\u00fdznam podepsan\u00e9  smlouvy je v\u011bt\u0161\u00ed, ne\u017e si p\u0159edt\u00edm myslel. On ji p\u0159edt\u00edm podce\u0148oval?<\/strong><\/p>\n<p>Obsah smlouvy dojedn\u00e1valy stovky expert\u016f do posledn\u00edch okam\u017eik\u016f. Mn\u011b  nep\u0159\u00edslu\u0161\u00ed ji hodnotit, ostatn\u011b jsem ji ne\u010detl, a\u017e na p\u00e1r z\u00e1kladn\u00edch  bod\u016f. Ani j\u00e1 si ale nemysl\u00edm, \u017ee by jej\u00ed obsah byl z\u00e1sadn\u00edm pr\u016flomem.  Jde o kvantitativn\u011b vylep\u0161en\u00e9 prodlou\u017een\u00ed dosavadn\u00ed dohody START, jej\u00ed\u017e  platnost vypr\u0161ela loni 5. prosince.<\/p>\n<p>Podstatn\u00e1 je celkov\u00e1 atmosf\u00e9ra kolem toho sjedn\u00e1v\u00e1n\u00ed, klima vztah\u016f t\u011bch  dvou zem\u00ed. Um\u011bly se dohodnout ve lh\u016ft\u011b, kterou si p\u0159edsevzaly. T\u00edm  signalizuj\u00ed sv\u011btu, \u017ee jeden z\u00a0nejv\u011bt\u0161\u00edch zdroj\u016f sv\u011btov\u00e9ho nap\u011bt\u00ed za  posledn\u00edch 60 let u\u017e nen\u00ed ohro\u017een\u00edm planety, \u017ee vztahy mezi nimi jsou  konstruktivn\u00ed. V\u00a0tom je t\u0159eba hledat j\u00e1dro v\u00fdznamu t\u00e9 akce \u00a0pro cel\u00fd  sv\u011bt.<\/p>\n<p>Prezident Klaus sv\u00fdm nejbli\u017e\u0161\u00edm spolupracovn\u00edk\u016fm popisoval setk\u00e1n\u00ed  s\u00a0dv\u011bma prezidenty: \u201eOni si fakt d\u016fv\u011b\u0159uj\u00ed, v\u00edc, ne\u017e jsem myslel. Mluv\u00ed  spolu up\u0159\u00edmn\u011b a v\u00e1\u017en\u011b o v\u011bcech, kter\u00e9 by si t\u0159eba ani \u0159\u00edkat nemuseli,  mohli by na sebe hr\u00e1t pokerface&#8230;&#8220;<\/p>\n<p><strong>O \u010dem t\u0159eba konkr\u00e9tn\u011b&#8230;?<\/strong><\/p>\n<p>Nap\u0159. o Ir\u00e1nu. Bylo prost\u011b vid\u011bt, \u017ee maj\u00ed v\u016fli se d\u011blit o zku\u0161enosti a  postoje, cht\u011bj\u00ed spolupracovat. V\u00a0tomhle smyslu to pro sv\u011bt m\u00e1 v\u00fdznam.<\/p>\n<p>Riziko nespo\u010d\u00edv\u00e1 v\u00a0po\u010dtu zbran\u00ed, to nen\u00ed takhle jednoduch\u00e9. Sv\u011btu ale  dali najevo, \u017ee maj\u00ed spole\u010dnou v\u016fli komunikovat a na n\u011b\u010dem se dohodnout.  \u017de jsou ochotni spolupracovat i na spoust\u011b jin\u00fdch slo\u017eit\u00fdch glob\u00e1ln\u00edch  probl\u00e9m\u016f, nepoh\u00e1daj\u00ed se o mali\u010dkosti. A to nejen ti dva nejvy\u0161\u0161\u00ed  p\u0159edstavitel\u00e9, ale i jejich po\u010detn\u00e9 t\u00fdmy. To je pro sv\u011bt dobr\u00e1 zpr\u00e1va.<\/p>\n<p><strong>Jak byste popsal na\u0161i roli p\u0159i tomhle setk\u00e1n\u00ed? Kdo vlastn\u011b  p\u0159i\u0161el s\u00a0t\u00edm, \u017ee to bude pr\u00e1v\u011b u n\u00e1s? Jak tyhle p\u0159\u00edpravy funguj\u00ed?<\/strong><\/p>\n<p>Tyhle informace vyn\u00e1\u0161et nemohu. Faktem ov\u0161em je, \u017ee i sv\u011btov\u00e9 metropole,  jako t\u0159eba Pa\u0159\u00ed\u017e a dal\u0161\u00ed, by si pova\u017eovaly za obrovskou \u010dest, kdyby  n\u011bco takov\u00e9ho bylo pr\u00e1v\u011b u nich. Sk\u0159\u00edp\u011bn\u00ed zub\u016f z\u00a0n\u011bkter\u00fdch m\u00edst bylo  sly\u0161et a\u017e do Prahy. Sta\u010d\u00ed \u010d\u00edst noviny, jak mnoz\u00ed nedok\u00e1zali skousnout,  \u017ee zem\u011b, kterou n\u011bkte\u0159\u00ed \u201evelc\u00ed&#8220; Evropan\u00e9 maj\u00ed ve zvyku p\u0159ehl\u00ed\u017eet, je  st\u0159edobodem tak v\u00fdznamn\u00e9 ud\u00e1losti. Proto pova\u017euji za\u00a0 nem\u00edstn\u00e9, \u017ee tady  po\u0159\u00e1d n\u011bkte\u0159\u00ed lid\u00e9 maj\u00ed pot\u0159ebu to umen\u0161ovat, degradovat na\u0161i roli na  \u010d\u00ed\u0161n\u00edky a sebemrska\u010dsky n\u00e1s p\u0159ed sv\u011btem poni\u017eovat.<\/p>\n<p>Um\u00edm si p\u0159edstavit, \u017ee kdyby se tohle u n\u00e1s ud\u00e1lo p\u0159ed 10 lety, byla by  z\u00a0toho obrovsk\u00e1 medi\u00e1ln\u00ed oslava, jak je to d\u00edky \u00fa\u017easn\u00e9mu magnetismu  na\u0161eho skv\u011bl\u00e9ho prezidenta, \u017ee se mu t\u00edmto klan\u00ed cel\u00fd sv\u011bt&#8230; Osobn\u011b  jsem ale r\u00e1d, \u017ee takov\u00e9 medi\u00e1ln\u00ed t\u0159e\u0161t\u011bn\u00ed kolem toho nebylo. Nestali  jsme se st\u0159edem vesm\u00edru, ale rozhodn\u011b jsme dali najevo, \u017ee jsme dobr\u00e1,  spo\u0159\u00e1dan\u00e1, stabilizovan\u00e1 zem\u011b, kter\u00e1 um\u00ed n\u011bco takov\u00e9ho uspo\u0159\u00e1dat a  logisticky zajistit b\u011bhem pouh\u00fdch dvou t\u00fddn\u016f.<\/p>\n<p>Nepochybn\u011b to pozitivn\u011b ovlivn\u00ed rozvoj kongresov\u00e9 turistiky u n\u00e1s.  Samoz\u0159ejm\u011b to byl i jist\u00fd sign\u00e1l o na\u0161\u00ed politick\u00e9 roli, \u017ee nejsme \u00fapln\u011b  bezv\u00fdznamn\u00fdm hr\u00e1\u010dem. Sou\u010dasn\u011b bych to ani nep\u0159ece\u0148oval, p\u0159ipome\u0148me nap\u0159.  podpis smlouvy Reagana s\u00a0Gorba\u010dovem v\u00a0Rejkjav\u00edku, po n\u011bm\u017e se ani  z\u00a0Islandu nestal st\u0159ed vesm\u00edru. Ka\u017edop\u00e1dn\u011b reklama to byla skv\u011bl\u00e1, n\u00e1zev  na\u0161\u00ed republiky byl sklo\u0148ov\u00e1n po cel\u00e9m sv\u011bt\u011b ve v\u00fdznamn\u00e9 a pozitivn\u00ed  souvislosti.<\/p>\n<p><strong>Jak to vlastn\u011b bylo s\u00a0pozv\u00e1n\u00edm ex-prezidenta Havla?<\/strong><\/p>\n<p>Pana prezidenta Havla zveme na mnoho jin\u00fdch akc\u00ed z\u00a0dobr\u00e9 v\u016fle, a nikoliv  z\u00a0d\u016fvodu protokolu \u010di zvyklost\u00ed. Nechci to nijak zvl\u00e1\u0161\u0165 omlouvat,  ur\u010dit\u011b by bylo lep\u0161\u00ed, kdyby b\u00fdval pozv\u00e1n byl&#8230; Jsou pro to r\u016fzn\u00e1  vysv\u011btlen\u00ed, j\u00e1 jim v\u011b\u0159\u00edm.<\/p>\n<p><strong>Spekuluje se o tom, \u017ee byla jist\u00e1 obava z jeho kritick\u00fdch n\u00e1zor\u016f  na Rusko, \u017ee by mohl t\u0159eba n\u011bco nevhodn\u011b \u0159\u00edct&#8230;?<\/strong><\/p>\n<p>To ne, takov\u00e9 obavy nikdo nem\u011bl. Stejn\u011b by k\u00a0tomu ani nem\u011bl p\u0159\u00edle\u017eitost.  \u017de mu neode\u0161la pozv\u00e1nka, na to je v\u00edce d\u016fvod\u016f a lid\u00e9, kte\u0159\u00ed to m\u011bli na  starosti, to vysv\u011btluj\u00ed docela srozumiteln\u011b. P\u0159esto si mysl\u00edm, \u017ee pozv\u00e1n  b\u00fdt m\u011bl.<\/p>\n<p><strong>A jak to tedy vysv\u011btluj\u00ed? Zdravotn\u00edmi d\u016fvody? \u017de kr\u00e1tce p\u0159edt\u00edm  kv\u016fli nim zru\u0161il i setk\u00e1n\u00ed s princem Charlesem?<\/strong><\/p>\n<p>Ano a nedalo se moc dlouho \u010dekat na p\u0159\u00edpadn\u00e9 vyj\u00e1d\u0159en\u00ed, proto\u017ee kv\u00f3ta  p\u0159id\u011blen\u00fdch m\u00edst byla striktn\u00ed a bylo nutno je nab\u00eddnout dal\u0161\u00edm \u00fastavn\u00edm  \u010dinitel\u016fm. Nedalo se jim \u0159\u00edct \u201epo\u010dkejte, a\u017e jak se uvid\u00ed&#8220;. Zl\u00e9 \u00famysly  zcela vylu\u010duji, takov\u00e1 akce by n\u00e1s rozhodn\u011b po\u0161kodila!<\/p>\n<p><strong>Pro\u010d si mysl\u00edte, \u017ee tu svou st\u00ed\u017enost Havel poslal do m\u00e9di\u00ed p\u0159es  sv\u00e9ho mluv\u010d\u00edho \u0160pa\u010dka, a to a\u017e po skon\u010den\u00ed akce? Pro\u010d se\u00a0t\u0159eba  nep\u0159ipomn\u011bl v\u010das p\u0159edem?<\/strong><\/p>\n<p>Proto\u017ee ne\u00fa\u010dast se stala t\u00e9matem a\u017e pot\u00e9. P\u0159ed akc\u00ed by n\u011bjak\u00e9 st\u011b\u017eov\u00e1n\u00ed  vypadalo \u0161kemrav\u011b. Jakmile ov\u0161em nastala popt\u00e1vka po t\u011bchto t\u00e9matech,  jakmile se t\u00e9matem pozv\u00e1n\u00ed \u010di nepozv\u00e1n\u00ed za\u010dala hr\u00e1t politick\u00e1 hra, tak  najednou byla i nab\u00eddka t\u011bchto v\u011bt.<\/p>\n<p><strong>Za m\u011bs\u00edc n\u00e1s \u010dekaj\u00ed d\u016fle\u017eit\u00e9 volby. Nej\u010derstv\u011bj\u0161\u00ed pr\u016fzkumy  nahr\u00e1vaj\u00ed levici. Co tomu \u0159\u00edk\u00e1te?<\/strong><\/p>\n<p>Ten n\u011bkolikalet\u00fd p\u0159\u00edklon k\u00a0levici m\u00e1 n\u011bkolik d\u016fvod\u016f. P\u0159edev\u0161\u00edm levice  te\u010f nevl\u00e1dla a v\u00a0o\u010d\u00edch ve\u0159ejnosti nen\u00ed zodpov\u011bdn\u00e1 za sou\u010dasn\u00e9 d\u011bn\u00ed.<\/p>\n<p>Dal\u0161\u00edm d\u016fvodem je hospod\u00e1\u0159sk\u00e1 krize, lidi se maj\u00ed h\u016f\u0159 a mysl\u00ed si, \u017ee  levice jim um\u00ed l\u00e9pe rozd\u011blit pen\u00edze. U n\u00e1s je p\u0159\u00ed\u010dina krize pouze jedna:  \u0161patn\u011b se da\u0159\u00ed na\u0161im soused\u016fm, kte\u0159\u00ed od n\u00e1s\u00a0 kupovali na\u0161e zbo\u017e\u00ed a te\u010f  kupuj\u00ed m\u00e9n\u011b. N\u00e1\u0161 finan\u010dn\u00ed sektor \u017e\u00e1dnou kriz\u00ed v\u016fbec dot\u010den nebyl a u\u017e  ani nebude. P\u0159\u00ed\u010dina je tedy vn\u011bj\u0161\u00ed a nelze z\u00a0n\u00ed vinit kohokoli na  dom\u00e1c\u00edm politick\u00e9m h\u0159i\u0161ti. Ale politika spravedliv\u00e1 nen\u00ed a jinak to b\u00fdt  ani nem\u016f\u017ee.<\/p>\n<p>T\u0159et\u00edm d\u016fvodem je b\u00eddn\u00fd stav prav\u00e9 \u010d\u00e1sti politick\u00e9ho spektra, kter\u00e1 je  pro sv\u00e9 voli\u010de st\u00e1le m\u00e9n\u011b v\u011brohodn\u00e1. Tito lid\u00e9 neut\u00edkaj\u00ed k\u00a0levici, ale  volit nejdou v\u016fbec. Poprv\u00e9 se objevil nov\u00fd fenom\u00e9n: zat\u00edmco d\u0159\u00edv se  voli\u010dsk\u00e1 podpora dala p\u0159irovnat k\u00a0cibuli &#8211; od p\u0159esv\u011bd\u010den\u00e9ho j\u00e1dra p\u0159es  chladn\u011bj\u0161\u00ed vrstvy a\u017e ke slupce, p\u0159i\u010dem\u017e nejd\u0159\u00edve na podporu stran\u011b  rezignuj\u00ed slupky a samotn\u00e9 j\u00e1dro a\u017e na z\u00e1v\u011br, tak u pravice do\u0161lo  k\u00a0fat\u00e1ln\u00edmu zasa\u017een\u00ed pr\u00e1v\u011b voli\u010dsk\u00e9ho j\u00e1dra. To se nejv\u00edce c\u00edtilo  ohro\u017eeno ve sv\u00fdch b\u011b\u017en\u00fdch voli\u010dsk\u00fdch z\u00e1jmech. Z\u0159ejm\u011b jde o krizi  z\u00e1sadn\u011bj\u0161\u00ed a dlouhodob\u011bj\u0161\u00ed a nejde jen o jedny volby.<\/p>\n<p><strong>Jak se podle v\u00e1s ODS vypo\u0159\u00e1dala s\u00a0Mirkem Topol\u00e1nkem? On to  nazval \u201epopravou&#8220;. Je Petr Ne\u010das dobr\u00fd l\u00eddr?<\/strong><\/p>\n<p>Pro m\u011b coby voli\u010de ta zm\u011bna dostate\u010dn\u00e1 nen\u00ed. Krize v\u00a0ODS se prohlubovala  n\u011bkolik let, ne t\u00fddn\u016f. Pro ur\u010dit\u00fd okruh voli\u010d\u016f jsou ale dne\u0161n\u00ed zm\u011bny  pozitivn\u00edm sign\u00e1lem, sly\u0161\u00edm to i ve sv\u00e9m okol\u00ed. Ti v\u011brn\u00ed, kte\u0159\u00ed u\u017e  posledn\u011b volili ODS se sk\u0159\u00edp\u011bn\u00edm zub\u016f a te\u010f u\u017e v\u00edce necht\u011bli, tak po  \u201eNe\u010dasovsk\u00e9 zm\u011bn\u011b&#8220; \u0159\u00edkaj\u00ed \u201eNo, je\u0161t\u011b jednou to zkus\u00edm&#8220;. Takov\u00fdch m\u016f\u017ee  b\u00fdt je\u0161t\u011b docela dost. Ov\u0161em, tento typ lid\u00ed je\u0161t\u011b n\u011bkdo m\u016f\u017ee stihnout  do voleb na\u0161tvat.<\/p>\n<p><strong>Ve\u0159ejnost je u\u017e znechucen\u00e1 t\u00edm, jak politick\u00e1 sc\u00e9na zhrubla.  Sta\u010dilo by ale opravdu vym\u011bnit u \u010cSSD Paroubka, kdy\u017e u\u017e v\u00a0ODS nen\u00ed  Topol\u00e1nek, s\u00a0kter\u00fdm se po\u0159\u00e1d h\u00e1dali jako na trhu?<\/strong><\/p>\n<p>J\u00e1 bych se p\u00e1n\u016f Topol\u00e1nka a Paroubka cht\u011bl v\u00a0tomhle ohledu zastat&#8230;<\/p>\n<p><strong>Co pros\u00edm? To m\u011b tedy p\u0159ekvapujete&#8230;<\/strong><\/p>\n<p>To ch\u00e1pu, ale \u0159\u00edci to mus\u00edm. Oni toti\u017e do zna\u010dn\u00e9 m\u00edry poslouchali  spole\u010denskou popt\u00e1vku. Lidi \u010dasto nevol\u00ed toho, kdo jim nejv\u00edc imponuje,  ale toho, kdo um\u00ed nejl\u00edp nad\u00e1vat na toho, koho nesn\u00e1\u0161ej\u00ed. Politici dob\u0159e  vn\u00edmaj\u00ed, co u lid\u00ed zabere, a proto se tak chovaj\u00ed, nezbl\u00e1znili se.  Kdyby to n\u00e1rod necht\u011bl, tak by to prost\u011b ned\u011blali.<\/p>\n<p><strong>Svou roli asi tak\u00e9 hraje ur\u010dit\u00e9 zjednodu\u0161en\u00ed &#8211; lidi necht\u011bj\u00ed  nebo nemaj\u00ed \u010das studovat mnohostr\u00e1nkov\u00e9 programy, \u017ee?<\/strong><\/p>\n<p>To tak\u00e9, ale j\u00e1 t\u00edm chci hlavn\u011b \u0159\u00edct, \u017ee negativn\u00ed motivace je siln\u011bj\u0161\u00ed,  ne\u017e pozitivn\u00ed. Nikdy v\u00a0\u017eivot\u011b nebudete tak rychle ut\u00edkat n\u011bkam, kde  rozd\u00e1vaj\u00ed miliony, jako kdy\u017e v\u00e1m jde o \u017eivot a \u017eene se za v\u00e1mi t\u0159eba  rozl\u00edcen\u00e1 \u0161elma! Strach a obavy, to je nejsiln\u011bj\u0161\u00ed motivace.<\/p>\n<p><strong>Lidem se \u010dasto l\u00edb\u00ed t\u0159eba program mal\u00e9 strany, jen\u017ee se  boj\u00ed\u00a0propadu sv\u00e9ho hlasu, a tak tam nakonec stejn\u011b hod\u00ed ODS nebo \u010cSSD&#8230;<\/strong><\/p>\n<p>Ano, \u010d\u00e1st voli\u010d\u016f uva\u017euje takticky, a je to \u0161patn\u011b. Takov\u00e9 kalkulace  p\u0159ekresluj\u00ed politickou mapu. Lid\u00e9 hlasuj\u00ed pod vlivem m\u00e9di\u00ed a pr\u016fzkum\u016f.  Jednou z\u00a0funkc\u00ed voleb je ale poskytovat obraz reality. A \u010d\u00edm v\u00edc budou  lidi taktizovat, t\u00edm v\u00fdsledek bude zkreslen\u011bj\u0161\u00ed, ale v\u00a0jejich vlastn\u00ed  neprosp\u011bch. Lidi by se na to m\u011bli vyka\u0161lat a volit podle sv\u00e9ho srdce.<\/p>\n<p><strong>Kdy\u017e u\u017e jsme u t\u011bch m\u00e9di\u00ed &#8211; v\u00e1\u0161 hradn\u00ed kolega Petr H\u00e1jek  kritizoval \u010ceskou televizi, \u017ee d\u00e1v\u00e1 p\u0159\u00edli\u0161 prostor ex-prezidentu Havlovi  a po\u0159ad\u016fm o n\u011bm (v\u00edce viz nap\u0159. \u010dl\u00e1nek <a href=\"http:\/\/www.parlamentnilisty.cz\/parlament\/163225.aspx\"><span style=\"color: #993300;\">ZDE<\/span><\/a>). Sd\u00edl\u00edte tento n\u00e1zor?<\/strong><\/p>\n<p><span style=\"text-decoration: underline;\">Tak\u00e9 \u010dt\u011bte:<br \/>\n<\/span><a href=\"http:\/\/www.parlamentnilisty.cz\/parlament\/163112.aspx\"><span style=\"color: #993300;\"><strong>H\u00e1jek se op\u0159el do \u010cT a Moravce,  Jane\u010dek ho pozval k sob\u011b<\/strong><\/span><\/a><br \/>\n<a href=\"http:\/\/www.parlamentnilisty.cz\/parlament\/163193.aspx\"><strong><span style=\"color: #993300;\">H\u00e1jek p\u0159itvrdil: Moravec m\u00e1 v r\u00e1mci \u010cT  sv\u016fj priv\u00e1tn\u00ed kan\u00e1l<\/span><\/strong><\/a><\/p>\n<p>Jsem absolventem \u017eurnalistiky a p\u016fvodn\u00edm povol\u00e1n\u00edm novin\u00e1\u0159. Proto m\u016f\u017eu  s\u00a0plnou zodpov\u011bdnost\u00ed \u0159\u00edct, \u017ee novin\u00e1\u0159 nen\u00ed norm\u00e1ln\u00ed \u010dlov\u011bk. Ve zv\u00fd\u0161en\u00e9  m\u00ed\u0159e se u novin\u00e1\u0159\u016f vyskytuje ur\u010dit\u00fd typ mesianismu: cht\u011bj\u00ed l\u00e9\u010dit sv\u011bt,  vnutit mu sv\u00e9 p\u0159edstavy. \u017durnalistika p\u0159itahuje tento typ lid\u00ed v\u0161ude na  sv\u011bt\u011b. Ozna\u010dil bych je za levicov\u00e9 liber\u00e1ly, takov\u00fd ten m\u011bstsk\u00fd  kav\u00e1rensk\u00fd typ elit\u00e1\u0159sk\u00fdch mudrlant\u016f. Ne\u0159\u00edk\u00e1m, \u017ee to plat\u00ed pro v\u0161echny,  jen se ten typ v\u00a0novina\u0159in\u011b vyskytuje mnohon\u00e1sobn\u011b v\u00edcekr\u00e1t ne\u017e v\u00a0b\u011b\u017en\u00e9  populaci.<\/p>\n<p>V norm\u00e1ln\u00edm m\u00e9diu takov\u00fd novin\u00e1\u0159 tvrd\u011b naraz\u00ed na realitu. Nem\u016f\u017ee lidi  vychov\u00e1vat, proto\u017ee oni to necht\u011bj\u00ed a novin\u00e1\u0159 by tak po\u0161kozoval sv\u00e9  m\u00e9dium, jeho sledovanost \u010di \u010dtenost. Ka\u017ed\u00e9 m\u00e9dium, kter\u00e9 je z\u00e1visl\u00e9 na  sv\u00fdch \u010dten\u00e1\u0159\u00edch, div\u00e1c\u00edch \u010di poslucha\u010d\u00edch, mus\u00ed tenhle zdivo\u010del\u00fd  mesianismus korigovat.<\/p>\n<p>Jen\u017ee st\u00e1tn\u00ed m\u00e9dia, kter\u00fdm se eufemisticky \u0159\u00edk\u00e1 \u201em\u00e9dia ve\u0159ejn\u00e9 slu\u017eby&#8220;,  nepot\u0159ebuj\u00ed zp\u011btnou vazbu, maj\u00ed pen\u00edze, z\u00edsk\u00e1van\u00e9 od poplatn\u00edk\u016f n\u00e1sil\u00edm.  Tam prostor pro p\u0159esv\u011bd\u010dov\u00e1n\u00ed nem\u00e1 hranice a kdo chce manipulovat,  pr\u00e1v\u011b tam nen\u00ed ni\u010d\u00edm a nijak korigov\u00e1n. Proto z\u00a0povahy v\u011bci, syst\u00e9mov\u011b,  tato m\u00e9dia v\u017edy budou t\u00edhnout k\u00a0levicov\u011b liber\u00e1ln\u00ed manipulaci.<\/p>\n<p>Kdyby existovaly noviny nez\u00e1visl\u00e9 na tom, zda si je n\u011bkdo koup\u00ed, a kter\u00e9  by dost\u00e1valy pen\u00edze povinn\u011b od da\u0148ov\u00fdch poplatn\u00edk\u016f, tak by se tam hned  jak vosy na med nakupily ur\u010dit\u00e9 typy novin\u00e1\u0159sk\u00fdch existenc\u00ed, kter\u00e9  necht\u011bj\u00ed slou\u017eit sv\u00fdm \u010dten\u00e1\u0159\u016fm, ale manipulovat je. Existuj\u00ed \u010dasopisy,  kter\u00e9 vlastn\u00ed a dotuj\u00ed politi\u010dt\u00ed aktivist\u00e9 nebo podnikatel\u00e9, a tak\u00e9 je  na nich zn\u00e1t, \u017ee se mohou na n\u00e1zory \u010dten\u00e1\u0159\u016f vyka\u0161lat, proto\u017ee maj\u00ed  pen\u00edze odjinud&#8230; Ale to je jev okrajov\u00fd. U rozsahu a televize je to  dominantn\u00ed &#8211; kv\u016fli existenci \u010cesk\u00e9ho rozhlasu a \u010cesk\u00e9 televize.<\/p>\n<p>Je absurdn\u00ed si myslet, \u017ee n\u011bjak\u00fdm korektivem je Rada volen\u00e1 parlamentem.  M\u011bla by sice reprezentovat z\u00e1jmy ve\u0159ejnosti, to ale nikdy ned\u011bl\u00e1,  v\u00a0tomto smyslu je zcela bezzub\u00e1. Novin\u00e1\u0159, kter\u00fd chce o sv\u00e9 pravd\u011b  p\u0159esv\u011bd\u010dovat a manipulovat ve\u0159ejnost, ten m\u00e1 ve st\u00e1tn\u00edch m\u00e9di\u00edch  nekone\u010dn\u00fd prostor bez hranic. Jinde mu to nedovol\u00ed. Proto je \u010cT  neobjektivn\u00ed a vyhran\u011bn\u011b levicov\u011b liber\u00e1ln\u00ed. Proto je i m\u00e9diem  havlistick\u00fdm, nam\u00ed\u0159en\u00fdm proti V\u00e1clavu Klausovi, kter\u00e9ho bu\u010f ignoruje &#8211;  programov\u011b, rafinovan\u011b a dlouhodob\u011b, anebo na n\u011bj \u00fato\u010d\u00ed. A nejen na n\u011bj,  ale na v\u0161echny konzervativn\u00ed autority.<\/p>\n<p>Je t\u0159eba \u010ceskou televizi a \u010cesk\u00fd rozhlas zru\u0161it. Neexistuje \u017e\u00e1dn\u00fd jin\u00fd  zp\u016fsob, jak uveden\u00fdm tendenc\u00edm zabr\u00e1nit.<\/p>\n<p><strong>Znamen\u00e1 to, \u017ee Hrad u\u017e v\u00a0tomhle ohledu n\u011bco chyst\u00e1?<\/strong><\/p>\n<p>Te\u010f ale v\u016fbec nemluv\u00edm za Hrad! Tohle \u0159\u00edk\u00e1m u\u017e 20 let. Prezident ani  nem\u00e1 z\u00e1konod\u00e1rnou iniciativu. Velmi ale lituji, \u017ee pravicov\u00e1 \u010d\u00e1st  spektra toto t\u00e9ma v\u016fbec ne\u0159e\u0161\u00ed a d\u00e1l trp\u00ed existenci st\u00e1tn\u00edch m\u00e9di\u00ed.<\/p>\n<p><strong>P\u0159ed n\u00e1mi je v\u00edkend se st\u00e1tn\u00edm smutkem. Pro v\u00e1s m\u00e1 polsk\u00e1  trag\u00e9die i hodn\u011b osobn\u00ed rozm\u011br, vi\u010fte?<\/strong><\/p>\n<p>Ano, maminka je Polka, m\u00e1m k\u00a0Polsku bl\u00edzko. Proto tak\u00e9 v\u00edm, \u017ee Pol\u00e1ci  maj\u00ed \u00fapln\u011b jin\u00fd vztah ke sv\u00fdm elit\u00e1m, pova\u017euj\u00ed je doslova za svoje a  maj\u00ed pocit, \u017ee jim te\u010f n\u011bkdo vzal jejich nejlep\u0161\u00ed. Maj\u00ed pozitivn\u00ed vztah  sami k sob\u011b, a tedy i ke sv\u00fdm p\u0159edstavitel\u016fm, sv\u00e9 zemi a jej\u00edm symbol\u016fm.  Pro\u017e\u00edvaj\u00ed to hluboce a osobn\u011b, v\u00a0m\u00ed\u0159e, jakou si cynick\u00fd \u010cech v\u016fbec  nedok\u00e1\u017ee p\u0159edstavit.<\/p>\n<p>Mnoho t\u011bch lid\u00ed v\u00a0letadle jsem nav\u00edc osobn\u011b dob\u0159e znal, v\u010detn\u011b  prezidentsk\u00e9ho p\u00e1ru. Pana prezidenta Kaczynsk\u00e9ho si hluboce v\u00e1\u017e\u00edm, byl  n\u00e1m velmi bl\u00edzk\u00fd, na evropsk\u00e9m poli h\u00e1jil hodnoty, kter\u00fdm v\u011b\u0159\u00edm. P\u0159eji  Pol\u00e1k\u016fm, aby se z\u00a0t\u00e9 obrovsk\u00e9 ztr\u00e1ty vzpamatovali co nejd\u0159\u00edve. N\u00e1m v\u0161em  pak p\u0159eju pou\u010den\u00ed, \u017ee n\u011bkdy v\u00a0zajet\u00ed kr\u00e1tkodech\u00fdch her n\u00e1s m\u016f\u017ee z\u00a0jin\u00e9ho  sv\u011bta zasko\u010dit n\u011bco tak ohromn\u00e9ho, d\u011bsiv\u00e9ho.<\/p>\n<p><strong>Vy m\u00e1te pr\u00e1v\u011b v sobotu ve\u010der m\u00edt koncert se svou rockovou  kapelou Folimanka Blues. Budete hr\u00e1t?<\/strong><\/p>\n<p>Hodn\u011b jsme to s\u00a0kapelou \u0159e\u0161ili a nakonec jsme se rozhodli hr\u00e1t. Hr\u00e1li  jsme t\u0159eba i v\u00a0den poh\u0159bu na\u0161eho nejlep\u0161\u00edho kamar\u00e1da. Je fakt, \u017ee 14.  z\u00e1\u0159\u00ed 2001 jsme po atent\u00e1tu na Dvoj\u010data v\u00a0New Yorku koncert zru\u0161ili,  s\u00a0na\u0161imi fanou\u0161ky si dali pivo a pov\u00eddali si.<\/p>\n<p>V\u00a0sobotu ale p\u0159ijdeme mezi sv\u00e9 lidi, odehrajeme, jak um\u00edme, a z\u00e1rove\u0148  \u0159ekneme, \u017ee n\u00e1m to v\u0161e nen\u00ed jedno. D\u00e1me tak srozumiteln\u011bj\u0161\u00ed sd\u011blen\u00ed, ne\u017e  kdybychom to zru\u0161ili. Ale samoz\u0159ejm\u011b je na ka\u017ed\u00e9m, jak uchop\u00ed sv\u016fj  vztah k\u00a0t\u00e9 hrozn\u00e9 trag\u00e9dii.<\/p>\n","protected":false},"excerpt":{"rendered":"<p>Rozhovor Ladislava Jakla,\u00a0 pro Parlamentn\u00edListy.cz. T\u00e9mata: ve\u0159ejnopr\u00e1vn\u00ed m\u00e9dia, summit Obama Medved\u011bv a kv\u011btnov\u00e9 volby.<\/p>\n","protected":false},"author":1,"featured_media":0,"comment_status":"open","ping_status":"open","sticky":false,"template":"","format":"standard","meta":{"ngg_post_thumbnail":0,"footnotes":""},"categories":[1],"tags":[],"class_list":["post-315","post","type-post","status-publish","format-standard","hentry","category-publikovane-clanky"],"_links":{"self":[{"href":"https:\/\/www.ladislavjakl.cz\/index.php?rest_route=\/wp\/v2\/posts\/315","targetHints":{"allow":["GET"]}}],"collection":[{"href":"https:\/\/www.ladislavjakl.cz\/index.php?rest_route=\/wp\/v2\/posts"}],"about":[{"href":"https:\/\/www.ladislavjakl.cz\/index.php?rest_route=\/wp\/v2\/types\/post"}],"author":[{"embeddable":true,"href":"https:\/\/www.ladislavjakl.cz\/index.php?rest_route=\/wp\/v2\/users\/1"}],"replies":[{"embeddable":true,"href":"https:\/\/www.ladislavjakl.cz\/index.php?rest_route=%2Fwp%2Fv2%2Fcomments&post=315"}],"version-history":[{"count":2,"href":"https:\/\/www.ladislavjakl.cz\/index.php?rest_route=\/wp\/v2\/posts\/315\/revisions"}],"predecessor-version":[{"id":317,"href":"https:\/\/www.ladislavjakl.cz\/index.php?rest_route=\/wp\/v2\/posts\/315\/revisions\/317"}],"wp:attachment":[{"href":"https:\/\/www.ladislavjakl.cz\/index.php?rest_route=%2Fwp%2Fv2%2Fmedia&parent=315"}],"wp:term":[{"taxonomy":"category","embeddable":true,"href":"https:\/\/www.ladislavjakl.cz\/index.php?rest_route=%2Fwp%2Fv2%2Fcategories&post=315"},{"taxonomy":"post_tag","embeddable":true,"href":"https:\/\/www.ladislavjakl.cz\/index.php?rest_route=%2Fwp%2Fv2%2Ftags&post=315"}],"curies":[{"name":"wp","href":"https:\/\/api.w.org\/{rel}","templated":true}]}}