{"id":3167,"date":"2012-11-15T15:41:17","date_gmt":"2012-11-15T14:41:17","guid":{"rendered":"http:\/\/www.ladislavjakl.cz\/?p=3167"},"modified":"2012-11-15T15:41:17","modified_gmt":"2012-11-15T14:41:17","slug":"sobotka-havel-a-fusekle","status":"publish","type":"post","link":"https:\/\/www.ladislavjakl.cz\/?p=3167","title":{"rendered":"Sobotka, Havel a fusekle"},"content":{"rendered":"<p>Narazil jsem dnes v\u00a0novin\u00e1ch na rozhovor pana Sobotky. Ne\u010detl jsem ho cel\u00fd, jen upout\u00e1vku na prvn\u00ed stran\u011b, ve kter\u00e9m je z\u00a0rozhovoru vyp\u00edchnuto, \u017ee Sobotka po v\u00edt\u011bzstv\u00ed Milo\u0161e Zemana v\u00a0prezidentsk\u00fdch volb\u00e1ch o\u010dek\u00e1v\u00e1 jeho dal\u0161\u00ed Opozi\u010dn\u00ed smlouvu s\u00a0V\u00e1clavem Klausem.<\/p>\n<p><!--more-->Tak nev\u00edm. Opozi\u010dn\u00ed smlouva v\u00a0roce 1998 byla potvrzen\u00edm v\u00edt\u011bze voleb v\u00a0\u010dele vl\u00e1dy. Tedy t\u00edm, co dnes po\u017eaduje pan Posp\u00ed\u0161il v\u00a0Plze\u0148sk\u00e9m kraji, nebo co cht\u011bl pan T\u016fma p\u0159ed dv\u011bma lety na pra\u017esk\u00e9 radnici. Tak\u017ee Sobotka o\u010dek\u00e1v\u00e1, \u017ee Zeman s\u00a0Klausem instaluj\u00ed v\u00edt\u011bze posledn\u00edch sn\u011bmovn\u00edch voleb pana Paroubka v\u00a0\u010dele vl\u00e1dy? A jak by to ud\u011blali, kdy\u017e ani jeden nem\u00e1 sv\u00e9 arm\u00e1dy ve Sn\u011bmovn\u011b?<\/p>\n<p>Ale mo\u017en\u00e1 m\u00e1 Sobotka jinou definici Opozi\u010dn\u00ed smlouvy. Mo\u017en\u00e1 je to podle n\u011bj cokoli, na \u010dem se dohodnou Klaus se Zemanem. Ale pro\u010d se tedy tak nenaz\u00fdv\u00e1 jejich dohoda o men\u0161inov\u00e9 vl\u00e1d\u011b z\u00a0roku 1996? Ta byla p\u0159ece \u00fapln\u011b stejn\u00e1 jako ta o dva roky pozd\u011bj\u0161\u00ed: v\u00a0obou p\u0159\u00edpadech v\u00edt\u011bz voleb dostal k\u0159eslo premi\u00e9ra a druh\u00fd v\u00a0\u0159ad\u011b k\u0159eslo \u0161\u00e9fa Sn\u011bmovny. Tak pro\u010d se o t\u00e9 Opozi\u010dn\u00ed smlouv\u011b z\u00a0roku 1996 takto nemluv\u00ed? Asi proto, \u017ee ta o dva roky pozd\u011bj\u0161\u00ed u\u017e nebyla sjedn\u00e1na pod patronac\u00ed prezidenta Havla.<\/p>\n<p>A kdy\u017e u\u017e jsme u V\u00e1clava Havla, mus\u00edm se pozastavit nad pohor\u0161en\u00edm, kter\u00e9 u n\u011bkter\u00fdch ob\u010dan\u016f vzbudil n\u00e1pad vyhrnout si v\u00a0den v\u00fdro\u010d\u00ed smrti exprezidenta kalhoty. J\u00e1 tedy pohor\u0161en nejsem, naopak. Aspo\u0148 uvid\u00edme, kolik z\u00a0t\u011bch, co si vyhrnou kalhoty, nos\u00ed \u010derven\u00e9 pono\u017eky.<\/p>\n<p><em>L. J.<\/em><\/p>\n","protected":false},"excerpt":{"rendered":"<p>Narazil jsem dnes v\u00a0novin\u00e1ch na rozhovor pana Sobotky. Ne\u010detl jsem ho cel\u00fd, jen upout\u00e1vku na prvn\u00ed stran\u011b, ve kter\u00e9m je z\u00a0rozhovoru vyp\u00edchnuto, \u017ee Sobotka po v\u00edt\u011bzstv\u00ed Milo\u0161e Zemana v\u00a0prezidentsk\u00fdch volb\u00e1ch o\u010dek\u00e1v\u00e1 jeho dal\u0161\u00ed Opozi\u010dn\u00ed smlouvu s\u00a0V\u00e1clavem Klausem.<\/p>\n","protected":false},"author":1,"featured_media":0,"comment_status":"open","ping_status":"open","sticky":false,"template":"","format":"standard","meta":{"ngg_post_thumbnail":0,"footnotes":""},"categories":[18,10],"tags":[],"class_list":["post-3167","post","type-post","status-publish","format-standard","hentry","category-postrehy","category-zlehka"],"_links":{"self":[{"href":"https:\/\/www.ladislavjakl.cz\/index.php?rest_route=\/wp\/v2\/posts\/3167","targetHints":{"allow":["GET"]}}],"collection":[{"href":"https:\/\/www.ladislavjakl.cz\/index.php?rest_route=\/wp\/v2\/posts"}],"about":[{"href":"https:\/\/www.ladislavjakl.cz\/index.php?rest_route=\/wp\/v2\/types\/post"}],"author":[{"embeddable":true,"href":"https:\/\/www.ladislavjakl.cz\/index.php?rest_route=\/wp\/v2\/users\/1"}],"replies":[{"embeddable":true,"href":"https:\/\/www.ladislavjakl.cz\/index.php?rest_route=%2Fwp%2Fv2%2Fcomments&post=3167"}],"version-history":[{"count":1,"href":"https:\/\/www.ladislavjakl.cz\/index.php?rest_route=\/wp\/v2\/posts\/3167\/revisions"}],"predecessor-version":[{"id":3168,"href":"https:\/\/www.ladislavjakl.cz\/index.php?rest_route=\/wp\/v2\/posts\/3167\/revisions\/3168"}],"wp:attachment":[{"href":"https:\/\/www.ladislavjakl.cz\/index.php?rest_route=%2Fwp%2Fv2%2Fmedia&parent=3167"}],"wp:term":[{"taxonomy":"category","embeddable":true,"href":"https:\/\/www.ladislavjakl.cz\/index.php?rest_route=%2Fwp%2Fv2%2Fcategories&post=3167"},{"taxonomy":"post_tag","embeddable":true,"href":"https:\/\/www.ladislavjakl.cz\/index.php?rest_route=%2Fwp%2Fv2%2Ftags&post=3167"}],"curies":[{"name":"wp","href":"https:\/\/api.w.org\/{rel}","templated":true}]}}