{"id":3169,"date":"2012-11-15T15:42:12","date_gmt":"2012-11-15T14:42:12","guid":{"rendered":"http:\/\/www.ladislavjakl.cz\/?p=3169"},"modified":"2012-11-15T15:42:12","modified_gmt":"2012-11-15T14:42:12","slug":"eu-%e2%80%93-co-bude-az-tady-nebude-ocima-ladislava-jakla","status":"publish","type":"post","link":"https:\/\/www.ladislavjakl.cz\/?p=3169","title":{"rendered":"EU \u2013 co bude a\u017e tady nebude o\u010dima Ladislava Jakla"},"content":{"rendered":"<p>Bez probl\u00e9m\u016f m\u016f\u017eeme b\u00fdt \u010dleny Evropsk\u00e9ho sdru\u017een\u00ed voln\u00e9ho obchodu, bez  probl\u00e9m\u016f m\u016f\u017eeme obchodovat jak se sv\u00fdmi sousedy, tak s dal\u0161\u00edmi zem\u011bmi na  z\u00e1klad\u011b vz\u00e1jemn\u00e9 v\u00fdhodnosti.<\/p>\n<p><!--more-->Nev\u00edm, pro\u010d by n\u011bkdo jin\u00fd s n\u00e1mi  neobchodoval. M\u016f\u017eeme obchodovat s k\u00fdmkoli. Jsme \u010dleny mnoha jin\u00fdch  organizac\u00ed. Jsme p\u0159edev\u0161\u00edm \u010dleny z\u00e1sadn\u00edho bezpe\u010dnostn\u00edho uskupen\u00ed NATO,  kter\u00e9 je na\u0161\u00ed ur\u010ditou bezpe\u010dnostn\u00ed stabiliza\u010dn\u00ed kotvou. Tak\u017ee n\u011bjak\u00e9  pla\u0161en\u00ed se a stra\u0161en\u00ed se, \u017ee kdy\u017e n\u011bkdo nebude poslu\u0161n\u011b poslouchat ka\u017ed\u00fd  p\u0159\u00edkaz z Bruselu, \u017ee se snad octneme na Saha\u0159e nebo n\u011bkde v brazilsk\u00e9  d\u017eungli, tomu stra\u0161en\u00ed j\u00e1 zkr\u00e1tka nev\u011b\u0159\u00edm.<\/p>\n<p><a href=\"http:\/\/www.reformy.cz\/zpravy\/eu-co-bude-az-tady-nebude-ocima-ladislava-jakla\/\" target=\"_blank\">Zdroj<\/a><\/p>\n","protected":false},"excerpt":{"rendered":"<p>Bez probl\u00e9m\u016f m\u016f\u017eeme b\u00fdt \u010dleny Evropsk\u00e9ho sdru\u017een\u00ed voln\u00e9ho obchodu, bez probl\u00e9m\u016f m\u016f\u017eeme obchodovat jak se sv\u00fdmi sousedy, tak s dal\u0161\u00edmi zem\u011bmi na z\u00e1klad\u011b vz\u00e1jemn\u00e9 v\u00fdhodnosti.<\/p>\n","protected":false},"author":1,"featured_media":0,"comment_status":"open","ping_status":"open","sticky":false,"template":"","format":"standard","meta":{"ngg_post_thumbnail":0,"footnotes":""},"categories":[11],"tags":[],"class_list":["post-3169","post","type-post","status-publish","format-standard","hentry","category-ozvena"],"_links":{"self":[{"href":"https:\/\/www.ladislavjakl.cz\/index.php?rest_route=\/wp\/v2\/posts\/3169","targetHints":{"allow":["GET"]}}],"collection":[{"href":"https:\/\/www.ladislavjakl.cz\/index.php?rest_route=\/wp\/v2\/posts"}],"about":[{"href":"https:\/\/www.ladislavjakl.cz\/index.php?rest_route=\/wp\/v2\/types\/post"}],"author":[{"embeddable":true,"href":"https:\/\/www.ladislavjakl.cz\/index.php?rest_route=\/wp\/v2\/users\/1"}],"replies":[{"embeddable":true,"href":"https:\/\/www.ladislavjakl.cz\/index.php?rest_route=%2Fwp%2Fv2%2Fcomments&post=3169"}],"version-history":[{"count":1,"href":"https:\/\/www.ladislavjakl.cz\/index.php?rest_route=\/wp\/v2\/posts\/3169\/revisions"}],"predecessor-version":[{"id":3170,"href":"https:\/\/www.ladislavjakl.cz\/index.php?rest_route=\/wp\/v2\/posts\/3169\/revisions\/3170"}],"wp:attachment":[{"href":"https:\/\/www.ladislavjakl.cz\/index.php?rest_route=%2Fwp%2Fv2%2Fmedia&parent=3169"}],"wp:term":[{"taxonomy":"category","embeddable":true,"href":"https:\/\/www.ladislavjakl.cz\/index.php?rest_route=%2Fwp%2Fv2%2Fcategories&post=3169"},{"taxonomy":"post_tag","embeddable":true,"href":"https:\/\/www.ladislavjakl.cz\/index.php?rest_route=%2Fwp%2Fv2%2Ftags&post=3169"}],"curies":[{"name":"wp","href":"https:\/\/api.w.org\/{rel}","templated":true}]}}