{"id":3175,"date":"2012-11-20T13:16:12","date_gmt":"2012-11-20T12:16:12","guid":{"rendered":"http:\/\/www.ladislavjakl.cz\/?p=3175"},"modified":"2012-11-20T13:16:12","modified_gmt":"2012-11-20T12:16:12","slug":"jakl-skoli-premysla-sobotku-a-rypl-si-do-havlovych-priznivcu","status":"publish","type":"post","link":"https:\/\/www.ladislavjakl.cz\/?p=3175","title":{"rendered":"Jakl \u0161kol\u00ed P\u0159emysla Sobotku a r\u00fdpl si do Havlov\u00fdch p\u0159\u00edznivc\u016f"},"content":{"rendered":"<p>Praha \u2013 Tajemn\u00edk prezidenta Ladislav Jakl \u0161kol\u00ed kandid\u00e1ta na hlavu st\u00e1tu P\u0159emysla Sobotku \/ODS\/ z v\u00fdznamu pojmu \u201eOpozi\u010dn\u00ed smlouva.\u201c Sobotka toti\u017e v novinov\u00e9m rozhovoru prohl\u00e1sil, \u017ee Zeman by po zvolen\u00ed prezidentem uzav\u0159el s Klausem \u201eOpozi\u010dn\u00ed smlouvu 2.\u201c<\/p>\n<p><!--more-->Sobotka v rozhovoru pro MF Dnes komentoval podporu Klause pro Milo\u0161e Zemana. &#8222;On se takto rozhodl, je to jeho svobodn\u00e1 volba. J\u00e1 V\u00e1clava Klause zn\u00e1m od za\u010d\u00e1tku v politice. Co mn\u011b v minulosti hodn\u011b ne\u0161lo pod vousy, byla opozi\u010dn\u00ed smlouva. Mo\u017en\u00e1, \u017ee dnes vznik\u00e1 opozi\u010dn\u00ed smlouva \u010d\u00edslo dv\u011b. Tedy op\u011bt dohoda t\u011bchto dvou p\u00e1n\u016f,&#8220; \u0159ekl Sobotka.<\/p>\n<p>Jakl ale nech\u00e1pe, pro\u010d mluv\u00ed Sobotka v\u016f\u010di smlouv\u011b kriticky. \u201eTak nev\u00edm. Opozi\u010dn\u00ed smlouva v roce 1998 byla potvrzen\u00edm v\u00edt\u011bze voleb v \u010dele vl\u00e1dy. Tedy t\u00edm, co dnes po\u017eaduje pan Posp\u00ed\u0161il v Plze\u0148sk\u00e9m kraji, nebo co cht\u011bl pan T\u016fma p\u0159ed dv\u011bma lety na pra\u017esk\u00e9 radnici. Tak\u017ee Sobotka o\u010dek\u00e1v\u00e1, \u017ee Zeman s Klausem instaluj\u00ed v\u00edt\u011bze posledn\u00edch sn\u011bmovn\u00edch voleb pana Paroubka v \u010dele vl\u00e1dy? A jak by to ud\u011blali, kdy\u017e ani jeden nem\u00e1 sv\u00e9 arm\u00e1dy ve Sn\u011bmovn\u011b?&#8220; pt\u00e1 se tajemn\u00edk V\u00e1clava Klause.<\/p>\n<p>Je pr\u00fd mo\u017en\u00e9, \u017ee m\u00e1 P\u0159emysl Sobotka jinou definici: \u201eMo\u017en\u00e1 je to podle n\u011bj cokoli, na \u010dem se dohodnou Klaus se Zemanem. Ale pro\u010d se tedy tak nenaz\u00fdv\u00e1 jejich dohoda o men\u0161inov\u00e9 vl\u00e1d\u011b z roku 1996? Ta byla p\u0159ece \u00fapln\u011b stejn\u00e1 jako ta o dva roky pozd\u011bj\u0161\u00ed: v obou p\u0159\u00edpadech v\u00edt\u011bz voleb dostal k\u0159eslo premi\u00e9ra a druh\u00fd v \u0159ad\u011b k\u0159eslo \u0161\u00e9fa Sn\u011bmovny. Tak pro\u010d se o t\u00e9 Opozi\u010dn\u00ed smlouv\u011b z roku 1996 takto nemluv\u00ed? Asi proto, \u017ee ta o dva roky pozd\u011bj\u0161\u00ed u\u017e nebyla sjedn\u00e1na pod patronac\u00ed prezidenta Havla.&#8220;<\/p>\n<p>Tajemn\u00edk prezidenta si pak r\u00fdpl do akce, kter\u00e1 chce p\u0159ipomenout V\u00e1clava Havla vyhrnut\u00edm kalhot. \u201eA kdy\u017e u\u017e jsme u V\u00e1clava Havla, mus\u00edm se pozastavit nad pohor\u0161en\u00edm, kter\u00e9 u n\u011bkter\u00fdch ob\u010dan\u016f vzbudil n\u00e1pad vyhrnout si v den v\u00fdro\u010d\u00ed smrti exprezidenta kalhoty. J\u00e1 tedy pohor\u0161en nejsem, naopak. Aspo\u0148 uvid\u00edme, kolik z t\u011bch, co si vyhrnou kalhoty, nos\u00ed \u010derven\u00e9 pono\u017eky,&#8220; prohl\u00e1sil Jakl.<\/p>\n<p><a href=\"http:\/\/domaci.eurozpravy.cz\/politika\/60163-jakl-skoli-premysla-sobotku-a-rypl-si-do-havlovych-priznivcu\/\" target=\"_blank\">Zdroj<\/a><\/p>\n","protected":false},"excerpt":{"rendered":"<p>Praha \u2013 Tajemn\u00edk prezidenta Ladislav Jakl \u0161kol\u00ed kandid\u00e1ta na hlavu st\u00e1tu P\u0159emysla Sobotku \/ODS\/ z v\u00fdznamu pojmu \u201eOpozi\u010dn\u00ed smlouva.\u201c Sobotka toti\u017e v novinov\u00e9m rozhovoru prohl\u00e1sil, \u017ee Zeman by po zvolen\u00ed prezidentem uzav\u0159el s Klausem \u201eOpozi\u010dn\u00ed smlouvu 2.\u201c<\/p>\n","protected":false},"author":1,"featured_media":0,"comment_status":"open","ping_status":"open","sticky":false,"template":"","format":"standard","meta":{"ngg_post_thumbnail":0,"footnotes":""},"categories":[11],"tags":[],"class_list":["post-3175","post","type-post","status-publish","format-standard","hentry","category-ozvena"],"_links":{"self":[{"href":"https:\/\/www.ladislavjakl.cz\/index.php?rest_route=\/wp\/v2\/posts\/3175","targetHints":{"allow":["GET"]}}],"collection":[{"href":"https:\/\/www.ladislavjakl.cz\/index.php?rest_route=\/wp\/v2\/posts"}],"about":[{"href":"https:\/\/www.ladislavjakl.cz\/index.php?rest_route=\/wp\/v2\/types\/post"}],"author":[{"embeddable":true,"href":"https:\/\/www.ladislavjakl.cz\/index.php?rest_route=\/wp\/v2\/users\/1"}],"replies":[{"embeddable":true,"href":"https:\/\/www.ladislavjakl.cz\/index.php?rest_route=%2Fwp%2Fv2%2Fcomments&post=3175"}],"version-history":[{"count":2,"href":"https:\/\/www.ladislavjakl.cz\/index.php?rest_route=\/wp\/v2\/posts\/3175\/revisions"}],"predecessor-version":[{"id":3177,"href":"https:\/\/www.ladislavjakl.cz\/index.php?rest_route=\/wp\/v2\/posts\/3175\/revisions\/3177"}],"wp:attachment":[{"href":"https:\/\/www.ladislavjakl.cz\/index.php?rest_route=%2Fwp%2Fv2%2Fmedia&parent=3175"}],"wp:term":[{"taxonomy":"category","embeddable":true,"href":"https:\/\/www.ladislavjakl.cz\/index.php?rest_route=%2Fwp%2Fv2%2Fcategories&post=3175"},{"taxonomy":"post_tag","embeddable":true,"href":"https:\/\/www.ladislavjakl.cz\/index.php?rest_route=%2Fwp%2Fv2%2Ftags&post=3175"}],"curies":[{"name":"wp","href":"https:\/\/api.w.org\/{rel}","templated":true}]}}