{"id":3181,"date":"2012-11-20T13:21:25","date_gmt":"2012-11-20T12:21:25","guid":{"rendered":"http:\/\/www.ladislavjakl.cz\/?p=3181"},"modified":"2012-11-20T13:21:25","modified_gmt":"2012-11-20T12:21:25","slug":"mel-jsem-mavat-rukama","status":"publish","type":"post","link":"https:\/\/www.ladislavjakl.cz\/?p=3181","title":{"rendered":"M\u011bl jsem m\u00e1vat rukama?"},"content":{"rendered":"<p>Mlad\u00e1 fronta\u00a0s titulkem &#8222;Te\u010f bych nad t\u00edm m\u00e1vl rukou&#8220; zve\u0159ejnila rozhovor s pr\u00e1vn\u00edkem Janem Kyselou o tom, \u017ee podpisov\u00e9 listiny prezidentsk\u00fdch aspirant\u016f by se nem\u011bly posuzovat tak moc p\u0159\u00edsn\u011b.<\/p>\n<p><!--more-->Podobn\u00e9 n\u00e1zory jsou vzkazem, \u017ee jsem nem\u011bl sb\u00edrat podpisy na svou podporu tak poctiv\u011b, \u017ee jsem prost\u011b m\u011bl opsat n\u011bjak\u00e9 seznamy \u010di si\u00a0jm\u00e9na rovnou vymyslet. A hned jich b\u00fdvalo mohlo b\u00fdt o t\u011bch dvacet tis\u00edc v\u00edc.<\/p>\n<p>Hm. Moc\u00a0m\u011b nep\u0159ekvap\u00ed, kdy\u017e se tenhle n\u00e1zor ujme.<\/p>\n<p>L. Jakl<\/p>\n","protected":false},"excerpt":{"rendered":"<p>Mlad\u00e1 fronta\u00a0s titulkem &#8222;Te\u010f bych nad t\u00edm m\u00e1vl rukou&#8220; zve\u0159ejnila rozhovor s pr\u00e1vn\u00edkem Janem Kyselou o tom, \u017ee podpisov\u00e9 listiny prezidentsk\u00fdch aspirant\u016f by se nem\u011bly posuzovat tak moc p\u0159\u00edsn\u011b.<\/p>\n","protected":false},"author":1,"featured_media":0,"comment_status":"open","ping_status":"open","sticky":false,"template":"","format":"standard","meta":{"ngg_post_thumbnail":0,"footnotes":""},"categories":[17,18],"tags":[],"class_list":["post-3181","post","type-post","status-publish","format-standard","hentry","category-jakl-president","category-postrehy"],"_links":{"self":[{"href":"https:\/\/www.ladislavjakl.cz\/index.php?rest_route=\/wp\/v2\/posts\/3181","targetHints":{"allow":["GET"]}}],"collection":[{"href":"https:\/\/www.ladislavjakl.cz\/index.php?rest_route=\/wp\/v2\/posts"}],"about":[{"href":"https:\/\/www.ladislavjakl.cz\/index.php?rest_route=\/wp\/v2\/types\/post"}],"author":[{"embeddable":true,"href":"https:\/\/www.ladislavjakl.cz\/index.php?rest_route=\/wp\/v2\/users\/1"}],"replies":[{"embeddable":true,"href":"https:\/\/www.ladislavjakl.cz\/index.php?rest_route=%2Fwp%2Fv2%2Fcomments&post=3181"}],"version-history":[{"count":2,"href":"https:\/\/www.ladislavjakl.cz\/index.php?rest_route=\/wp\/v2\/posts\/3181\/revisions"}],"predecessor-version":[{"id":3183,"href":"https:\/\/www.ladislavjakl.cz\/index.php?rest_route=\/wp\/v2\/posts\/3181\/revisions\/3183"}],"wp:attachment":[{"href":"https:\/\/www.ladislavjakl.cz\/index.php?rest_route=%2Fwp%2Fv2%2Fmedia&parent=3181"}],"wp:term":[{"taxonomy":"category","embeddable":true,"href":"https:\/\/www.ladislavjakl.cz\/index.php?rest_route=%2Fwp%2Fv2%2Fcategories&post=3181"},{"taxonomy":"post_tag","embeddable":true,"href":"https:\/\/www.ladislavjakl.cz\/index.php?rest_route=%2Fwp%2Fv2%2Ftags&post=3181"}],"curies":[{"name":"wp","href":"https:\/\/api.w.org\/{rel}","templated":true}]}}