{"id":319,"date":"2010-04-21T14:52:56","date_gmt":"2010-04-21T13:52:56","guid":{"rendered":"http:\/\/www.ladislavjakl.cz\/?p=319"},"modified":"2010-04-21T14:52:56","modified_gmt":"2010-04-21T13:52:56","slug":"kdo-na-pohreb-nechtel-hleda-vymluvy-sepsul-jakl-rakouskeho-prezidenta","status":"publish","type":"post","link":"https:\/\/www.ladislavjakl.cz\/?p=319","title":{"rendered":"Kdo na poh\u0159eb necht\u011bl, hled\u00e1 v\u00fdmluvy, sepsul Jakl rakousk\u00e9ho prezidenta!"},"content":{"rendered":"<p>Tajemn\u00edk prezidenta V\u00e1clava Klause Ladislav Jakl se pustil do rakousk\u00e9ho  prezidenta Heinze Fischera. Podle n\u011bj na\u0159\u00edk\u00e1 a hled\u00e1 v\u00fdmluvy, pro\u010d  nemohl p\u0159ijet do Polska na poh\u0159eb Lecha Kaczynsk\u00e9ho. Jakl se podivil, \u017ee  Fischer nedorazil, i kdy\u017e to m\u00e1 z V\u00eddn\u011b do Krakova bl\u00ed\u017ee ne\u017e Klaus z  Prahy.<\/p>\n<p><!--more-->Nejnov\u011bj\u0161\u00ed v\u00fdm\u011bnu n\u00e1zor\u016f zah\u00e1jil \u010desk\u00fd prezident V\u00e1clav Klaus, kdy\u017e  p\u0159i poh\u0159bu zahynuv\u0161\u00edho Lecha Kaczynsk\u00e9ho prohl\u00e1sil, \u017ee se mu zd\u00e1  &#8222;neomluviteln\u00e9, \u017ee nedorazil nikdo z Bruselu&#8220;.<\/p>\n<p>Prvn\u00ed mu\u017e Rakouska Heinz Fischer jeho slova vzt\u00e1hl na sebe, proto\u017ee v  Krakov\u011b tak\u00e9 chyb\u011bl. Kontroval prohl\u00e1\u0161en\u00edm, \u017ee Klaus sv\u00e1 slova  nepromyslel. Cesta z V\u00eddn\u011b a zp\u011bt by pr\u00fd Fischerovi trvala t\u0159in\u00e1ct hodin  a tolik jeho \u0159idi\u010d podle pracovn\u011bpr\u00e1vn\u00edch p\u0159edpis\u016f za jeden den jet  nesm\u00ed.<\/p>\n<p>V rakousk\u00e9 televizi se tomu podivil Ladislav Jakl. &#8222;Kdo cht\u011bl p\u0159ijet, cestu si na\u0161el, kdo necht\u011bl, hled\u00e1 si  v\u00fdmluvy. Pan Fischer na\u0159\u00edk\u00e1, jak to m\u00e1 z V\u00eddn\u011b do Krakova daleko a \u017ee by  jeho \u0159idi\u010d nezvl\u00e1dl cestu dlouhou 13 hodin. Mo\u017en\u00e1 se m\u011bl pod\u00edvat na  mapu,&#8220; poradil Jakl.<\/p>\n<p>A dal se do v\u00fdpo\u010dt\u016f: &#8222;Zjistil by, \u017ee ze z\u00e1padn\u011bji polo\u017een\u00e9 Prahy je  to do Krakova 550 km a 5 hodin a 56 minut, zat\u00edmco z V\u00eddn\u011b, kter\u00e1 je  oproti Praze podstatn\u011b v\u00fdchodn\u011bji, je to do Krakova jen 479 km a 5 hodin  a 37 minut. Tak\u017ee ze vzd\u00e1len\u011bj\u0161\u00ed Prahy to \u0161lo a z bli\u017e\u0161\u00ed V\u00eddn\u011b to  ne\u0161lo?&#8220; zeptal se Jakl.<\/p>\n<p>&#8222;Zda u nep\u0159\u00edtomnosti na poh\u0159bu pana prezidenta Kaczynsk\u00e9ho \u0161lo u pana  prezidenta Fischera jen o pohodlnost \u010di sp\u00ed\u0161e o gesto, tu u\u017e nech\u00e1v\u00e1m  na jin\u00fdch,&#8220; dodal prezident\u016fv tajemn\u00edk.<\/p>\n<p>Polsk\u00fd prezident Lech Kaczynski s man\u017eelkou a dal\u0161\u00edmi 94 osobnostmi a  \u010dleny pos\u00e1dky zahynul p\u0159i <a href=\"http:\/\/zpravy.idnes.cz\/polsko-prislo-tragicky-o-prezidenta-dv1-\/zahranicni.asp?o=0&amp;klic=64112\">p\u00e1du  vl\u00e1dn\u00edho tupolevu u Smolenska<\/a>. Do bl\u00edzk\u00e9 Katyn\u011b let\u011bl uct\u00edt pam\u00e1tku tis\u00edc\u016f Pol\u00e1k\u016f, zavra\u017ed\u011bn\u00fdch Sov\u011bty ve druh\u00e9  sv\u011btov\u00e9 v\u00e1lce. Na poh\u0159eb cht\u011bla p\u0159ijet \u0159ada osobnost\u00ed, nad Evropou se  ale roz\u0161\u00ed\u0159il sope\u010dn\u00fd mrak, kter\u00fd omezil leteck\u00fd provoz.<\/p>\n<p>Nedorazil t\u0159eba americk\u00fd prezident Barack Obama, i kdy\u017e to p\u016fvodn\u011b avizoval. Prezident  V\u00e1clav Klaus, premi\u00e9r Jan Fischer a arcibiskup Dominik Duka dorazili  vlakem a limuz\u00ednou.<\/p>\n","protected":false},"excerpt":{"rendered":"<p>Tajemn\u00edk prezidenta V\u00e1clava Klause Ladislav Jakl se pustil do rakousk\u00e9ho prezidenta Heinze Fischera. Podle n\u011bj na\u0159\u00edk\u00e1 a hled\u00e1 v\u00fdmluvy, pro\u010d nemohl p\u0159ijet do Polska na poh\u0159eb Lecha Kaczynsk\u00e9ho. Jakl se podivil, \u017ee Fischer nedorazil, i kdy\u017e to m\u00e1 z V\u00eddn\u011b do Krakova bl\u00ed\u017ee ne\u017e Klaus z Prahy.<\/p>\n","protected":false},"author":1,"featured_media":0,"comment_status":"open","ping_status":"open","sticky":false,"template":"","format":"standard","meta":{"ngg_post_thumbnail":0,"footnotes":""},"categories":[6],"tags":[],"class_list":["post-319","post","type-post","status-publish","format-standard","hentry","category-co-jsem-nerekl"],"_links":{"self":[{"href":"https:\/\/www.ladislavjakl.cz\/index.php?rest_route=\/wp\/v2\/posts\/319","targetHints":{"allow":["GET"]}}],"collection":[{"href":"https:\/\/www.ladislavjakl.cz\/index.php?rest_route=\/wp\/v2\/posts"}],"about":[{"href":"https:\/\/www.ladislavjakl.cz\/index.php?rest_route=\/wp\/v2\/types\/post"}],"author":[{"embeddable":true,"href":"https:\/\/www.ladislavjakl.cz\/index.php?rest_route=\/wp\/v2\/users\/1"}],"replies":[{"embeddable":true,"href":"https:\/\/www.ladislavjakl.cz\/index.php?rest_route=%2Fwp%2Fv2%2Fcomments&post=319"}],"version-history":[{"count":1,"href":"https:\/\/www.ladislavjakl.cz\/index.php?rest_route=\/wp\/v2\/posts\/319\/revisions"}],"predecessor-version":[{"id":320,"href":"https:\/\/www.ladislavjakl.cz\/index.php?rest_route=\/wp\/v2\/posts\/319\/revisions\/320"}],"wp:attachment":[{"href":"https:\/\/www.ladislavjakl.cz\/index.php?rest_route=%2Fwp%2Fv2%2Fmedia&parent=319"}],"wp:term":[{"taxonomy":"category","embeddable":true,"href":"https:\/\/www.ladislavjakl.cz\/index.php?rest_route=%2Fwp%2Fv2%2Fcategories&post=319"},{"taxonomy":"post_tag","embeddable":true,"href":"https:\/\/www.ladislavjakl.cz\/index.php?rest_route=%2Fwp%2Fv2%2Ftags&post=319"}],"curies":[{"name":"wp","href":"https:\/\/api.w.org\/{rel}","templated":true}]}}