{"id":3191,"date":"2012-11-23T15:48:32","date_gmt":"2012-11-23T14:48:32","guid":{"rendered":"http:\/\/www.ladislavjakl.cz\/?p=3191"},"modified":"2012-11-23T15:48:32","modified_gmt":"2012-11-23T14:48:32","slug":"jakl-byl-jsem-moc-poctivy-mel-jsem-jmena-opsat","status":"publish","type":"post","link":"https:\/\/www.ladislavjakl.cz\/?p=3191","title":{"rendered":"Jakl: Byl jsem moc poctiv\u00fd. M\u011bl jsem jm\u00e9na opsat"},"content":{"rendered":"<p>Tajemn\u00edk prezidenta a je\u0161t\u011b ned\u00e1vno aspirant na prezidentsk\u00fd \u00fa\u0159ad Ladislav Jakl krout\u00ed hlavou. Fal\u0161ovat podpisy nevad\u00ed?<\/p>\n<p><!--more--><strong><span style=\"font-size: x-small;\">18.listopad 2012<\/span><\/strong> &#8211; <strong><span style=\"font-size: x-small;\">20:30<\/span><\/strong><\/p>\n<p>Jakla toti\u017e  p\u0159ekvapil \u010dl\u00e1nek v Mlad\u00e9 front\u011b Dnes s titulkem &#8222;Te\u010f bych nad t\u00edm m\u00e1vl  rukou&#8220;. Pr\u00e1vn\u00edk Jan Kysela v rozhovoru tvrd\u00ed, \u017ee podpisov\u00e9 listiny  prezidentsk\u00fdch aspirant\u016f by se nem\u011bly posuzovat tak moc p\u0159\u00edsn\u011b.<\/p>\n<p>Ukazuje se toti\u017e, \u017ee \u0159ada \u00fadaj\u016f na petic\u00edch je nespr\u00e1vn\u00fdch a kontroln\u00ed komise hroz\u00ed, \u017ee n\u011bkter\u00e9 podpisy kandid\u00e1t\u016fm neuzn\u00e1.<\/p>\n<p>Pr\u00e1vn\u00edci  se tak nyn\u00ed p\u0159ou o to, zda m\u011bli v\u0161ichni uchaze\u010di stejn\u00e9 v\u00fdchoz\u00ed  podm\u00ednky a jak moc bylo sb\u00edr\u00e1n\u00ed podpis\u016f f\u00e9rov\u00e9. Zd\u00e1 se ale, \u017ee se  nakonec nad v\u0161\u00edm p\u0159ivrou o\u010di a nikdo\u00a0 nebude posuzovat, jak se kandid\u00e1ti  k pot\u0159ebn\u00fdm 50 tis\u00edc\u016fm jmen dostali.<\/p>\n<p>Alespo\u0148 to nazna\u010duje rozhovor s Kyselou, kter\u00fd se p\u0159imlouv\u00e1 za to, aby se listiny nep\u0159ezkumovaly tak p\u0159\u00edsn\u011b.<\/p>\n<p>To  je pro Jakla neuv\u011b\u0159iteln\u00e9. &#8222;Podobn\u00e9 n\u00e1zory jsou vzkazem, \u017ee jsem nem\u011bl  sb\u00edrat podpisy na svou podporu tak poctiv\u011b, \u017ee jsem prost\u011b m\u011bl opsat  n\u011bjak\u00e9 seznamy \u010di si jm\u00e9na rovnou vymyslet. A hned jich b\u00fdvalo mohlo b\u00fdt  o t\u011bch dvacet tis\u00edc v\u00edc,&#8220; napsal Jakl exkluzivn\u011b pro Prvnizpravy.cz s  t\u00edm, \u017ee by ho moc nep\u0159ekvapilo, kdyby se pr\u00e1vn\u00edk\u016fv n\u00e1zor ujal.<\/p>\n<p>Ladislav  Jakl nasb\u00edral jen polovinu podpis\u016f, zato ale autentick\u00fdch. Se sb\u00edr\u00e1n\u00edm  toti\u017e za\u010dal pozd\u011b, a\u017e na podzim. Za podpisy nav\u00edc neplatil, jako jin\u00ed  kandid\u00e1ti, nap\u0159\u00edklad Vladim\u00edr Dlouh\u00fd, kter\u00fd nab\u00edzel za podpis pen\u00edze, k  \u010demu\u017e se i hrd\u011b hl\u00e1sil.<\/p>\n<p>V\u00e1gn\u00ed podm\u00ednky tak\u00e9 umo\u017e\u0148ovaly z\u00edskat  podpisy nepoctiv\u00fdm zp\u016fsobem, nap\u0159\u00edklad zakoupen\u00edm datab\u00e1ze jmen, p\u0159i\u010dem\u017e  podpisy u\u017e nikdo nekontroluje a mohly tak b\u00fdt snadno zfal\u0161ov\u00e1ny.<\/p>\n<p><a href=\"http:\/\/www.prvnizpravy.cz\/zpravy\/z-domova\/jakl-byl-jsem-moc-poctivy--mel-jsem-jmena-opsat\/\" target=\"_blank\">Zdroj<\/a><\/p>\n","protected":false},"excerpt":{"rendered":"<p>Tajemn\u00edk prezidenta a je\u0161t\u011b ned\u00e1vno aspirant na prezidentsk\u00fd \u00fa\u0159ad Ladislav Jakl krout\u00ed hlavou. Fal\u0161ovat podpisy nevad\u00ed?<\/p>\n","protected":false},"author":1,"featured_media":0,"comment_status":"open","ping_status":"open","sticky":false,"template":"","format":"standard","meta":{"ngg_post_thumbnail":0,"footnotes":""},"categories":[17,11],"tags":[],"class_list":["post-3191","post","type-post","status-publish","format-standard","hentry","category-jakl-president","category-ozvena"],"_links":{"self":[{"href":"https:\/\/www.ladislavjakl.cz\/index.php?rest_route=\/wp\/v2\/posts\/3191","targetHints":{"allow":["GET"]}}],"collection":[{"href":"https:\/\/www.ladislavjakl.cz\/index.php?rest_route=\/wp\/v2\/posts"}],"about":[{"href":"https:\/\/www.ladislavjakl.cz\/index.php?rest_route=\/wp\/v2\/types\/post"}],"author":[{"embeddable":true,"href":"https:\/\/www.ladislavjakl.cz\/index.php?rest_route=\/wp\/v2\/users\/1"}],"replies":[{"embeddable":true,"href":"https:\/\/www.ladislavjakl.cz\/index.php?rest_route=%2Fwp%2Fv2%2Fcomments&post=3191"}],"version-history":[{"count":1,"href":"https:\/\/www.ladislavjakl.cz\/index.php?rest_route=\/wp\/v2\/posts\/3191\/revisions"}],"predecessor-version":[{"id":3192,"href":"https:\/\/www.ladislavjakl.cz\/index.php?rest_route=\/wp\/v2\/posts\/3191\/revisions\/3192"}],"wp:attachment":[{"href":"https:\/\/www.ladislavjakl.cz\/index.php?rest_route=%2Fwp%2Fv2%2Fmedia&parent=3191"}],"wp:term":[{"taxonomy":"category","embeddable":true,"href":"https:\/\/www.ladislavjakl.cz\/index.php?rest_route=%2Fwp%2Fv2%2Fcategories&post=3191"},{"taxonomy":"post_tag","embeddable":true,"href":"https:\/\/www.ladislavjakl.cz\/index.php?rest_route=%2Fwp%2Fv2%2Ftags&post=3191"}],"curies":[{"name":"wp","href":"https:\/\/api.w.org\/{rel}","templated":true}]}}