{"id":3193,"date":"2012-11-23T15:49:48","date_gmt":"2012-11-23T14:49:48","guid":{"rendered":"http:\/\/www.ladislavjakl.cz\/?p=3193"},"modified":"2012-11-23T15:49:48","modified_gmt":"2012-11-23T14:49:48","slug":"jakl-k-restitucim-zakon-smotal-nekolik-veci-dohromady-kritika-lidu-je-opravnena","status":"publish","type":"post","link":"https:\/\/www.ladislavjakl.cz\/?p=3193","title":{"rendered":"Jakl k restituc\u00edm: Z\u00e1kon smotal n\u011bkolik v\u011bc\u00ed dohromady. Kritika lidu je opr\u00e1vn\u011bn\u00e1"},"content":{"rendered":"<p>Prezident\u016fv tajemn\u00edk Ladislav Jakl \u010cesk\u00e9mu rozhlasu vysv\u011btloval, pro\u010d  V\u00e1clav Klaus nepodepsal c\u00edrkevn\u00ed resituce. \u201eTento z\u00e1kon dost  nekonzistentn\u011b smotal n\u011bkolik v\u011bc\u00ed dohromady a pr\u00e1vem se setkal s velkou  kritikou ve\u0159ejnosti,\u201c uvedl nap\u0159\u00edklad Jakl.<\/p>\n<p><!--more--><\/p>\n<p>Prezident V\u00e1clav Klaus nechal c\u00edrkevn\u00ed restituce proj\u00edt, rozhodl se ale  p\u0159\u00edslu\u0161nou normu nepodepsat. Vl\u00e1d\u011b pr\u00fd takov\u00fdm postojem rozhodn\u011b nechce  komplikovat situaci, je to jen v\u0161ak v\u00fdraz jeho osobn\u00edch postoj\u016f, kter\u00fdm  se distancuje od zpracov\u00e1n\u00ed tohoto z\u00e1kona. Podle Klause\u00a0 \u201ez\u00e1kon  nastavuje nerovn\u00e9 podm\u00ednky v p\u0159\u00edstupu st\u00e1tu k restituc\u00edm, ob\u00e1v\u00e1 se kv\u016fli  tomu p\u0159\u00edpadn\u00e9ho vzniku nov\u00fdch restitu\u010dn\u00edch n\u00e1rok\u016f.&#8220;<\/p>\n<p>\u201eV\u00e1clav Klaus tak\u00e9 pouk\u00e1zal na to, \u017ee nad schv\u00e1len\u00fdm \u0159e\u0161en\u00edm nepanuje  konsenzus na politick\u00e9 sc\u00e9n\u011b ani ve spole\u010dnosti,\u201c p\u0159ipomn\u011bl pak k tomu  \u010cesk\u00fd rozhlas. Za Klause vysv\u011btlil dal\u0161\u00ed okolnosti kolem nepodeps\u00e1n\u00ed  z\u00e1kona prezident\u016fv tajemn\u00edk Ladislav Jakl.<\/p>\n<p>\u201eOno v\u016fbec nejde o klasick\u00fd \u010dist\u00fd restitu\u010dn\u00ed z\u00e1kon p\u0159i kter\u00e9m se n\u011bkomu  vyd\u00e1v\u00e1 n\u011bjak\u00fd majetek jako to bylo u ostatn\u00edch restituc\u00ed. Tento z\u00e1kon  m\u00e1 \u00fapln\u011b jinou funkci \u2013 z\u00e1konem st\u00e1t d\u00e1v\u00e1 najevo, \u017ee si p\u0159eje, aby  c\u00edrkve u n\u00e1s byly finan\u010dn\u011b zaji\u0161t\u011bn\u00e9\u00a0 majetkem, aby mohly v budoucnu  samostatn\u011b hospoda\u0159it. To ale nesouvis\u00ed s n\u011bjak\u00fdmi k\u0159ivdami,\u201c \u0159ekl Jakl.<\/p>\n<p>\u201eJde o to, \u017ee si problematika vztahu c\u00edrkv\u00ed a st\u00e1tu zaslou\u017eila za ta  l\u00e9ta \u010dist\u0161\u00ed, koncep\u010dn\u011bj\u0161\u00ed a konsensu\u00e1ln\u011bj\u0161\u00ed \u0159e\u0161en\u00ed. Faktem je, \u017ee tento  z\u00e1kon dost nekonzistentn\u011b smotal n\u011bkolik v\u011bc\u00ed dohromady a pr\u00e1vem se  setkal s velkou kritikou ve\u0159ejnosti,\u201c upozornil d\u00e1le pro r\u00e1dio Jakl.<\/p>\n<p>Pouk\u00e1zal na to, \u017ee pen\u00edze maj\u00ed dostat tak\u00e9 c\u00edrkve, kter\u00fdch se zabr\u00e1n\u00ed  majetk\u016f komunistick\u00fdm re\u017eimem net\u00fdk\u00e1. To pr\u00fd dokazuje, \u017ee z\u00e1kon nen\u00ed  restituc\u00ed, ale dotac\u00ed c\u00edrkv\u00edm. \u201eTo v\u016fbec nesouvis\u00ed s n\u011bjak\u00fdmi k\u0159ivdami  nebo \u0161kodami,\u201c podotkl tajemn\u00edk.<\/p>\n<p>Na druh\u00e9 stran\u011b podle n\u011bj prezident ve sv\u00e9m zd\u016fvodn\u011bn\u00ed napsal, \u017ee  p\u0159\u00edprava a p\u0159ijet\u00ed z\u00e1kona byly jedn\u00edm z p\u0159edem ozn\u00e1men\u00fdch z\u00e1m\u011br\u016f vl\u00e1dn\u00ed  koalice a \u017ee je p\u0159edloha pro stabilitu kabinetu kl\u00ed\u010dov\u00e1. Pr\u00e1v\u011b proto  nechce normu Poslaneck\u00e9 sn\u011bmovn\u011b vracet a to z toho d\u016fvodu, aby  nevyost\u0159oval vztahy na politick\u00e9 sc\u00e9n\u011b a vl\u00e1du nepodroboval dal\u0161\u00edm  zkou\u0161k\u00e1m.<\/p>\n<p>\u201eFaktem je, \u017ee kdyby prezident vr\u00e1til tento z\u00e1kon, na v\u00fdsledku by se  toho mnoho nezm\u011bnilo, proto\u017ee jeho veto by bylo velmi hrav\u011b  p\u0159ehlasov\u00e1no. Ale zase necht\u011bl nechat z\u00e1kon proj\u00edt jen tak bez n\u011bjak\u00e9  kritiky,\u201c dodal Jakl na vysv\u011btlenou.<\/p>\n<h4>\u010cSSD chyst\u00e1 \u00fastavn\u00ed st\u00ed\u017enost<\/h4>\n<p>P\u0159ipome\u0148me, \u017ee premi\u00e9r Petr Ne\u010das (ODS) Klausovo pr\u00e1vo nechat normu bez  podpisu pr\u00fd respektuje. Restitu\u010dn\u00ed z\u00e1kon podle n\u011bj odblokuje rozvoj  1200 m\u011bst a obc\u00ed po 20 letech nejistoty.<\/p>\n<p>Kdo v\u0161ak s postojem Klause nen\u00ed spokojen, jsou soci\u00e1ln\u00ed demokrat\u00e9.  Levicov\u00e9 strany u\u017e dop\u0159edu avizovaly, \u017ee proti restituc\u00edm podaj\u00ed \u00fastavn\u00ed  st\u00ed\u017enost a jak dnes z\u00e1stupci \u010cSSD potvrdily, hodlaj\u00ed to tak u\u010dinit.<\/p>\n<p>Z\u00e1kon o c\u00edrkevn\u00edch restituc\u00edch za\u010dne platit prvn\u00edho ledna, rok maj\u00ed  c\u00edrkve na to, aby p\u0159ihl\u00e1sily svoje po\u017eadavky na vr\u00e1cen\u00ed majetku.<\/p>\n<p><a href=\"http:\/\/www.parlamentnilisty.cz\/zpravy\/Jakl-k-restitucim-Zakon-smotal-nekolik-veci-dohromady-Kritika-lidu-je-opravnena-254528\" target=\"_blank\">Zdroj<\/a><\/p>\n","protected":false},"excerpt":{"rendered":"<p>Prezident\u016fv tajemn\u00edk Ladislav Jakl \u010cesk\u00e9mu rozhlasu vysv\u011btloval, pro\u010d V\u00e1clav Klaus nepodepsal c\u00edrkevn\u00ed resituce. \u201eTento z\u00e1kon dost nekonzistentn\u011b smotal n\u011bkolik v\u011bc\u00ed dohromady a pr\u00e1vem se setkal s velkou kritikou ve\u0159ejnosti,\u201c uvedl nap\u0159\u00edklad Jakl.<\/p>\n","protected":false},"author":1,"featured_media":0,"comment_status":"open","ping_status":"open","sticky":false,"template":"","format":"standard","meta":{"ngg_post_thumbnail":0,"footnotes":""},"categories":[11],"tags":[],"class_list":["post-3193","post","type-post","status-publish","format-standard","hentry","category-ozvena"],"_links":{"self":[{"href":"https:\/\/www.ladislavjakl.cz\/index.php?rest_route=\/wp\/v2\/posts\/3193","targetHints":{"allow":["GET"]}}],"collection":[{"href":"https:\/\/www.ladislavjakl.cz\/index.php?rest_route=\/wp\/v2\/posts"}],"about":[{"href":"https:\/\/www.ladislavjakl.cz\/index.php?rest_route=\/wp\/v2\/types\/post"}],"author":[{"embeddable":true,"href":"https:\/\/www.ladislavjakl.cz\/index.php?rest_route=\/wp\/v2\/users\/1"}],"replies":[{"embeddable":true,"href":"https:\/\/www.ladislavjakl.cz\/index.php?rest_route=%2Fwp%2Fv2%2Fcomments&post=3193"}],"version-history":[{"count":1,"href":"https:\/\/www.ladislavjakl.cz\/index.php?rest_route=\/wp\/v2\/posts\/3193\/revisions"}],"predecessor-version":[{"id":3194,"href":"https:\/\/www.ladislavjakl.cz\/index.php?rest_route=\/wp\/v2\/posts\/3193\/revisions\/3194"}],"wp:attachment":[{"href":"https:\/\/www.ladislavjakl.cz\/index.php?rest_route=%2Fwp%2Fv2%2Fmedia&parent=3193"}],"wp:term":[{"taxonomy":"category","embeddable":true,"href":"https:\/\/www.ladislavjakl.cz\/index.php?rest_route=%2Fwp%2Fv2%2Fcategories&post=3193"},{"taxonomy":"post_tag","embeddable":true,"href":"https:\/\/www.ladislavjakl.cz\/index.php?rest_route=%2Fwp%2Fv2%2Ftags&post=3193"}],"curies":[{"name":"wp","href":"https:\/\/api.w.org\/{rel}","templated":true}]}}