{"id":3195,"date":"2012-11-23T15:51:22","date_gmt":"2012-11-23T14:51:22","guid":{"rendered":"http:\/\/www.ladislavjakl.cz\/?p=3195"},"modified":"2012-11-23T15:51:22","modified_gmt":"2012-11-23T14:51:22","slug":"zeman-by-z-hradniho-tymu-vylil-akorat-ideology-jakla-s-hajkem","status":"publish","type":"post","link":"https:\/\/www.ladislavjakl.cz\/?p=3195","title":{"rendered":"Zeman by z hradn\u00edho t\u00fdmu vylil akor\u00e1t ideology Jakla s H\u00e1jkem"},"content":{"rendered":"<p>Nejlevn\u011bj\u0161\u00ed volebn\u00ed kampa\u0148 bude m\u00edt Milo\u0161 Zeman, nejdra\u017e\u0161\u00ed zase Jan  Fischer. To se mimo jin\u00e9 \u0159e\u0161ilo na prezidentsk\u00e9 debat\u011b v pra\u017esk\u00e9m hotelu  Ambassador, kterou uspo\u0159\u00e1dala Asociace mal\u00fdch a st\u0159edn\u00edch podnik\u016f a  \u017eivnostn\u00edk\u016f. P\u0159i ot\u00e1zce ohledn\u011b t\u00fdmu spolupracovn\u00edk\u016f jezevec z Vyso\u010diny  prohl\u00e1sil, \u017ee sou\u010dasn\u00fd t\u00fdm na Hrad\u011b je dobr\u00fd, jen mu vad\u00ed ideologov\u00e9,  jak\u00fdmi jsou Petr H\u00e1jek a Ladislav Jakl.<\/p>\n<p><!--more--><\/p>\n<p>V\u00a0pra\u017esk\u00e9m hotelu Ambassador to vypadalo jako v\u00a0divadle. Jen m\u00edsto  kulis st\u00e1lo na p\u00f3diu \u0161est k\u0159esel. Do nich posl\u00e9ze usedlo p\u011bt  prezidentsk\u00fdch gladi\u00e1tor\u016f, tedy Milo\u0161 Zeman, Vladim\u00edr Dlouh\u00fd, Karel  Schwarzenberg, P\u0159emysl Sobotka a Ji\u0159\u00ed Dientsbier. K\u00a0debat\u011b je toti\u017e  vyzval Karel Havl\u00ed\u010dek, p\u0159edseda Asociace mal\u00fdch a st\u0159edn\u00edch podnik\u016f a  \u017eivnostn\u00edk\u016f. Zeman sed\u011bl \u00fapln\u011b napravo, o \u010dem\u017e glosoval, \u017ee vyzkou\u0161\u00ed  extr\u00e9mn\u00ed pravici.<\/p>\n<h4>Bl\u00fdsk\u00e1n\u00ed na lep\u0161\u00ed \u010dasy?<\/h4>\n<p>\u201eSt\u0159edn\u00ed a drobn\u00e9 podniky \u010dekaj\u00ed dobr\u00e9 \u010dasy, proto\u017ee jsme se z krize  pou\u010dili. V\u017edy\u0165 v\u00a0Evrop\u011b kontroluj\u00ed osmdes\u00e1t procent obchodu rodinn\u00e9  firmy,\u201c \u0159ekl na \u00favod Havl\u00ed\u010dek. Des\u00e1t\u00fd ro\u010dn\u00edk dne podnikatel\u016f se konal  pod z\u00e1\u0161titou p\u0159edsedkyn\u011b poslaneck\u00e9 sn\u011bmovny Miroslavy N\u011bmcov\u00e9, kter\u00e1 se  v\u0161ak kv\u016fli pr\u00e1ci nez\u00fa\u010dastnila. Kandid\u00e1t na prezidenta Jan Fischer zase  vy\u0159izoval pracovn\u00ed z\u00e1le\u017eitosti v\u00a0zahrani\u010d\u00ed, ale jeho n\u00e1zory posl\u00e9ze  obecenstvo sly\u0161elo alespo\u0148 z\u00a0p\u0159enosu.<\/p>\n<h4>Co budou d\u011blat?<\/h4>\n<p>Nejd\u0159\u00edve padla ot\u00e1zka, co budou kandid\u00e1ti d\u011blat, kdy\u017e se nedostanou na  Hrad. \u201eJsem l\u00e9ka\u0159 a v\u017edy m\u011b l\u00e1kalo vr\u00e1tit se k\u00a0medic\u00edn\u011b, ale nyn\u00ed bych  lidem asi sp\u00ed\u0161e \u0161kodil. Dlouho jsem to ned\u011blal. Nicm\u00e9n\u011b \u010dty\u0159i roky je\u0161t\u011b  budu sen\u00e1torem a pak uvid\u00edme,\u201c sd\u011blil Sobotka. Dientsbier je tak\u00e9  v\u00a0Sen\u00e1tu, ale vystudoval pr\u00e1va, tak\u017ee by se k\u00a0nim mo\u017en\u00e1 vr\u00e1til. \u201ePo  postu ministra zahrani\u010d\u00ed bych mo\u017en\u00e1 taky r\u00e1d z\u00a0t\u00e9 politiky vylezl,\u201c  dodal Schwarzenberg.<\/p>\n<p>\u201eVr\u00e1til bych se u\u010dit na Institut ekonomick\u00fdch studi\u00ed na Fakult\u011b  soci\u00e1ln\u00edch v\u011bd Univerzity Karlovy,\u201c odpov\u011bd\u011bl Dlouh\u00fd. \u201eJako d\u016fchodce \u010di  jezevec bych se vr\u00e1til do sv\u00e9 nory na Vyso\u010din\u011b,\u201c poznamenal Zeman, co\u017e  nahr\u00e1lo Sobotkovi k\u00a0tomu, aby se sv\u011b\u0159il s\u00a0t\u00edm, \u017ee mu zahradu jeden  jezevec celou p\u0159eoral. \u201eNo, v\u00a0k\u0159e\u010di nebudu a budu d\u011blat d\u00e1l v oboru,  jemu\u017e rozum\u00edm,\u201c zakon\u010dil Fischer.<\/p>\n<h4>Jak\u00fd bude t\u00fdm?<\/h4>\n<p>A z\u00a0jak\u00fdch lid\u00ed by sestavili sv\u016fj t\u00fdm na Hrad\u011b? Schwarzenberg by se  obklopil pracovit\u00fdmi \u00fa\u0159edn\u00edky, Dlouh\u00fd tak\u00e9, ale takov\u00fdmi, co budou m\u00edt  od n\u011bj odli\u0161n\u00e9 n\u00e1zory. Podle Zemana je sou\u010dasn\u00fd t\u00fdm na Hrad\u011b dobr\u00fd,  tak\u017ee by si tam vzal jen \u0159idi\u010de a sekret\u00e1\u0159e a rozlou\u010dil by se  s\u00a0ideology, jak\u00fdmi jsou Petr H\u00e1jek a Ladislav Jakl. Sobotka by si vzal  man\u017eelku a lidi, co zn\u00e1. \u201eNebral bych tam lidi jako Ji\u0159\u00ed Weigl \u010di  Miroslav \u0160louf, co domlouvali minulou volbu prezidenta. Velmi r\u00e1d bych  ve sv\u00e9m t\u00fdmu m\u011bl takov\u00e9 odborn\u00edky, jako Eli\u0161ka Wagnerov\u00e1, Pavel Mertl\u00edk,  Vladim\u00edr \u0160pidla, Anna \u0160abatov\u00e1 \u010di Jan Keller,\u201c podotkl Dientsbier.  Fischer se obklop\u00ed produktivn\u00edmi a kreativn\u00edmi lidmi.<\/p>\n<h4>Kolik daj\u00ed do kampan\u011b?<\/h4>\n<p>Zemanova kampa\u0148 pr\u00fd bude st\u00e1t nejv\u00fd\u0161 1,5 milionu korun. \u201eNap\u0159\u00edklad  zn\u00e1m\u00e9 JZD Ho\u0161tice vyhodily pen\u00edze na mou prezentaci,\u201c zavtipkoval.  Dlouh\u00fd nem\u00e1 sice r\u00e1d, kdy\u017e se na sebe mus\u00ed d\u00edvat na ka\u017ed\u00e9m billboardu,  ale jeho kampa\u0148 bude tak za deset milion\u016f. Sobotka, o\u010dividn\u011b v\u00a0dobr\u00e9  n\u00e1lad\u011b, podotkl, \u017ee kampa\u0148 pod deset milion\u016f korun po\u0159\u00eddit v\u00a0podstat\u011b  nelze. On na ni bude m\u00edt milion\u016f patn\u00e1ct. Dientsbier bude m\u00edt p\u0159es  patn\u00e1ct milion\u016f korun a Schwarzenberg zhruba taky tolik. \u00a0Fischer v  p\u0159enosu vysv\u011btlil, \u017ee se vejde do dvaceti a\u017e t\u0159iceti milion\u016f korun.<\/p>\n<h4>A co zahrani\u010dn\u00ed politika?<\/h4>\n<p>Havl\u00ed\u010dek se tak\u00e9 pozastavil nad troj\u00ed zahrani\u010dn\u00ed politikou \u010ceska a  zeptal se z\u00e1jemc\u016f o Hrad, jak\u00e1 by m\u011bla b\u00fdt ta jednotn\u00e1? Zeman je pro  jednotnou zahrani\u010dn\u00ed a bezpe\u010dnostn\u00ed politiku v\u00a0r\u00e1mci cel\u00e9 Evropsk\u00e9 unie.  Vyhodil by kari\u00e9rn\u00ed diplomaty a nahradil je ekonomick\u00fdmi experty na tu  danou oblast. M\u011bli bychom vstoupit i na takov\u00e9 zaj\u00edmav\u00e9 trhy jak\u00fdmi jsou  Indie a Braz\u00edlie. Podle Schwarzenberga by srdce Evropy m\u011blo vykon\u00e1vat  aktivn\u00ed proevropskou politiku. \u201eKdybychom byli na Islandu, tak  pop\u0159em\u00fd\u0161l\u00edme o tom, jestli se v\u00edce p\u0159iklonit k\u00a0Americe anebo k\u00a0Evrop\u011b,  ale u n\u00e1s takov\u00e9 my\u0161lenky nehroz\u00ed,\u201c zavtipkoval kn\u00ed\u017ee.<\/p>\n<p>Podle Dlouh\u00e9ho je jednou stranou mince suverenita \u010ceska a druhou na\u0161e  p\u0159\u00edslu\u0161nost k\u00a0z\u00e1padn\u00ed Evrop\u011b. V\u016f\u010di euru a evropsk\u00e9 integraci je pr\u00fd  rezervovan\u00fd. Dienstbier pova\u017euje za z\u00e1kladn\u00ed proklet\u00ed, \u017ee na\u0161e  zahrani\u010dn\u00ed politika zn\u00ed r\u016fzn\u00fdmi hlasy. Pr\u00e1v\u011b prezident by je m\u011bl pr\u00fd  sjednocovat, jinak n\u00e1s v\u00a0Bruselu budou po\u0159\u00e1d pova\u017eovat za bl\u00e1zny.  Sobotka zd\u016fraznil, \u017ee politici by m\u011bli v\u00a0cizin\u011b otev\u00edrat dve\u0159e pro  byznys, ale ned\u011blat byznys.<\/p>\n<h4>Sobotkovy let\u00e1ky<\/h4>\n<p>V\u0161ichni pak je\u0161t\u011b p\u0159idali p\u00e1r podn\u011bt\u016f, jen Zeman prohl\u00e1sil, \u017ee jeho  p\u0159\u00edsp\u011bvek byl tak hutn\u00fd, \u017ee net\u0159eba nic dod\u00e1vat. Debata t\u00edm do\u0161la  k\u00a0z\u00e1v\u011bru. Jedin\u00fdm kandid\u00e1tem, co se zde nepropagoval jen silou sv\u00fdch  my\u0161lenek, byl P\u0159emysl Sobotka. Na n\u011bkter\u00fdch stolech toti\u017e le\u017eely jeho  propaga\u010dn\u00ed let\u00e1ky. Vypad\u00e1 na nich st\u00e1totvorn\u011b, u krku mu vis\u00ed kravata  v\u00a0barv\u011b trikol\u00f3ry.<\/p>\n<p><a href=\"http:\/\/www.parlamentnilisty.cz\/rss\/zpravy\/Zeman-by-z-hradniho-tymu-vylil-akorat-ideology-Jakla-s-Hajkem-254342\" target=\"_blank\">Zdroj<\/a><\/p>\n","protected":false},"excerpt":{"rendered":"<p>Nejlevn\u011bj\u0161\u00ed volebn\u00ed kampa\u0148 bude m\u00edt Milo\u0161 Zeman, nejdra\u017e\u0161\u00ed zase Jan Fischer. To se mimo jin\u00e9 \u0159e\u0161ilo na prezidentsk\u00e9 debat\u011b v pra\u017esk\u00e9m hotelu Ambassador, kterou uspo\u0159\u00e1dala Asociace mal\u00fdch a st\u0159edn\u00edch podnik\u016f a \u017eivnostn\u00edk\u016f. P\u0159i ot\u00e1zce ohledn\u011b t\u00fdmu spolupracovn\u00edk\u016f jezevec z Vyso\u010diny prohl\u00e1sil, \u017ee sou\u010dasn\u00fd t\u00fdm na Hrad\u011b je dobr\u00fd, jen mu vad\u00ed ideologov\u00e9, jak\u00fdmi jsou Petr [&hellip;]<\/p>\n","protected":false},"author":1,"featured_media":0,"comment_status":"open","ping_status":"open","sticky":false,"template":"","format":"standard","meta":{"ngg_post_thumbnail":0,"footnotes":""},"categories":[11],"tags":[],"class_list":["post-3195","post","type-post","status-publish","format-standard","hentry","category-ozvena"],"_links":{"self":[{"href":"https:\/\/www.ladislavjakl.cz\/index.php?rest_route=\/wp\/v2\/posts\/3195","targetHints":{"allow":["GET"]}}],"collection":[{"href":"https:\/\/www.ladislavjakl.cz\/index.php?rest_route=\/wp\/v2\/posts"}],"about":[{"href":"https:\/\/www.ladislavjakl.cz\/index.php?rest_route=\/wp\/v2\/types\/post"}],"author":[{"embeddable":true,"href":"https:\/\/www.ladislavjakl.cz\/index.php?rest_route=\/wp\/v2\/users\/1"}],"replies":[{"embeddable":true,"href":"https:\/\/www.ladislavjakl.cz\/index.php?rest_route=%2Fwp%2Fv2%2Fcomments&post=3195"}],"version-history":[{"count":1,"href":"https:\/\/www.ladislavjakl.cz\/index.php?rest_route=\/wp\/v2\/posts\/3195\/revisions"}],"predecessor-version":[{"id":3196,"href":"https:\/\/www.ladislavjakl.cz\/index.php?rest_route=\/wp\/v2\/posts\/3195\/revisions\/3196"}],"wp:attachment":[{"href":"https:\/\/www.ladislavjakl.cz\/index.php?rest_route=%2Fwp%2Fv2%2Fmedia&parent=3195"}],"wp:term":[{"taxonomy":"category","embeddable":true,"href":"https:\/\/www.ladislavjakl.cz\/index.php?rest_route=%2Fwp%2Fv2%2Fcategories&post=3195"},{"taxonomy":"post_tag","embeddable":true,"href":"https:\/\/www.ladislavjakl.cz\/index.php?rest_route=%2Fwp%2Fv2%2Ftags&post=3195"}],"curies":[{"name":"wp","href":"https:\/\/api.w.org\/{rel}","templated":true}]}}