{"id":3197,"date":"2012-11-23T15:53:34","date_gmt":"2012-11-23T14:53:34","guid":{"rendered":"http:\/\/www.ladislavjakl.cz\/?p=3197"},"modified":"2012-11-23T15:53:34","modified_gmt":"2012-11-23T14:53:34","slug":"cirkevni-restituce-plati-prezident-zakon-nevetoval-ale-ani-nepodepsal","status":"publish","type":"post","link":"https:\/\/www.ladislavjakl.cz\/?p=3197","title":{"rendered":"C\u00edrkevn\u00ed restituce plat\u00ed. Prezident z\u00e1kon nevetoval, ale ani nepodepsal"},"content":{"rendered":"<p>Boj o c\u00edrkevn\u00ed restituce je u konce. Prezident V\u00e1clav  Klaus nechal z\u00e1kon proj\u00edt, rozhodl se ho ale nepodepsat. Je to pr\u00fd v\u00fdraz  jeho osobn\u00edch postoj\u016f, kter\u00fdm se distancuje od zpracov\u00e1n\u00ed tohoto  z\u00e1kona. Vl\u00e1d\u011b na druhou stranu nechce komplikovat situaci.<\/p>\n<p><!--more-->Podle  prezidenta z\u00e1kon nastavuje nerovn\u00e9 podm\u00ednky v p\u0159\u00edstupu st\u00e1tu k  restituc\u00edm, ob\u00e1v\u00e1 se kv\u016fli tomu p\u0159\u00edpadn\u00e9ho vzniku nov\u00fdch restitu\u010dn\u00edch  n\u00e1rok\u016f.<\/p>\n<p>V\u00e1clav Klaus tak\u00e9 pouk\u00e1zal na to, \u017ee nad schv\u00e1len\u00fdm \u0159e\u0161en\u00edm nepanuje konsenzus na politick\u00e9 sc\u00e9n\u011b ani ve spole\u010dnosti.<\/p>\n<p>\u201eJde o to, \u017ee si problematika vztahu c\u00edrkv\u00ed a st\u00e1tu zaslou\u017eila  za ta l\u00e9ta \u010dist\u0161\u00ed, koncep\u010dn\u011bj\u0161\u00ed a konsensu\u00e1ln\u011bj\u0161\u00ed \u0159e\u0161en\u00ed. Faktem je, \u017ee  tento z\u00e1kon dost nekonzistentn\u011b smotal n\u011bkolik v\u011bc\u00ed dohromady a pr\u00e1vem  se setkal s velkou kritikou ve\u0159ejnosti,\u201c \u0159ekl ve vys\u00edl\u00e1n\u00ed Radio\u017eurn\u00e1lu  prezident\u016fv tajemn\u00edk Ladislav Jakl.<\/p>\n<p>Pouk\u00e1zal na to, \u017ee pen\u00edze maj\u00ed dostat tak\u00e9 c\u00edrkve, kter\u00fdch se zabr\u00e1n\u00ed  majetk\u016f komunistick\u00fdm re\u017eimem net\u00fdk\u00e1. To pr\u00fd dokazuje, \u017ee z\u00e1kon nen\u00ed  restituc\u00ed, ale dotac\u00ed c\u00edrkv\u00edm. \u201eTo v\u016fbec nesouvis\u00ed s n\u011bjak\u00fdmi k\u0159ivdami  nebo \u0161kodami,\u201c podotkl Jakl.<\/p>\n<p>Na druh\u00e9 stran\u011b prezident ve sv\u00e9m zd\u016fvodn\u011bn\u00ed napsal, \u017ee  p\u0159\u00edprava a p\u0159ijet\u00ed z\u00e1kona byly jedn\u00edm z p\u0159edem ozn\u00e1men\u00fdch z\u00e1m\u011br\u016f vl\u00e1dn\u00ed  koalice a \u017ee je p\u0159edloha pro stabilitu kabinetu kl\u00ed\u010dov\u00e1. Z\u00e1kon nechce  Poslaneck\u00e9 sn\u011bmovn\u011b vracet i z toho d\u016fvodu, aby nevyost\u0159oval vztahy na  politick\u00e9 sc\u00e9n\u011b a vl\u00e1du nepodroboval dal\u0161\u00edm zkou\u0161k\u00e1m.<\/p>\n<p>\u201eFaktem  je, \u017ee kdyby prezident vr\u00e1til tento z\u00e1kon, na v\u00fdsledku by se toho mnoho  nezm\u011bnilo, proto\u017ee jeho veto by bylo velmi hrav\u011b p\u0159ehlasov\u00e1no. Ale zase  necht\u011bl nechat z\u00e1kon proj\u00edt jen tak bez n\u011bjak\u00e9 kritiky,\u201c vysv\u011btlil Jakl  prezident\u016fv postoj.<\/p>\n<p><strong>\u010cSSD je zklaman\u00e1, chyst\u00e1 \u00fastavn\u00ed st\u00ed\u017enost<\/strong><\/p>\n<p>Premi\u00e9r Petr Ne\u010das (ODS) uvedl, \u017ee respektuje Klausovo pr\u00e1vo  nechat normu bez podpisu a \u017ee majetkov\u00e9 narovn\u00e1n\u00ed c\u00edrkv\u00ed je pot\u0159ebn\u00e9.  Restitu\u010dn\u00ed z\u00e1kon podle n\u011bj odblokuje rozvoj 1200 m\u011bst a obc\u00ed po 20  letech nejistoty.<\/p>\n<p>S majetkov\u00fdm vyrovn\u00e1n\u00edm st\u00e1tu s c\u00edrkvemi nesouhlas\u00ed soci\u00e1ln\u00ed  demokrat\u00e9, kte\u0159\u00ed prezidenta vyz\u00fdvali, aby p\u0159edlohu vetoval. Fakt, \u017ee to  neud\u011blal, ozna\u010dil poslanec \u010cSSD Jeron\u00fdm Tejc za zklam\u00e1n\u00ed a Klaus\u016fv  alibismus.<\/p>\n<p>\u201ePop\u0159el s\u00e1m sebe a to, co dlouhodob\u011b hl\u00e1s\u00e1, \u017ee nechce, aby byla  prolomena hranice roku 1948 p\u0159i restituc\u00edch a byly nap\u0159\u00edklad  zpochybn\u011bny Bene\u0161ovy dekrety, nicm\u00e9n\u011b je to jeho pr\u00e1vo. To, co m\u011b  zar\u00e1\u017e\u00ed, je, \u017ee se zachoval alibisticky, kdy\u017e tento z\u00e1kon v uvozovk\u00e1ch  nepodepsal,\u201c reagoval na rozhodnut\u00ed prezidenta Tejc.<\/p>\n<p>\u0160\u00e9f \u010cSSD Bohuslav Sobotka potvrdil, \u017ee jeho strana napadne  c\u00edrkevn\u00ed restituce u \u00dastavn\u00edho soudu. Soci\u00e1ln\u00ed demokrat\u00e9 si cht\u011bj\u00ed  st\u011b\u017eovat na proceduru projedn\u00e1van\u00ed p\u0159edlohy i jej\u00ed obsah.<\/p>\n<p>\u201e\u00dastavn\u00ed st\u00ed\u017enost chceme podat bezprost\u0159edn\u011b pot\u00e9, co z\u00e1kon  vyjde ve sb\u00edrce z\u00e1kon\u016f. Jde n\u00e1m zejm\u00e9na o ot\u00e1zku nerovn\u00e9ho p\u0159\u00edstupu k  restituent\u016fm po roce 1989. Jestli\u017ee se tady maj\u00ed odstra\u0148ovat star\u00e9  k\u0159ivdy, pak my budeme napadat ot\u00e1zku finan\u010dn\u00ed kompenzace, kter\u00e1 byla  poskytnuta c\u00edrkv\u00edm,\u201c \u0159ekl Sobotka.<\/p>\n<p>Z\u00e1kon o c\u00edrkevn\u00edch restituc\u00edch za\u010dne platit prvn\u00edho ledna, rok  maj\u00ed c\u00edrkve na to, aby p\u0159ihl\u00e1sily svoje po\u017eadavky na vr\u00e1cen\u00ed majetku.  Levicov\u00e9 strany u\u017e dop\u0159edu avizovaly, \u017ee proti restituc\u00edm podaj\u00ed \u00fastavn\u00ed st\u00ed\u017enost.<\/p>\n<p><strong>Hranice 1948<\/strong><\/p>\n<p>Milan Badal, kn\u011bz a asistent kardin\u00e1la Duky potvrdil, \u017ee  kardin\u00e1l, respektive biskupsk\u00e1 konference, prezident\u016fv postup  jednozna\u010dn\u011b v\u00edt\u00e1. \u201eT\u00edm postojem umo\u017enil, aby z\u00e1kon ve\u0161el v platnost,\u201c  uvedl s t\u00edm, \u017ee absence prezidentova podpisu nevad\u00ed.<\/p>\n<p>\u201ePrezident setrval na sv\u00e9m stanovisku a zejm\u00e9na, \u017ee mu nebyly  vyvr\u00e1ceny jeho n\u00e1mitky proto tomu, \u017ee bude prolomena hranice 25.  \u00fanora1948,\u201c zd\u016fraznil soci\u00e1ln\u011bdemokratick\u00fd poslanec Stanislav K\u0159e\u010dek.  Podle n\u011bho tak dal prezident z\u0159eteln\u011b najevo, co si o z\u00e1konu mysl\u00ed.<\/p>\n<p>Prolomen\u00ed t\u00e9to hranice v\u0161ak Badal vylou\u010dil. \u201eNa stran\u011b 1 z\u00e1kona  je v 10. \u0158\u00e1dku taxativn\u011b uvedeno, \u017ee to nesm\u00ed j\u00edt pod 25. \u00danor 1948. Je  to nezpochybniteln\u00e9. Okam\u017eit\u011b jsme pana prezidenta ujistili, \u017ee  nebudeme vzn\u00e1\u0161et n\u00e1roky, kter\u00e9 by eventu\u00e1ln\u011b na hranici n\u011bjak\u00fdm zp\u016fsobem  \u00fato\u010dily.\u201c<\/p>\n<p><a href=\"http:\/\/media.rozhlas.cz\/_obrazek\/2761758--cirkevni-restituce--1p0.png\"><img loading=\"lazy\" decoding=\"async\" style=\"border: 0px none;\" title=\"C\u00edrkevn\u00ed restituce\u00a0-\u00a0Foto:\u00a0 \u010cTK\" src=\"http:\/\/media.rozhlas.cz\/_obrazek\/2761758--cirkevni-restituce--1-610x469p0.png\" border=\"0\" alt=\"C\u00edrkevn\u00ed restituce\u00a0-\u00a0Foto:\u00a0 \u010cTK\" width=\"317\" height=\"243\" \/><\/a><\/p>\n<p><span>C\u00edrkevn\u00ed restituce<\/span><\/p>\n<p><span><a href=\"http:\/\/www.rozhlas.cz\/zpravy\/politika\/_zprava\/cirkevni-restituce-plati-prezident-zakon-nevetoval-ale-ani-nepodepsal--1140298\" target=\"_blank\">Zdroj<\/a><br \/>\n<\/span><\/p>\n","protected":false},"excerpt":{"rendered":"<p>Boj o c\u00edrkevn\u00ed restituce je u konce. Prezident V\u00e1clav Klaus nechal z\u00e1kon proj\u00edt, rozhodl se ho ale nepodepsat. Je to pr\u00fd v\u00fdraz jeho osobn\u00edch postoj\u016f, kter\u00fdm se distancuje od zpracov\u00e1n\u00ed tohoto z\u00e1kona. Vl\u00e1d\u011b na druhou stranu nechce komplikovat situaci.<\/p>\n","protected":false},"author":1,"featured_media":0,"comment_status":"open","ping_status":"open","sticky":false,"template":"","format":"standard","meta":{"ngg_post_thumbnail":0,"footnotes":""},"categories":[11],"tags":[],"class_list":["post-3197","post","type-post","status-publish","format-standard","hentry","category-ozvena"],"_links":{"self":[{"href":"https:\/\/www.ladislavjakl.cz\/index.php?rest_route=\/wp\/v2\/posts\/3197","targetHints":{"allow":["GET"]}}],"collection":[{"href":"https:\/\/www.ladislavjakl.cz\/index.php?rest_route=\/wp\/v2\/posts"}],"about":[{"href":"https:\/\/www.ladislavjakl.cz\/index.php?rest_route=\/wp\/v2\/types\/post"}],"author":[{"embeddable":true,"href":"https:\/\/www.ladislavjakl.cz\/index.php?rest_route=\/wp\/v2\/users\/1"}],"replies":[{"embeddable":true,"href":"https:\/\/www.ladislavjakl.cz\/index.php?rest_route=%2Fwp%2Fv2%2Fcomments&post=3197"}],"version-history":[{"count":2,"href":"https:\/\/www.ladislavjakl.cz\/index.php?rest_route=\/wp\/v2\/posts\/3197\/revisions"}],"predecessor-version":[{"id":3199,"href":"https:\/\/www.ladislavjakl.cz\/index.php?rest_route=\/wp\/v2\/posts\/3197\/revisions\/3199"}],"wp:attachment":[{"href":"https:\/\/www.ladislavjakl.cz\/index.php?rest_route=%2Fwp%2Fv2%2Fmedia&parent=3197"}],"wp:term":[{"taxonomy":"category","embeddable":true,"href":"https:\/\/www.ladislavjakl.cz\/index.php?rest_route=%2Fwp%2Fv2%2Fcategories&post=3197"},{"taxonomy":"post_tag","embeddable":true,"href":"https:\/\/www.ladislavjakl.cz\/index.php?rest_route=%2Fwp%2Fv2%2Ftags&post=3197"}],"curies":[{"name":"wp","href":"https:\/\/api.w.org\/{rel}","templated":true}]}}