{"id":3207,"date":"2012-11-29T14:02:49","date_gmt":"2012-11-29T13:02:49","guid":{"rendered":"http:\/\/www.ladislavjakl.cz\/?p=3207"},"modified":"2012-11-29T14:02:49","modified_gmt":"2012-11-29T13:02:49","slug":"jakl-v-ustavu-prava-a-pravni-vedy-media-vybiraji-az-pak-obcan-voli","status":"publish","type":"post","link":"https:\/\/www.ladislavjakl.cz\/?p=3207","title":{"rendered":"Jakl v \u00dastavu pr\u00e1va a pr\u00e1vn\u00ed v\u011bdy: M\u00e9dia vyb\u00edraj\u00ed, a\u017e pak ob\u010dan vol\u00ed"},"content":{"rendered":"<p>Video uvnit\u0159 \u010dl\u00e1nku.<\/p>\n<p><!--more--><a href=\"http:\/\/www.ustavprava.cz\/cz\/clanek\/video-ze-setkani-s-ladislavem-jaklem-159\" target=\"_blank\">Zdroj zde<\/a><\/p>\n","protected":false},"excerpt":{"rendered":"<p>Video uvnit\u0159 \u010dl\u00e1nku.<\/p>\n","protected":false},"author":1,"featured_media":0,"comment_status":"open","ping_status":"open","sticky":false,"template":"","format":"standard","meta":{"ngg_post_thumbnail":0,"footnotes":""},"categories":[17,12],"tags":[],"class_list":["post-3207","post","type-post","status-publish","format-standard","hentry","category-jakl-president","category-video"],"_links":{"self":[{"href":"https:\/\/www.ladislavjakl.cz\/index.php?rest_route=\/wp\/v2\/posts\/3207","targetHints":{"allow":["GET"]}}],"collection":[{"href":"https:\/\/www.ladislavjakl.cz\/index.php?rest_route=\/wp\/v2\/posts"}],"about":[{"href":"https:\/\/www.ladislavjakl.cz\/index.php?rest_route=\/wp\/v2\/types\/post"}],"author":[{"embeddable":true,"href":"https:\/\/www.ladislavjakl.cz\/index.php?rest_route=\/wp\/v2\/users\/1"}],"replies":[{"embeddable":true,"href":"https:\/\/www.ladislavjakl.cz\/index.php?rest_route=%2Fwp%2Fv2%2Fcomments&post=3207"}],"version-history":[{"count":2,"href":"https:\/\/www.ladislavjakl.cz\/index.php?rest_route=\/wp\/v2\/posts\/3207\/revisions"}],"predecessor-version":[{"id":3209,"href":"https:\/\/www.ladislavjakl.cz\/index.php?rest_route=\/wp\/v2\/posts\/3207\/revisions\/3209"}],"wp:attachment":[{"href":"https:\/\/www.ladislavjakl.cz\/index.php?rest_route=%2Fwp%2Fv2%2Fmedia&parent=3207"}],"wp:term":[{"taxonomy":"category","embeddable":true,"href":"https:\/\/www.ladislavjakl.cz\/index.php?rest_route=%2Fwp%2Fv2%2Fcategories&post=3207"},{"taxonomy":"post_tag","embeddable":true,"href":"https:\/\/www.ladislavjakl.cz\/index.php?rest_route=%2Fwp%2Fv2%2Ftags&post=3207"}],"curies":[{"name":"wp","href":"https:\/\/api.w.org\/{rel}","templated":true}]}}