{"id":3244,"date":"2012-12-04T09:47:20","date_gmt":"2012-12-04T08:47:20","guid":{"rendered":"http:\/\/www.ladislavjakl.cz\/?p=3244"},"modified":"2012-12-04T09:47:20","modified_gmt":"2012-12-04T08:47:20","slug":"jakl-pred-peti-lety-kdo-si-mysli-ze-prima-volba-bude-lepsi-nez-neprima-chybne-srovnava-poznanou-realitu-se-svou-idealni-predstavou-nepoznaneho","status":"publish","type":"post","link":"https:\/\/www.ladislavjakl.cz\/?p=3244","title":{"rendered":"Jakl p\u0159ed p\u011bti lety: Kdo si mysl\u00ed, \u017ee p\u0159\u00edm\u00e1 volba bude lep\u0161\u00ed ne\u017e nep\u0159\u00edm\u00e1, chybn\u011b srovn\u00e1v\u00e1 poznanou realitu se svou ide\u00e1ln\u00ed p\u0159edstavou nepoznan\u00e9ho"},"content":{"rendered":"<p><strong>Je\u0161t\u011b v pr\u016fb\u011bhu volby\u00a0(<\/strong><span>v roce 2008<\/span><strong>) se koment\u00e1to\u0159i vyslovovali pro zaveden\u00ed p\u0159\u00edm\u00e9 volby prezidenta. Souhlas\u00edte s nimi? <\/strong><span>Ne. Nejsem p\u0159\u00edtelem p\u0159\u00edm\u00e9 volby. Srovn\u00e1v\u00e1me zn\u00e1m\u00e9 s ide\u00e1ln\u00ed p\u0159edstavou  nezn\u00e1m\u00e9ho. P\u0159\u00edm\u00e1 volba by byl teprve cirkus. Cirkus pen\u011bz, populismu,  medi\u00e1ln\u00edch manipulac\u00ed.<\/span><\/p>\n<p><!--more--><\/p>\n<p><strong>P\u0159\u00edm\u00e1 volba by teprve byl cirkus.<\/strong><\/p>\n<p>\u0160\u00e9fa poradc\u016f prezidenta Klause Ladislava Jakla na pr\u016fb\u011bhu prvn\u00ed volby  prezidenta nic moc nep\u0159ekvapilo. Ani \u00fatok zelen\u00fdch a jejich p\u0159edsedy na  V\u00e1clava Klause. \u201eP\u0159ekvapen mohl b\u00fdt jen ten, kdo si d\u011blal o tomto  kari\u00e9ristovi a politick\u00e9m turistovi nem\u00edstn\u00e9 iluze,\u201c \u0159\u00edk\u00e1 v rozhovoru s  51 PRO, kter\u00fd se uskute\u010dnil je\u0161t\u011b p\u0159ed druhou prezidentskou volbou.<\/p>\n<p><strong>Co jste b\u011bhem dvou dn\u016f prvn\u00ed prezidentsk\u00e9 volby d\u011blal, jak \u010dasto jste se sch\u00e1zel s prezidentem?<\/strong><br \/>\nSed\u011bl jsem ve \u0160pan\u011blsk\u00e9m s\u00e1le a ob\u010das odb\u00edhal do sv\u00e9 pracovny. Pan  prezident musel v\u011bt\u0161inou trpn\u011b sed\u011bt na sv\u00e9m m\u00edst\u011b, tak\u017ee v\u00edce jsme se  mohli poradit jen u ob\u011bda a ve\u010de\u0159e.<\/p>\n<p><strong>Jak se zm\u011bnilo ovzdu\u0161\u00ed a atmosf\u00e9ra leto\u0161n\u00ed volby oproti t\u00e9 minul\u00e9 v\u00a0roce 2003?<\/strong><br \/>\nMinule jsem ji sledoval ze sv\u00e9 tehdej\u0161\u00ed pracovny ve sn\u011bmovn\u011b, tak t\u011b\u017eko  soudit. Nemysl\u00edm, \u017ee by se zm\u011bnila n\u011bjak dramaticky.<\/p>\n<div>\n<p><strong>Je\u0161t\u011b  v p\u00e1tek b\u011bhem prvn\u00edho kola prezidentsk\u00e9 volby jste tvrdil, \u017ee Ji\u0159\u00edmu  Paroubkovi snaha o ve\u0159ejn\u00e9 hlasov\u00e1n\u00ed asi neprojde. Jak si vysv\u011btlujete,  \u017ee nakonec pro\u0161la?<\/strong><br \/>\nTento trik byl u\u017e pops\u00e1n dostate\u010dn\u011b.  Bylo p\u0159edem jasn\u00e9, \u017ee ve v\u011bci demonstrativn\u00ed nebo tajn\u00e9 volby parlament  p\u0159i odd\u011blen\u00e9m hlasov\u00e1n\u00ed komor nem\u016f\u017ee p\u0159ijmou \u017e\u00e1dn\u00e9 stanovisko. Tak\u017ee se  v\u011bc narafi\u010dila tak, \u017ee se dalo hlasovat nejprve o volb\u011b tajn\u00e9. Parlament  ji pochopiteln\u011b neschv\u00e1lil (on by ale neschv\u00e1lil p\u0159i odd\u011blen\u00e9m  hlasov\u00e1n\u00ed komor ani tu demonstrativn\u00ed), a z toho se vyvodilo, \u017ee kdy\u017e  neplat\u00ed A (volba tajn\u00e1), mus\u00ed i bez hlasov\u00e1n\u00ed platit B (volba  demonstrativn\u00ed, manifesta\u010dn\u00ed). Tak se stalo, \u017ee parlament hlasoval  manifesta\u010dn\u011b, i kdy\u017e si to jeho v\u011bt\u0161ina nep\u0159\u00e1la. O tom, zda komory mohou  hlasovat spole\u010dn\u011b, se toti\u017e hlasovalo odd\u011blen\u011b. A proto\u017ee ve sn\u011bmovn\u011b  m\u00e1 v\u011bt\u0161inu koalice socialist\u016f, komunist\u016f a zelen\u00fdch, sn\u011bmovna hrav\u011b  spole\u010dn\u00e9mu hlasov\u00e1n\u00ed komor zabr\u00e1nila.<\/div>\n<p><strong>Nepodcenila volebn\u00ed koalice V\u00e1clava Klause riziko procedur\u00e1ln\u00edch obstrukc\u00ed ze strany soci\u00e1ln\u00ed demokracie?<\/strong><br \/>\nJ\u00e1 bych to snad ani nenazval obstrukce. Sp\u00ed\u0161 taktika. Ale je  pravdou,\u00a0\u017ee mnoh\u00e9 asi nenapadlo, \u017ee bychom m\u00edsto volby prov\u00e1d\u011bli  hlasov\u00e1n\u00ed.<\/p>\n<p><strong>Pova\u017eujete procedur\u00e1ln\u00ed spory, ke kter\u00fdm do\u0161lo  b\u011bhem prvn\u00ed prezidentsk\u00e9 volby, za norm\u00e1ln\u00ed projev demokracie, nebo za  ned\u016fstojnou fra\u0161ku, kter\u00e1 znehodnotila pr\u016fb\u011bh volby?<\/strong><br \/>\nZa  projev demokracie. A\u0165 se n\u00e1m to l\u00edb\u00ed, nebo ne. Jinou v\u011bc\u00ed bylo zabr\u00e1n\u011bn\u00ed  uskute\u010dnit t\u0159et\u00ed kolo prvn\u00ed volby je\u0161t\u011b v p\u00e1tek na z\u00e1klad\u011b fale\u0161n\u00e9ho  \u010dasov\u00e9ho \u00fadaje.<\/p>\n<p><strong>P\u0159ekvapil v\u00e1s v\u00fdrazn\u011b prezidentsk\u00fd kandid\u00e1t Jan \u0160vejnar, p\u0159\u00edpadn\u011b jeho t\u00fdm v pr\u016fb\u011bhu prezidentsk\u00e9 kampan\u011b?<\/strong><br \/>\nV\u016fbec ne. Ale o n\u011bj vlastn\u011b ne\u0161lo. On byl jen n\u00e1strojem v rukou jin\u00fdch.<\/p>\n<p><strong>B\u011bhem prvn\u00ed volby p\u0159ekvapil ob\u010dansk\u00e9 demokraty \u00fatok Martina Burs\u00edka a jeho zelen\u00fdch na prezidenta Klause. V\u00e1s tak\u00e9?<\/strong><br \/>\nTak tady mus\u00ed tak\u00e9 \u0159\u00edci: V\u016fbec ne. P\u0159ekvapen mohl b\u00fdt jen ten, kdo si  d\u011blal o tomto kari\u00e9ristovi a politick\u00e9m turistovi nem\u00edstn\u00e9 iluze.<\/p>\n<p><strong>Je  p\u0159edseda zelen\u00fdch podle v\u00e1s tak nekone\u010dn\u00fdm odp\u016frcem V\u00e1clava Klause, \u017ee  nedohl\u00e9dl, jak\u00fd m\u016f\u017ee m\u00edt jeho v\u00fdstup a n\u00e1sledn\u00e1 \u201eprocedur\u00e1ln\u00ed\u201c koalice s  Ji\u0159\u00edm Paroubkem d\u016fsledky pro koalici, nebo to bylo podle v\u00e1s v\u011bdom\u00e9?<\/strong><br \/>\nJ\u00e1 mu do jeho zelen\u00e9 hlavy nevid\u00edm.<\/p>\n<p><strong>Martin Burs\u00edk ozna\u010dil n\u00e1zory V\u00e1clava Klause za bizarn\u00ed. Kter\u00fd n\u00e1zor Martina Burs\u00edka pova\u017eujete za nejbizarn\u011bj\u0161\u00ed vy?<\/strong><br \/>\nNed\u011bl\u00e1m si hitpar\u00e1du jeho n\u00e1zor\u016f. Jestli jsou bizarn\u00ed, nebo ne, to  nechci posuzovat. Jsou prost\u011b skoro ve v\u0161em opa\u010dn\u00e9, ne\u017e jsou moje.<\/p>\n<p><strong>Souhlas\u00edte  se skeptick\u00fdm n\u00e1zorem, \u017ee prezidentsk\u00e1 volba n\u00e1m vyjevila budouc\u00ed  vl\u00e1dn\u00ed koalice na dlouh\u00e1 l\u00e9ta dop\u0159edu? Tedy \u010cSSD, KS\u010cM, Strana zelen\u00fdch a  ob\u010das lidovci?<\/strong><br \/>\nTak jednoduch\u00e9 to nen\u00ed. To chce hlub\u0161\u00ed anal\u00fdzu. Rozhodn\u011b se toho vyjevilo v\u00edc a ne pouze o t\u011bch to stran\u00e1ch.<\/p>\n<div>\n<p><strong>Jak\u00e9  poznatky jste si tedy odnesl vy? To, \u017ee soci\u00e1ln\u00ed demokracie zpochyb\u0148uje  volby a chce kontrolovat volitele (a zjevn\u011b nejen sv\u00e9) p\u0159i kl\u00ed\u010dov\u00fdch  hlasov\u00e1n\u00ed nen\u00ed jist\u011b nic nov\u00e9ho&#8230;<\/strong><br \/>\nNe\u0159ekl bych, \u017ee bych  si odnesl n\u011bjak\u00e9 p\u0159evratn\u00e9 poznatky. A kdy\u017e u\u017e, tak sp\u00ed\u0161 obecn\u011b lidsk\u00e9,  ne\u017e ty z politick\u00e9ho soudku. A kdy\u017e u\u017e ty obecn\u011b lidsk\u00e9, tak sp\u00ed\u0161  kvantitativn\u00ed ne\u017e kvalitativn\u00ed. Co\u017e mysl\u00edm tak, \u017ee jsem nezm\u011bnil na  n\u011bkoho n\u00e1zor, neobr\u00e1til ho kvalitativn\u011b. Jen jsem zjistil, kam a\u017e je  n\u011bkdo ve sv\u00e9m charakteru schopen doj\u00edt.<\/div>\n<p><strong>Jak hodnot\u00edte zpravodajstv\u00ed \u010cesk\u00e9 televize z prvn\u00ed volby? Bylo tenden\u010dn\u00ed, nebo jen nezvl\u00e1dnut\u00e9?<\/strong><br \/>\nSledoval jsem ho jen \u00fatr\u017ekovit\u011b a pro mne jasn\u011b fandilo Antiklaus\u016fm.<\/p>\n<p><strong>P\u0159em\u00fd\u0161lel hradn\u00ed t\u00fdm V\u00e1clava Klause mezi prvn\u00ed a druhou volbou o n\u011bjak\u00e9 z\u00e1sadn\u00ed zm\u011bn\u011b taktiky?<\/strong><br \/>\nJist\u011b. Bylo t\u0159eba daleko v\u00e1\u017en\u011bji br\u00e1t mo\u017enost manifesta\u010dn\u00ed volby.<\/p>\n<div>\n<p><strong>To znamen\u00e1 nepo\u010d\u00edtat s n\u011bkter\u00fdmi voli\u010di soci\u00e1ln\u00ed demokracie, kte\u0159\u00ed by V\u00e1clavu Klausovi pravd\u011bpodobn\u011b dali hlas v tajn\u00e9 volb\u011b?<\/strong><br \/>\nJe\u0161t\u011b p\u0159ipo\u010d\u00edtejte n\u011bkolik mo\u017en\u00fdch lidovc\u016f a nez\u00e1visl\u00fdch sen\u00e1tor\u016f. Ano,  skoro se mi to chv\u00edlemi zd\u00e1 b\u00fdt lep\u0161\u00ed, ne\u017e se po cel\u00e1 l\u00e9ta zase nechat  \u0161pinit nar\u010den\u00edmi, kdo a z jak\u00e9 motivace pr\u00fd volbu rozhodl.<\/div>\n<p><strong>D\u00e1  se srovn\u00e1vat man\u00e9vrovac\u00ed prostor prezidentsk\u00e9ho kandid\u00e1ta pro  p\u0159esv\u011bd\u010dov\u00e1n\u00ed volitel\u016f ve sv\u016fj prosp\u011bch b\u011bhem samotn\u00e9ho volebn\u00edho aktu  ve \u0160pan\u011blsk\u00e9m s\u00e1le a jedn\u00e1n\u00edmi, kter\u00e1 prob\u00edhala p\u0159ed n\u00edm?<\/strong><br \/>\nV den voleb m\u016f\u017ee kandid\u00e1t leda tak trpn\u011b pozorovat, co se kolem d\u011bje, a ob\u010das se i p\u011bkn\u011b divit.<\/p>\n<p><strong>Jsou  v\u00fdhr\u016f\u017eky, vulg\u00e1rn\u00ed SMS, kulky v dopisech, vystupov\u00e1n\u00ed poslanc\u016f z  poslaneck\u00e9ho klubu d\u016fsledkem ve\u0159ejn\u00e9ho hlasov\u00e1n\u00ed a argumentem pro tajnou  volbu?<\/strong><br \/>\nNe. Jsou argumentem pro trestn\u00ed st\u00edh\u00e1n\u00ed a lidsk\u00e9 opovr\u017een\u00ed.<\/p>\n<div>\n<p><strong>Je\u0161t\u011b v pr\u016fb\u011bhu volby se koment\u00e1to\u0159i vyslovovali pro zaveden\u00ed p\u0159\u00edm\u00e9 volby prezidenta. Souhlas\u00edte s nimi?<\/strong><br \/>\nNe. Nejsem p\u0159\u00edtelem p\u0159\u00edm\u00e9 volby. Srovn\u00e1v\u00e1me zn\u00e1m\u00e9 s ide\u00e1ln\u00ed p\u0159edstavou  nezn\u00e1m\u00e9ho. P\u0159\u00edm\u00e1 volba by byl teprve cirkus. Cirkus pen\u011bz, populismu,  medi\u00e1ln\u00edch manipulac\u00ed.<\/div>\n<p><strong>Co \u0159\u00edk\u00e1te vystoupen\u00ed  zpravodaje Die Welt, \u017ee pro n\u011bmeck\u00e9 politiky je t\u011b\u017eko p\u0159edstaviteln\u00e9, \u017ee  by prezidentem \u010cR byl v dob\u011b p\u0159edsednictv\u00ed EU V\u00e1clav Klaus?<\/strong><br \/>\n\u017de takov\u00e1 slova nem\u016f\u017ee \u0159\u00edct korektn\u00ed novin\u00e1\u0159. On ale korektn\u00ed novin\u00e1\u0159 nen\u00ed, u\u017e l\u00e9ta prov\u00e1d\u00ed jednostrannou propagandu.<\/p>\n<p><strong>Dovedete  si p\u0159edstavit, jak by dnes vypadala vl\u00e1da, p\u0159\u00edpadn\u011b vl\u00e1dn\u00ed koalice,  kdyby po minul\u00fdch sn\u011bmovn\u00edch volb\u00e1ch nebyl prezidentem V\u00e1clav Klaus, ale  Ji\u0159\u00ed \u0160vejnar?<\/strong><br \/>\nJejej, to jsou na m\u011b moc divok\u00e9 spekulace.<\/p>\n<p><strong>Se\u0161el byste se s Miroslavem \u0160loufem v hotelu Savoy, nebo kdekoliv jinde, byl-li byste pozv\u00e1n?<\/strong><br \/>\nJ\u00e1 obecn\u011b moc tyhle sch\u016fzky nep\u011bstuju. S k\u00fdmkoli.<\/p>\n<div>\n<p><strong>Jedn\u011bmi  z nejhlasit\u011bj\u0161\u00edch z\u00e1stupc\u016f \u0160vejnarovsk\u00e9ho t\u00e1bora jsou zast\u00e1nci  postaven\u00ed komunistick\u00e9 strany mimo z\u00e1kon, nap\u0159\u00edklad sen\u00e1tor Martin  Mejst\u0159\u00edk. Z\u00e1rove\u0148 jim mus\u00ed b\u00fdt jasn\u00e9, \u017ee jejich kandid\u00e1t bez komunist\u016f  b\u00fdt prezidentem nem\u016f\u017ee. Nen\u00ed to pon\u011bkud z\u00e1bavn\u00fd paradox?<\/strong><br \/>\nS\u00e1m si odpov\u00edd\u00e1te. Kdy\u017e komunisti v prvn\u00edch dvou kolech prvn\u00ed volby  volili \u0160vejnara a v\u016fbec i jinak ho ozna\u010dovali za\u00a0p\u0159ijateln\u00e9ho, bylo to  pro n\u011bkter\u00e9 tyto lidi v po\u0159\u00e1dku. Kdykoli se ale zazd\u00e1lo, \u017ee by komunisti  nemuseli volit tohoto Antiklause, tak to hned byla lump\u00e1rna a ne\u010dist\u00e9  spojen\u00ed. Nejv\u00edc m\u011b v tomto smyslu pobavil n\u011bkdej\u0161\u00ed fanatick\u00fd klausofob  mezi sen\u00e1tory, pan B\u00e1rta (KDU-\u010cSL), kdy\u017e napsal, \u017ee ODS t\u00edm, \u017ee sv\u00e9hlav\u011b  lp\u00ed na sv\u00e9m kandid\u00e1tovi, vlastn\u011b vtahuje do hry komunisty, proto\u017ee ti  spr\u00e1vn\u00ed a dob\u0159\u00ed nemaj\u00ed jinou mo\u017enost, ne\u017e komunisty slu\u0161n\u011b o podporu  po\u017e\u00e1dat. Jak ten vrah, co \u0159\u00edkal: J\u00e1 jsem ten n\u016f\u017e necht\u011bl vyt\u00e1hnout, za  to m\u016f\u017ee ten prop\u00edchnut\u00fd, proto\u017ee tu pen\u011b\u017eenku dr\u017eel tak sve\u0159ep\u011b.<\/div>\n<p><strong>Komunist\u00e9  vyt\u00e1hli do druh\u00e9 volby kandid\u00e1tku Janu Bobo\u0161\u00edkovou, kter\u00e1 kdysi  pracovala jako poradkyn\u011b V\u00e1clava Klause. V \u010dem mu v\u016fbec pan\u00ed Bobo\u0161\u00edkov\u00e1  radila?<\/strong><br \/>\n\u0160\u00e9fem odd\u011blen\u00ed poradc\u016f jsem byl tehdy j\u00e1 a m\u016f\u017eu prohl\u00e1sit, \u017ee \u017e\u00e1dnou poradkyn\u00ed nebyla. N\u011bkolikr\u00e1t se stavila na kus \u0159e\u010di.<\/p>\n<p><strong>Je spojov\u00e1n\u00ed problematiky protiraketov\u00e9ho radaru s podporou p\u0159i prezidentsk\u00e9 volb\u011b Jana \u0160vejnara legitimn\u00ed?<\/strong><br \/>\nUr\u010dit\u011b ano. Je to dokonce typick\u00fd p\u0159\u00edklad politick\u00e9ho vyjedn\u00e1v\u00e1n\u00ed.<\/p>\n<p><strong>M\u016f\u017ee  ovlivnit zp\u016fsob volby a n\u00e1tlakov\u00e9 metody soci\u00e1ln\u00ed demokracie a zelen\u00fdch  na volitele budouc\u00ed p\u0159\u00edstup prezidenta k z\u00e1stupc\u016fm t\u011bchto strany p\u0159i  politick\u00fdch jedn\u00e1n\u00edch na Hrad\u011b?<\/strong><br \/>\nMysl\u00edm, \u017ee ne. V\u017edy\u0165 to zas nebylo \u017e\u00e1dn\u00e9 p\u0159ekvapen\u00ed.<br \/>\n<strong>V  jednom z rozhovor\u016f jste tvrdil, \u017ee na prezidentskou volbu se nabaluje  spousty m\u00fdt\u016f. Kter\u00fd je nejv\u011bt\u0161\u00ed? \u017de se v z\u00e1kulis\u00ed kupuj\u00ed hlasy?<\/strong><br \/>\nTo tak\u00e9. Ale hlavn\u011b to, jak prezident a jeho t\u00fdm rok dop\u0159edu ni\u010d\u00edm  jin\u00fdm ne\u017eil. A my p\u0159itom norm\u00e1ln\u011b pracovali i ve dny voleb.<\/p>\n<p><strong>Je  v\u00e1\u0161 n\u00e1zor, \u017ee Ji\u0159\u00ed Paroubek si schov\u00e1v\u00e1 svou kandidaturu na prezidenta  a\u017e na p\u0159\u00ed\u0161t\u00ed volbu, bonmot, nebo v jeho kroc\u00edch vid\u00edte jasnou logiku,  sm\u011b\u0159uj\u00edc\u00ed k tomuto c\u00edli?<\/strong><br \/>\nNeodvozuji tak z jeho krok\u016f, ale z jeho ohromn\u00fdch ambic\u00ed.<\/p>\n<p><strong>Volba  prezidenta se odehr\u00e1v\u00e1 na Hrad\u011b jist\u011b za p\u0159\u00edsn\u00fdch bezpe\u010dnostn\u00edch  podm\u00ednek. Nen\u00ed pro v\u00e1s do jist\u00e9 m\u00edry \u0161okuj\u00edc\u00ed, \u017ee na toalet\u00e1ch mohou  b\u011bhem volby z\u00e1konod\u00e1rc\u016fm vyhro\u017eovat nezn\u00e1m\u00e9 osoby?<\/strong><br \/>\nPokud v\u00edm, tak to zas tak nezn\u00e1m\u00e1 osoba nebyla.<\/p>\n<p>Marek Stoni\u0161, PRO51, 2\/2008<\/p>\n","protected":false},"excerpt":{"rendered":"<p>Je\u0161t\u011b v pr\u016fb\u011bhu volby\u00a0(v roce 2008) se koment\u00e1to\u0159i vyslovovali pro zaveden\u00ed p\u0159\u00edm\u00e9 volby prezidenta. Souhlas\u00edte s nimi? Ne. Nejsem p\u0159\u00edtelem p\u0159\u00edm\u00e9 volby. Srovn\u00e1v\u00e1me zn\u00e1m\u00e9 s ide\u00e1ln\u00ed p\u0159edstavou nezn\u00e1m\u00e9ho. P\u0159\u00edm\u00e1 volba by byl teprve cirkus. Cirkus pen\u011bz, populismu, medi\u00e1ln\u00edch manipulac\u00ed.<\/p>\n","protected":false},"author":1,"featured_media":0,"comment_status":"open","ping_status":"open","sticky":false,"template":"","format":"standard","meta":{"ngg_post_thumbnail":0,"footnotes":""},"categories":[13],"tags":[],"class_list":["post-3244","post","type-post","status-publish","format-standard","hentry","category-rozhovory"],"_links":{"self":[{"href":"https:\/\/www.ladislavjakl.cz\/index.php?rest_route=\/wp\/v2\/posts\/3244","targetHints":{"allow":["GET"]}}],"collection":[{"href":"https:\/\/www.ladislavjakl.cz\/index.php?rest_route=\/wp\/v2\/posts"}],"about":[{"href":"https:\/\/www.ladislavjakl.cz\/index.php?rest_route=\/wp\/v2\/types\/post"}],"author":[{"embeddable":true,"href":"https:\/\/www.ladislavjakl.cz\/index.php?rest_route=\/wp\/v2\/users\/1"}],"replies":[{"embeddable":true,"href":"https:\/\/www.ladislavjakl.cz\/index.php?rest_route=%2Fwp%2Fv2%2Fcomments&post=3244"}],"version-history":[{"count":2,"href":"https:\/\/www.ladislavjakl.cz\/index.php?rest_route=\/wp\/v2\/posts\/3244\/revisions"}],"predecessor-version":[{"id":3246,"href":"https:\/\/www.ladislavjakl.cz\/index.php?rest_route=\/wp\/v2\/posts\/3244\/revisions\/3246"}],"wp:attachment":[{"href":"https:\/\/www.ladislavjakl.cz\/index.php?rest_route=%2Fwp%2Fv2%2Fmedia&parent=3244"}],"wp:term":[{"taxonomy":"category","embeddable":true,"href":"https:\/\/www.ladislavjakl.cz\/index.php?rest_route=%2Fwp%2Fv2%2Fcategories&post=3244"},{"taxonomy":"post_tag","embeddable":true,"href":"https:\/\/www.ladislavjakl.cz\/index.php?rest_route=%2Fwp%2Fv2%2Ftags&post=3244"}],"curies":[{"name":"wp","href":"https:\/\/api.w.org\/{rel}","templated":true}]}}