{"id":3247,"date":"2012-12-04T09:55:28","date_gmt":"2012-12-04T08:55:28","guid":{"rendered":"http:\/\/www.ladislavjakl.cz\/?p=3247"},"modified":"2012-12-04T09:55:28","modified_gmt":"2012-12-04T08:55:28","slug":"a-co-cesti-ekoteroriste-kdy-ti-odejdou-do-lesu","status":"publish","type":"post","link":"https:\/\/www.ladislavjakl.cz\/?p=3247","title":{"rendered":"A co \u010de\u0161t\u00ed ekoterorist\u00e9? Kdy ti odejdou do les\u016f?"},"content":{"rendered":"<p>Na\u0161i extremist\u00e9 zas zvedaj\u00ed hlavu. A m\u00e9dia jim na to  sk\u00e1\u010dou a d\u011blaj\u00ed reklamu jejich sch\u016fzov\u00e1n\u00ed. Voli\u010di je p\u0159ed dv\u011bma lety  vyhnali z\u00a0vl\u00e1dy i parlamentu, ve dvou krajsk\u00fdch volb\u00e1ch po sob\u011b  nez\u00edskali po cel\u00e9 republice ani k\u0159eslo. Siln\u00e9 z\u00e1jmov\u00e9 skupiny, kter\u00e9  vyd\u011bl\u00e1vaj\u00ed miliardy na jimi protla\u010den\u00fdch z\u00e1konech, je ale zkou\u0161ej\u00ed op\u011bt  dostat k moci.<\/p>\n<p><!--more--><\/p>\n<p>Zelen\u00e1 aktivistka Jeanette  Rubinov\u00e1 bojovala proti konzumn\u00ed spole\u010dnosti a za z\u00e1chranu planety  opravdu zostra. Zakl\u00e1dala po\u017e\u00e1ry po Americe v\u0161ude tam, kde podle jej\u00edho  n\u00e1zoru \u010dlov\u011bk ubli\u017eoval p\u0159\u00edrod\u011b. A ohrozila tak \u017eivoty mnoha lid\u00ed. Deset  let po n\u00ed \u0161li feder\u00e1ln\u00ed agenti, a\u017e se jim v\u010dera vzdala. Kousek od  m\u00edsta, kde jsem p\u0159ed \u010dty\u0159ma lety ztratil \u010depici Radia Beat a t\u00edm  v\u00a0jej\u00edch o\u010d\u00edch ur\u010dit\u011b zamo\u0159il p\u0159\u00edrodu. M\u00e1m kliku, \u017ee jsem na n\u00ed  nenatrefil.<\/p>\n<p>Jeanette u\u017e asi nebavilo \u017e\u00edt zelen\u00fdm \u017eivotem v\u00a0sepjet\u00ed s\u00a0p\u0159\u00edrodou  kdesi v\u00a0divo\u010din\u011b. Na star\u00e1 kolena (no, to jsem p\u0159ehnal, nen\u00ed j\u00ed ani  \u010dty\u0159icet) si uv\u011bdomila, \u017ee na t\u00e9 civilizaci p\u0159ece jen n\u011bco je a \u017ee  takov\u00e1 tepl\u00e1 voda v\u00a0base nen\u00ed tak marn\u00e1 v\u011bc.<\/p>\n<p>Na\u0161i ekoterorist\u00e9 zat\u00edm k\u00a0takov\u00e9mu pozn\u00e1n\u00ed nedosp\u011bli. M\u00e9dia je po\u0159\u00e1d  l\u00ed\u010d\u00ed jako ty, komu le\u017e\u00ed na srdci kyti\u010dky a pt\u00e1\u010dkov\u00e9. P\u0159itom jejich  n\u00e1pady dovedeny do d\u016fsledk\u016f by skon\u010dily p\u0159esn\u011b tam, kde skon\u010dil  polpotovsk\u00fd re\u017eim v\u00a0Kambod\u017ei: na hromad\u00e1ch mrtvol t\u011bch, co ne dost  ochotn\u011b odhodili kulturu p\u0159i n\u00e1vratu do n\u00e1ru\u010de nezka\u017een\u00e9 p\u0159\u00edrody.<\/p>\n<p>Donut\u00edme je silou, Ka\u0165u\u0161ko. To je jejich slovn\u00edk. Vylu\u010dov\u00e1n\u00ed ze  strany za neposlu\u0161nost, i kdyby m\u011bla padnout vl\u00e1da, to je jejich styl.  V\u00a0p\u0159edvolebn\u00edm klipu vyhro\u017eovat prezidentovi useknut\u00edm hlavy, to je  jejich vkus. \u017dvanit o limitech na t\u011b\u017ebu uhl\u00ed a tajn\u011b br\u00e1t pen\u00edze od  uhlobaron\u016f, to je jejich mor\u00e1lka.<\/p>\n<p>Ano, ka\u017ed\u00fd druh\u00fd z\u00a0nich \u017eije v\u00a0m\u011bstsk\u00e9m p\u0159epychu a o v\u00edkendu pro  z\u00e1bavu jezd\u00ed na \u0160umavu k\u00e1zat m\u00edstn\u00edm lidem, jak tam sm\u011bj\u00ed \u017e\u00edt a co v\u0161e  pro zlep\u0161en\u00ed sv\u00e9ho skromn\u00e9ho \u017eivota nesm\u011bj\u00ed ud\u011blat. Sami by v\u00a0p\u0159\u00edrod\u011b  zahynuli do t\u00fddne, ale \u00fasta maj\u00ed pln\u00e1 odporu ke spot\u0159ebn\u00ed kultu\u0159e a  po\u017eitk\u00e1\u0159stv\u00ed.<\/p>\n<p>Necht\u011bli by na tak\u00e9 na deset let zmizet n\u011bkde v\u00a0divo\u010din\u011b a pak  p\u0159ij\u00edt, jak to s\u00a0t\u00edm \u017eivotem v\u00a0l\u016fn\u011b matky p\u0159\u00edrody je? T\u0159eba jim pak  p\u016fj\u010d\u00edme m\u00fddlo.<\/p>\n<p><a href=\"http:\/\/jakl.blog.idnes.cz\/c\/307995\/A-co-cesti-ekoteroriste-Kdy-ti-odejdou-do-lesu.html\" target=\"_blank\">Zdroj<\/a><\/p>\n","protected":false},"excerpt":{"rendered":"<p>Na\u0161i extremist\u00e9 zas zvedaj\u00ed hlavu. A m\u00e9dia jim na to sk\u00e1\u010dou a d\u011blaj\u00ed reklamu jejich sch\u016fzov\u00e1n\u00ed. Voli\u010di je p\u0159ed dv\u011bma lety vyhnali z\u00a0vl\u00e1dy i parlamentu, ve dvou krajsk\u00fdch volb\u00e1ch po sob\u011b nez\u00edskali po cel\u00e9 republice ani k\u0159eslo. Siln\u00e9 z\u00e1jmov\u00e9 skupiny, kter\u00e9 vyd\u011bl\u00e1vaj\u00ed miliardy na jimi protla\u010den\u00fdch z\u00e1konech, je ale zkou\u0161ej\u00ed op\u011bt dostat k moci.<\/p>\n","protected":false},"author":1,"featured_media":0,"comment_status":"open","ping_status":"open","sticky":false,"template":"","format":"standard","meta":{"ngg_post_thumbnail":0,"footnotes":""},"categories":[10],"tags":[],"class_list":["post-3247","post","type-post","status-publish","format-standard","hentry","category-zlehka"],"_links":{"self":[{"href":"https:\/\/www.ladislavjakl.cz\/index.php?rest_route=\/wp\/v2\/posts\/3247","targetHints":{"allow":["GET"]}}],"collection":[{"href":"https:\/\/www.ladislavjakl.cz\/index.php?rest_route=\/wp\/v2\/posts"}],"about":[{"href":"https:\/\/www.ladislavjakl.cz\/index.php?rest_route=\/wp\/v2\/types\/post"}],"author":[{"embeddable":true,"href":"https:\/\/www.ladislavjakl.cz\/index.php?rest_route=\/wp\/v2\/users\/1"}],"replies":[{"embeddable":true,"href":"https:\/\/www.ladislavjakl.cz\/index.php?rest_route=%2Fwp%2Fv2%2Fcomments&post=3247"}],"version-history":[{"count":1,"href":"https:\/\/www.ladislavjakl.cz\/index.php?rest_route=\/wp\/v2\/posts\/3247\/revisions"}],"predecessor-version":[{"id":3248,"href":"https:\/\/www.ladislavjakl.cz\/index.php?rest_route=\/wp\/v2\/posts\/3247\/revisions\/3248"}],"wp:attachment":[{"href":"https:\/\/www.ladislavjakl.cz\/index.php?rest_route=%2Fwp%2Fv2%2Fmedia&parent=3247"}],"wp:term":[{"taxonomy":"category","embeddable":true,"href":"https:\/\/www.ladislavjakl.cz\/index.php?rest_route=%2Fwp%2Fv2%2Fcategories&post=3247"},{"taxonomy":"post_tag","embeddable":true,"href":"https:\/\/www.ladislavjakl.cz\/index.php?rest_route=%2Fwp%2Fv2%2Ftags&post=3247"}],"curies":[{"name":"wp","href":"https:\/\/api.w.org\/{rel}","templated":true}]}}