{"id":3255,"date":"2012-12-10T11:42:33","date_gmt":"2012-12-10T10:42:33","guid":{"rendered":"http:\/\/www.ladislavjakl.cz\/?p=3255"},"modified":"2012-12-10T11:42:33","modified_gmt":"2012-12-10T10:42:33","slug":"odpovedi-studentovi-zurnalistiky-na-fakulte-socialnich-ved-univerzity-karlovy","status":"publish","type":"post","link":"https:\/\/www.ladislavjakl.cz\/?p=3255","title":{"rendered":"Odpov\u011bdi studentovi \u017eurnalistiky na Fakult\u011b soci\u00e1ln\u00edch v\u011bd Univerzity Karlovy"},"content":{"rendered":"<p><strong>Nakonec se V\u00e1m nepoda\u0159ilo nashrom\u00e1\u017edit limit 50 tis\u00edc podpis\u016f a na Hrad nekandidujete. \u010c\u00edm si tento ne\u00fasp\u011bch zp\u011btn\u011b vysv\u011btlujete?<\/strong><\/p>\n<p>M\u011bl jsem se od za\u010d\u00e1tku v\u00edc sna\u017eit. Pokud \u010dlov\u011bk nem\u00e1 miliony na n\u00e1jemn\u00e9 sb\u011bra\u010de, je to pr\u00e1ce ohromn\u00e1, co\u017e v cel\u00e9m rozsahu nebylo v prvn\u00edch t\u00fddnech \u00fapln\u011b patrn\u00e9.<\/p>\n<p><!--more--><strong>Ve sv\u00e9m vyj\u00e1d\u0159en\u00ed adresovan\u00e9m sv\u00fdm p\u0159\u00edznivc\u016fm jste napsal, \u017ee se i nad\u00e1le hodl\u00e1te v\u011bnovat prosazov\u00e1n\u00ed idej\u00ed svobody \u010dlov\u011bka a i nad\u00e1le budete pokra\u010dovat ve snaze zastavit socialismus a bruselskou centralizaci. Jak konkr\u00e9tn\u011b si p\u0159edstavujete realizaci t\u011bchto c\u00edl\u016f?<\/strong><br \/>\nJ\u00e1 si to nemus\u00edm nijak p\u0159edstavovat. J\u00e1 tak mysl\u00edm a \u017eiju od ml\u00e1d\u00ed. V ka\u017ed\u00e9 roli i p\u0159i ka\u017ed\u00e9 p\u0159\u00edle\u017eitosti se budu zasazovat za v\u011bci, o jejich\u017e spr\u00e1vnosti jsem p\u0159esv\u011bd\u010den. \u010cas k tomu v\u017edy poskytne dal\u0161\u00ed a dal\u0161\u00ed p\u0159\u00edle\u017eitosti, to nen\u00ed t\u0159eba pl\u00e1novat. Ale jednu v\u011bt\u0161\u00ed akci u\u017e napl\u00e1novanou m\u00e1m, brzy o n\u00ed usly\u0161\u00edte.<\/p>\n<p><strong><br \/>\nByl jste nestranick\u00fdm prezidentsk\u00fdm kandid\u00e1tem strany Svobodn\u00fdch ob\u010dan\u016f. Hodl\u00e1te s touto partaj\u00ed spolupracovat i v budoucnosti? Nep\u0159em\u00fd\u0161lel jste nap\u0159\u00edklad nad svou kandidaturou v p\u0159\u00ed\u0161t\u00edch volb\u00e1ch do PSP \u010cR? Nevyu\u017eijete toho, \u017ee vyjma p\u0159edsedy Petra Macha, chyb\u00ed Svobodn\u00fdm v\u00fdrazn\u011bj\u0161\u00ed osobnost?<\/strong><br \/>\nJe to jeden ze sm\u011br\u016f m\u00fdch \u00favah. Ale nemysl\u00edm, \u017ee Svobodn\u00fdm chyb\u011bj\u00ed osobnosti. Sp\u00ed\u0161 jim chyb\u011bj\u00ed mana\u017ee\u0159i.<br \/>\n<strong>Domn\u00edv\u00e1te se, jak hl\u00e1sal jeden z Va\u0161ich p\u0159edvolebn\u00edch plak\u00e1t\u016f, \u017ee jsou sou\u010dasn\u00ed kandid\u00e1ti na prezidenta \u201ezoufal\u00fdmi levi\u010d\u00e1ky\u201c?<\/strong><br \/>\nVid\u00edm to v p\u0159\u00edm\u00e9m p\u0159enosu ka\u017ed\u00fd den. Z tohoto pohledu je trochu \u0161koda, \u017ee ve\u0159ejnost nesly\u0161\u00ed alternativu.<\/p>\n<p><strong><br \/>\nJak jako pravicov\u011b orientovan\u00fd \u010dlov\u011bk vn\u00edm\u00e1te vzr\u016fstaj\u00edc\u00ed preference levicov\u00fdch stran v \u010cesk\u00e9 republice? Nevin\u00edte z toho deziluzi ve\u0159ejnosti z po\u010d\u00edn\u00e1n\u00ed sou\u010dasn\u00e9 vl\u00e1dn\u00ed koalice?<\/strong><br \/>\nPo\u010det levi\u010d\u00e1k\u016f neroste. Roste po\u010det pravicov\u011b orientovan\u00fdch lid\u00ed, kte\u0159\u00ed se nec\u00edt\u00ed b\u00fdt sou\u010dasnou vl\u00e1dou reprezentov\u00e1ni. Pr\u00e1vem.<br \/>\n<strong>Po Sarajevsk\u00e9m atent\u00e1tu jste jako\u017eto redaktor Lidov\u00fdch novin ve\u0159ejn\u011b podpo\u0159il V\u00e1clava Klause. Pova\u017eujete pr\u00e1v\u011b tuto kauzu za nejv\u011bt\u0161\u00ed faul v \u010desk\u00e9 porevolu\u010dn\u00ed politice?<\/strong><br \/>\nTo u\u017e jsem redaktorem Lidov\u00fdch novin nebyl, vyhodili m\u011b m\u011bs\u00edc p\u0159ed t\u00edm. J\u00e1 Sarajevo faulem rad\u011bji nenaz\u00fdv\u00e1m. Byla to politick\u00e1 intrika. Politika nen\u00ed ned\u011bln\u00ed \u0161kola, nepob\u011b\u017e\u00edm kv\u016fli tomu za pan\u00ed u\u010ditelkou, abych ji tahal za sukni a ubulen\u011b \u017ealoval, \u017ee ten Honz\u00edk s Iv\u00e1nkem jsou o\u0161kliv\u00ed ho\u0161i. Za daleko hor\u0161\u00ed pova\u017euji st\u00e1dnost m\u00e9di\u00ed v t\u00e9 v\u011bci. Tehdy i dnes.<\/p>\n<p><strong>Prezident V\u00e1clav Klaus p\u0159ed p\u0159\u00edmou volbou podpo\u0159il sv\u00e9ho n\u011bkdej\u0161\u00edho politick\u00e9ho oponenta Milo\u0161e Zemana. Nemrzelo V\u00e1s, \u017ee tehdy nezm\u00ednil Ladislava Jakla?<\/strong><br \/>\nLadislavu Jaklovi podepsal petici. Zemanovi ne. O Zemanovi jen \u0159ekl, \u017ee pova\u017euje jeho kandidaturu za logick\u00e9 vy\u00fast\u011bn\u00ed jeho politick\u00e9 kari\u00e9ry. To je pravdiv\u00e9 konstatov\u00e1n\u00ed. Nikde ne\u0159ekl: volte ho, j\u00e1 ho budu volit.<br \/>\n<strong> V p\u0159\u00ed\u0161t\u00edm roce kon\u010d\u00ed panu Klausovi funk\u010dn\u00ed obdob\u00ed, s n\u00edm pravd\u011bpodobn\u011b skon\u010d\u00edte ve funkci tajemn\u00edka prezidenta i vy. Jak budete vzpom\u00ednat na hradn\u00ed spolupr\u00e1ci s hlavou st\u00e1tu?<\/strong><\/p>\n<p>Nikoli pravd\u011bpodobn\u011b. Nikdy m\u011b ani na moment nenapadlo, \u017ee by tomu mohlo b\u00fdt jinak. Jak budu vzpom\u00ednat? Knihou asi ne. Prost\u011b jako na hodn\u011b z\u00e1sadn\u00ed etapu sv\u00e9ho \u017eivota.<br \/>\n<strong>Vystudoval jste Fakultu \u017eurnalistiky Univerzity Karlovy. Jak vzpom\u00edn\u00e1te na dobu sv\u00fdch studi\u00ed? Bylo pro V\u00e1s absolvov\u00e1n\u00ed zrovna t\u00e9to fakulty p\u0159\u00ednosn\u00e9 v praxi?<\/strong><br \/>\nM\u00e1 studia nebyla zrovna jednoduch\u00e1. Na p\u0159\u00edm\u00fd pokyn StB m\u011b spolupracovn\u00edci est\u00e9b\u00e1k\u016f z \u0159ad u\u010ditel\u016f ze \u0161koly vyhodili, musel jsem d\u011blat z\u00e1vozn\u00edka a dodnes m\u00e1m zni\u010den\u00e1 z\u00e1da. \u0160kolu se mi pak poda\u0159ilo dokon\u010dit. V m\u00e9m ml\u00e1d\u00ed ta \u0161kola \u017e\u00e1dn\u00fdm p\u0159\u00ednosem nebyla, byla to zm\u011b\u0165 stra\u0161liv\u00fdch blbost\u00ed. A\u017e na jednu v\u011bc: na dobr\u00e9 \u00farovni se tam u\u010dila \u010de\u0161tina. A je\u0161t\u011b jeden p\u0159\u00ednos: d\u00edky tomu studiu pamatuji na svaz\u00e1ckou, komunistickou a jinak horliv\u011b anga\u017eovanou minulost mnoha sv\u00fdch spolu\u017e\u00e1k\u016f, dnes \u0161\u00e9fredaktor\u016f a \u201eelitn\u00edch\u201c koment\u00e1tor\u016f.<br \/>\n<strong>Jak jako b\u00fdval\u00fd novin\u00e1\u0159 vn\u00edm\u00e1te aktu\u00e1ln\u00ed \u00farove\u0148 \u010desk\u00e9 \u017eurnalistiky? Existuje periodikum, kter\u00e9 si podle V\u00e1s udr\u017euje kvalitn\u00ed \u00farove\u0148? Nem\u00e1te dojem, \u017ee m\u00e9dia preferovala v informa\u010dn\u00ed kampani p\u0159ed prezidentskou kampan\u00ed jin\u00e9 kandid\u00e1ty ne\u017e V\u00e1s?<\/strong><br \/>\nM\u00e9dia jsou v\u0161ude na sv\u011bt\u011b p\u0159ev\u00e1\u017en\u011b levicov\u011b liber\u00e1ln\u00ed, u n\u00e1s je to stejn\u00e9. Mo\u017en\u00e1 hor\u0161\u00ed v tom, \u017ee jsme mal\u00fd trh a \u017ee u n\u00e1s nen\u00ed nic jin\u00e9ho. I proto je pochopiteln\u00e9, \u017ee podporovala sob\u011b bl\u00edzk\u00e9 kandid\u00e1ty, d\u011blaj\u00ed to 20 let. Plus podporovala toho, kdo jim dal des\u00edtky milion\u016f od sponzor\u016f, kter\u00fdm to kandid\u00e1ti budou muset n\u011bjakou formou vr\u00e1tit. U velk\u00fdch m\u00e9di\u00ed \u017e\u00e1dnou dobrou \u00farove\u0148 nevid\u00edm. Ale opakuji: ned\u011bl\u00e1m si iluze, \u017ee jinde to je lep\u0161\u00ed.<\/p>\n<p>Ptal se: Vladan Van\u011bk<\/p>\n","protected":false},"excerpt":{"rendered":"<p>Nakonec se V\u00e1m nepoda\u0159ilo nashrom\u00e1\u017edit limit 50 tis\u00edc podpis\u016f a na Hrad nekandidujete. \u010c\u00edm si tento ne\u00fasp\u011bch zp\u011btn\u011b vysv\u011btlujete? M\u011bl jsem se od za\u010d\u00e1tku v\u00edc sna\u017eit. Pokud \u010dlov\u011bk nem\u00e1 miliony na n\u00e1jemn\u00e9 sb\u011bra\u010de, je to pr\u00e1ce ohromn\u00e1, co\u017e v cel\u00e9m rozsahu nebylo v prvn\u00edch t\u00fddnech \u00fapln\u011b patrn\u00e9.<\/p>\n","protected":false},"author":1,"featured_media":0,"comment_status":"open","ping_status":"open","sticky":false,"template":"","format":"standard","meta":{"ngg_post_thumbnail":0,"footnotes":""},"categories":[17,13],"tags":[],"class_list":["post-3255","post","type-post","status-publish","format-standard","hentry","category-jakl-president","category-rozhovory"],"_links":{"self":[{"href":"https:\/\/www.ladislavjakl.cz\/index.php?rest_route=\/wp\/v2\/posts\/3255","targetHints":{"allow":["GET"]}}],"collection":[{"href":"https:\/\/www.ladislavjakl.cz\/index.php?rest_route=\/wp\/v2\/posts"}],"about":[{"href":"https:\/\/www.ladislavjakl.cz\/index.php?rest_route=\/wp\/v2\/types\/post"}],"author":[{"embeddable":true,"href":"https:\/\/www.ladislavjakl.cz\/index.php?rest_route=\/wp\/v2\/users\/1"}],"replies":[{"embeddable":true,"href":"https:\/\/www.ladislavjakl.cz\/index.php?rest_route=%2Fwp%2Fv2%2Fcomments&post=3255"}],"version-history":[{"count":1,"href":"https:\/\/www.ladislavjakl.cz\/index.php?rest_route=\/wp\/v2\/posts\/3255\/revisions"}],"predecessor-version":[{"id":3256,"href":"https:\/\/www.ladislavjakl.cz\/index.php?rest_route=\/wp\/v2\/posts\/3255\/revisions\/3256"}],"wp:attachment":[{"href":"https:\/\/www.ladislavjakl.cz\/index.php?rest_route=%2Fwp%2Fv2%2Fmedia&parent=3255"}],"wp:term":[{"taxonomy":"category","embeddable":true,"href":"https:\/\/www.ladislavjakl.cz\/index.php?rest_route=%2Fwp%2Fv2%2Fcategories&post=3255"},{"taxonomy":"post_tag","embeddable":true,"href":"https:\/\/www.ladislavjakl.cz\/index.php?rest_route=%2Fwp%2Fv2%2Ftags&post=3255"}],"curies":[{"name":"wp","href":"https:\/\/api.w.org\/{rel}","templated":true}]}}