{"id":3259,"date":"2012-12-12T13:31:05","date_gmt":"2012-12-12T12:31:05","guid":{"rendered":"http:\/\/www.ladislavjakl.cz\/?p=3259"},"modified":"2012-12-12T13:31:05","modified_gmt":"2012-12-12T12:31:05","slug":"honza-chalupsky-zemrel","status":"publish","type":"post","link":"https:\/\/www.ladislavjakl.cz\/?p=3259","title":{"rendered":"Honza Chalupsk\u00fd zem\u0159el"},"content":{"rendered":"<p>Po rychl\u00e9 a hnusn\u00e9 nemoci, hnusn\u00e9 i proto, \u017ee o n\u00ed l\u00e9ta nikdo nev\u011bd\u011bl, um\u0159el ve \u010dtvrtek n\u00e1\u0161 kamar\u00e1d a kytarista Folimanky Blues Honza Chalupsk\u00fd. Odehr\u00e1l s n\u00e1ma stovky koncert\u016f po cel\u00e9 republice i v p\u011bti dal\u0161\u00edch zem\u00edch. Nahr\u00e1l s n\u00e1mi t\u0159i studiov\u00e1 a dv\u011b \u017eiv\u00e1 alba. A hlavn\u011b jsme s n\u00edm za\u017eili hodn\u011b srandy a ohromn\u00fdch z\u00e1\u017eitk\u016f. Pro mne osobn\u011b to byl kluk, se kter\u00fdm jsem hr\u00e1l 16 let a mnoh\u00e9 se od n\u011bj nau\u010dil.  Je to moc moc smutn\u00e9, o to v\u00edc, \u017ee je to za posledn\u00ed l\u00e9ta u\u017e \u010dtvrt\u00fd \u010dlen kapely, kter\u00fd zem\u0159el.<\/p>\n<p>Poh\u0159eb bude m\u00edt Honza ve \u010dtvrtek v 10.30 v Nov\u00e9 ob\u0159adn\u00ed s\u00edni na Ol\u0161anech. A hudebn\u00ed rozlou\u010den\u00ed s n\u00edm ud\u011bl\u00e1me v p\u00e1tek od 19.30 Na slamn\u00edku v Buben\u010di.<\/p>\n<p>Nikdo na n\u011bj nikdy nezapomeneme.<\/p>\n<p>L. J.<\/p>\n","protected":false},"excerpt":{"rendered":"<p>Po rychl\u00e9 a hnusn\u00e9 nemoci, hnusn\u00e9 i proto, \u017ee o n\u00ed l\u00e9ta nikdo nev\u011bd\u011bl, um\u0159el ve \u010dtvrtek n\u00e1\u0161 kamar\u00e1d a kytarista Folimanky Blues Honza Chalupsk\u00fd. Odehr\u00e1l s n\u00e1ma stovky koncert\u016f po cel\u00e9 republice i v p\u011bti dal\u0161\u00edch zem\u00edch. Nahr\u00e1l s n\u00e1mi t\u0159i studiov\u00e1 a dv\u011b \u017eiv\u00e1 alba. A hlavn\u011b jsme s n\u00edm za\u017eili hodn\u011b srandy [&hellip;]<\/p>\n","protected":false},"author":1,"featured_media":0,"comment_status":"open","ping_status":"open","sticky":false,"template":"","format":"standard","meta":{"ngg_post_thumbnail":0,"footnotes":""},"categories":[4,5],"tags":[],"class_list":["post-3259","post","type-post","status-publish","format-standard","hentry","category-hudba","category-rodina"],"_links":{"self":[{"href":"https:\/\/www.ladislavjakl.cz\/index.php?rest_route=\/wp\/v2\/posts\/3259","targetHints":{"allow":["GET"]}}],"collection":[{"href":"https:\/\/www.ladislavjakl.cz\/index.php?rest_route=\/wp\/v2\/posts"}],"about":[{"href":"https:\/\/www.ladislavjakl.cz\/index.php?rest_route=\/wp\/v2\/types\/post"}],"author":[{"embeddable":true,"href":"https:\/\/www.ladislavjakl.cz\/index.php?rest_route=\/wp\/v2\/users\/1"}],"replies":[{"embeddable":true,"href":"https:\/\/www.ladislavjakl.cz\/index.php?rest_route=%2Fwp%2Fv2%2Fcomments&post=3259"}],"version-history":[{"count":2,"href":"https:\/\/www.ladislavjakl.cz\/index.php?rest_route=\/wp\/v2\/posts\/3259\/revisions"}],"predecessor-version":[{"id":3261,"href":"https:\/\/www.ladislavjakl.cz\/index.php?rest_route=\/wp\/v2\/posts\/3259\/revisions\/3261"}],"wp:attachment":[{"href":"https:\/\/www.ladislavjakl.cz\/index.php?rest_route=%2Fwp%2Fv2%2Fmedia&parent=3259"}],"wp:term":[{"taxonomy":"category","embeddable":true,"href":"https:\/\/www.ladislavjakl.cz\/index.php?rest_route=%2Fwp%2Fv2%2Fcategories&post=3259"},{"taxonomy":"post_tag","embeddable":true,"href":"https:\/\/www.ladislavjakl.cz\/index.php?rest_route=%2Fwp%2Fv2%2Ftags&post=3259"}],"curies":[{"name":"wp","href":"https:\/\/api.w.org\/{rel}","templated":true}]}}