{"id":3267,"date":"2012-12-12T13:38:02","date_gmt":"2012-12-12T12:38:02","guid":{"rendered":"http:\/\/www.ladislavjakl.cz\/?p=3267"},"modified":"2012-12-12T13:38:02","modified_gmt":"2012-12-12T12:38:02","slug":"ladislav-jakl-pro-radio-cesko-o-nutnosti-odmitnout-smlouvu-o-evropskem-stabilizacnim-mechanismu","status":"publish","type":"post","link":"https:\/\/www.ladislavjakl.cz\/?p=3267","title":{"rendered":"Ladislav Jakl pro Radio \u010cesko o nutnosti odm\u00edtnout smlouvu o Evropsk\u00e9m stabiliza\u010dn\u00edm mechanismu"},"content":{"rendered":"<p>Audio je uvnit\u0159 \u010dl\u00e1nku.<\/p>\n<p><!--more--><\/p>\n<p><a href=\"http:\/\/prehravac.rozhlas.cz\/audio\/2783785\" target=\"_blank\">Zdroj + audio<\/a><\/p>\n","protected":false},"excerpt":{"rendered":"<p>Audio je uvnit\u0159 \u010dl\u00e1nku.<\/p>\n","protected":false},"author":1,"featured_media":0,"comment_status":"open","ping_status":"open","sticky":false,"template":"","format":"standard","meta":{"ngg_post_thumbnail":0,"footnotes":""},"categories":[13],"tags":[],"class_list":["post-3267","post","type-post","status-publish","format-standard","hentry","category-rozhovory"],"_links":{"self":[{"href":"https:\/\/www.ladislavjakl.cz\/index.php?rest_route=\/wp\/v2\/posts\/3267","targetHints":{"allow":["GET"]}}],"collection":[{"href":"https:\/\/www.ladislavjakl.cz\/index.php?rest_route=\/wp\/v2\/posts"}],"about":[{"href":"https:\/\/www.ladislavjakl.cz\/index.php?rest_route=\/wp\/v2\/types\/post"}],"author":[{"embeddable":true,"href":"https:\/\/www.ladislavjakl.cz\/index.php?rest_route=\/wp\/v2\/users\/1"}],"replies":[{"embeddable":true,"href":"https:\/\/www.ladislavjakl.cz\/index.php?rest_route=%2Fwp%2Fv2%2Fcomments&post=3267"}],"version-history":[{"count":1,"href":"https:\/\/www.ladislavjakl.cz\/index.php?rest_route=\/wp\/v2\/posts\/3267\/revisions"}],"predecessor-version":[{"id":3268,"href":"https:\/\/www.ladislavjakl.cz\/index.php?rest_route=\/wp\/v2\/posts\/3267\/revisions\/3268"}],"wp:attachment":[{"href":"https:\/\/www.ladislavjakl.cz\/index.php?rest_route=%2Fwp%2Fv2%2Fmedia&parent=3267"}],"wp:term":[{"taxonomy":"category","embeddable":true,"href":"https:\/\/www.ladislavjakl.cz\/index.php?rest_route=%2Fwp%2Fv2%2Fcategories&post=3267"},{"taxonomy":"post_tag","embeddable":true,"href":"https:\/\/www.ladislavjakl.cz\/index.php?rest_route=%2Fwp%2Fv2%2Ftags&post=3267"}],"curies":[{"name":"wp","href":"https:\/\/api.w.org\/{rel}","templated":true}]}}