{"id":3270,"date":"2012-12-12T13:41:17","date_gmt":"2012-12-12T12:41:17","guid":{"rendered":"http:\/\/www.ladislavjakl.cz\/?p=3270"},"modified":"2012-12-12T13:41:17","modified_gmt":"2012-12-12T12:41:17","slug":"radiozurnal-jakl-a-roucek-kdo-z-nich-haji-ceskeho-poplatnika","status":"publish","type":"post","link":"https:\/\/www.ladislavjakl.cz\/?p=3270","title":{"rendered":"Radio\u017eurn\u00e1l: Jakl a Rou\u010dek. Kdo z nich h\u00e1j\u00ed \u010desk\u00e9ho poplatn\u00edka?"},"content":{"rendered":"<p>Audio uvnit\u0159 \u010dl\u00e1nku.<\/p>\n<p><!--more--><a href=\"http:\/\/prehravac.rozhlas.cz\/audio\/2784184\" target=\"_blank\">Zdroj + audio<\/a><\/p>\n","protected":false},"excerpt":{"rendered":"<p>Audio uvnit\u0159 \u010dl\u00e1nku.<\/p>\n","protected":false},"author":1,"featured_media":0,"comment_status":"open","ping_status":"open","sticky":false,"template":"","format":"standard","meta":{"ngg_post_thumbnail":0,"footnotes":""},"categories":[13],"tags":[],"class_list":["post-3270","post","type-post","status-publish","format-standard","hentry","category-rozhovory"],"_links":{"self":[{"href":"https:\/\/www.ladislavjakl.cz\/index.php?rest_route=\/wp\/v2\/posts\/3270","targetHints":{"allow":["GET"]}}],"collection":[{"href":"https:\/\/www.ladislavjakl.cz\/index.php?rest_route=\/wp\/v2\/posts"}],"about":[{"href":"https:\/\/www.ladislavjakl.cz\/index.php?rest_route=\/wp\/v2\/types\/post"}],"author":[{"embeddable":true,"href":"https:\/\/www.ladislavjakl.cz\/index.php?rest_route=\/wp\/v2\/users\/1"}],"replies":[{"embeddable":true,"href":"https:\/\/www.ladislavjakl.cz\/index.php?rest_route=%2Fwp%2Fv2%2Fcomments&post=3270"}],"version-history":[{"count":1,"href":"https:\/\/www.ladislavjakl.cz\/index.php?rest_route=\/wp\/v2\/posts\/3270\/revisions"}],"predecessor-version":[{"id":3271,"href":"https:\/\/www.ladislavjakl.cz\/index.php?rest_route=\/wp\/v2\/posts\/3270\/revisions\/3271"}],"wp:attachment":[{"href":"https:\/\/www.ladislavjakl.cz\/index.php?rest_route=%2Fwp%2Fv2%2Fmedia&parent=3270"}],"wp:term":[{"taxonomy":"category","embeddable":true,"href":"https:\/\/www.ladislavjakl.cz\/index.php?rest_route=%2Fwp%2Fv2%2Fcategories&post=3270"},{"taxonomy":"post_tag","embeddable":true,"href":"https:\/\/www.ladislavjakl.cz\/index.php?rest_route=%2Fwp%2Fv2%2Ftags&post=3270"}],"curies":[{"name":"wp","href":"https:\/\/api.w.org\/{rel}","templated":true}]}}