{"id":328,"date":"2010-04-30T08:44:08","date_gmt":"2010-04-30T07:44:08","guid":{"rendered":"http:\/\/www.ladislavjakl.cz\/?p=328"},"modified":"2010-04-30T08:44:08","modified_gmt":"2010-04-30T07:44:08","slug":"verejne-kecy-i-strana-na-jedno-pouziti-zhodnotil-jakl-vv-a-top-09","status":"publish","type":"post","link":"https:\/\/www.ladislavjakl.cz\/?p=328","title":{"rendered":"Ve\u0159ejn\u00e9 kecy i strana na jedno pou\u017eit\u00ed, zhodnotil Jakl VV a TOP 09"},"content":{"rendered":"<p>Na dotazy \u010dten\u00e1\u0159\u016f serveru <a href=\"http:\/\/www.novinky.cz\" target=\"_blank\">Novinky.cz<\/a> ve \u010dtvrtek (29.4.2010) odpov\u00eddal tajemn\u00edk prezidenta  V\u00e1clava Klause a \u0159editel politick\u00e9ho odboru Pra\u017esk\u00e9ho hradu Ladislav  Jakl. Mu\u017e zn\u00e1m\u00fd sv\u00fdmi vyhran\u011bn\u00fdmi n\u00e1zory znovu prok\u00e1zal, \u017ee na rozd\u00edl od  politik\u016f si nemus\u00ed br\u00e1t serv\u00edtky. P\u0159edvolebn\u00ed proklamace V\u011bc\u00ed ve\u0159ejn\u00fdch  ozna\u010dil za &#8222;ve\u0159ejn\u00e9 kecy&#8220;, zat\u00edmco TOP 09 je podle n\u011bj &#8222;stranou na  jedno pou\u017eit\u00ed&#8220;.<\/p>\n<p><!--more--><\/p>\n<p>Jakl takt\u00e9\u017e p\u0159ipustil, \u017ee podle jeho n\u00e1zoru by m\u011bla \u010cesk\u00e1 republika  &#8222;odej\u00edt z EU&#8220;, za nejv\u011bt\u0161\u00ed probl\u00e9m star\u00e9ho kontinentu nepova\u017euje jeho  islamizaci coby import ciz\u00edch hodnot, ale ztr\u00e1tu hodnot vlastn\u00edch.<\/p>\n<p>Na  dotaz, zda se hlava st\u00e1tu nech\u00e1 ovlivnit jeho n\u00e1zorem, Jakl uvedl, \u017ee  jinak by si jej prezident na Hrad\u011b nedr\u017eel. &#8222;Na ozdobu m\u011b tedy ur\u010dit\u011b  nem\u00e1,&#8220; uzav\u0159el. Z\u00e1rove\u0148 p\u0159iznal, \u017ee jedn\u00edm z t\u00e9mat, v n\u011bm\u017e se s  prezidentem rozch\u00e1z\u00ed, je ot\u00e1zka st\u00e1tn\u00edch maturit.<\/p>\n<p>&#8222;On je jejich z\u00e1sadn\u00edm kritikem. J\u00e1 zase \u0159\u00edk\u00e1m, \u017ee kdo plat\u00ed, ten  porou\u010d\u00ed. Jestli\u017ee st\u00e1t uznal st\u0159edn\u00ed vzd\u011bl\u00e1n\u00ed ve\u0159ejn\u00fdm statkem, a proto  ho tak\u00e9 plat\u00ed, m\u011bl by ur\u010dit i z\u00e1vazn\u00e9 standardy. Jestli si cht\u011bj\u00ed \u0161koly  ur\u010dit podobu maturity samy, tak pros\u00edm za svoje,&#8220; doplnil.<\/p>\n<p>Prezidenta  naopak podpo\u0159il v ot\u00e1zce veta z\u00e1kona o op\u011btovn\u00e9m nav\u00fd\u0161en\u00ed mate\u0159sk\u00e9.  &#8222;Nemysl\u00edm, \u017ee \u010dlov\u011bk nejl\u00e9pe vyj\u00e1d\u0159\u00ed sv\u016fj vztah k mate\u0159stv\u00ed t\u00edm, \u017ee  sebere pen\u00edze ostatn\u00edm lidem a str\u010d\u00ed je matk\u00e1m. Z ciz\u00edho se to hezky  rozd\u00e1v\u00e1,&#8220; konstatoval Jakl.<\/p>\n<p>N\u011bkter\u00e9 dotazy sm\u011b\u0159ovaly i k Jaklov\u011b  z\u00e1lib\u011b ve zlatav\u00e9m moku, \u010di jeho p\u016fsoben\u00ed na hudebn\u00ed sc\u00e9n\u011b.<\/p>\n<p>Odpov\u011bdi na ot\u00e1zky \u010dten\u00e1\u0159\u016f Novinek hledejte <strong><a href=\"http:\/\/vipchat.novinky.cz\/archiv\/01056-ladislav-jakl.html\" target=\"_blank\">ZDE<\/a><\/strong><\/p>\n","protected":false},"excerpt":{"rendered":"<p>Na dotazy \u010dten\u00e1\u0159\u016f serveru Novinky.cz ve \u010dtvrtek (29.4.2010) odpov\u00eddal tajemn\u00edk prezidenta V\u00e1clava Klause a \u0159editel politick\u00e9ho odboru Pra\u017esk\u00e9ho hradu Ladislav Jakl. Mu\u017e zn\u00e1m\u00fd sv\u00fdmi vyhran\u011bn\u00fdmi n\u00e1zory znovu prok\u00e1zal, \u017ee na rozd\u00edl od politik\u016f si nemus\u00ed br\u00e1t serv\u00edtky. P\u0159edvolebn\u00ed proklamace V\u011bc\u00ed ve\u0159ejn\u00fdch ozna\u010dil za &#8222;ve\u0159ejn\u00e9 kecy&#8220;, zat\u00edmco TOP 09 je podle n\u011bj &#8222;stranou na jedno pou\u017eit\u00ed&#8220;.<\/p>\n","protected":false},"author":1,"featured_media":0,"comment_status":"open","ping_status":"open","sticky":false,"template":"","format":"standard","meta":{"ngg_post_thumbnail":0,"footnotes":""},"categories":[1],"tags":[],"class_list":["post-328","post","type-post","status-publish","format-standard","hentry","category-publikovane-clanky"],"_links":{"self":[{"href":"https:\/\/www.ladislavjakl.cz\/index.php?rest_route=\/wp\/v2\/posts\/328","targetHints":{"allow":["GET"]}}],"collection":[{"href":"https:\/\/www.ladislavjakl.cz\/index.php?rest_route=\/wp\/v2\/posts"}],"about":[{"href":"https:\/\/www.ladislavjakl.cz\/index.php?rest_route=\/wp\/v2\/types\/post"}],"author":[{"embeddable":true,"href":"https:\/\/www.ladislavjakl.cz\/index.php?rest_route=\/wp\/v2\/users\/1"}],"replies":[{"embeddable":true,"href":"https:\/\/www.ladislavjakl.cz\/index.php?rest_route=%2Fwp%2Fv2%2Fcomments&post=328"}],"version-history":[{"count":1,"href":"https:\/\/www.ladislavjakl.cz\/index.php?rest_route=\/wp\/v2\/posts\/328\/revisions"}],"predecessor-version":[{"id":329,"href":"https:\/\/www.ladislavjakl.cz\/index.php?rest_route=\/wp\/v2\/posts\/328\/revisions\/329"}],"wp:attachment":[{"href":"https:\/\/www.ladislavjakl.cz\/index.php?rest_route=%2Fwp%2Fv2%2Fmedia&parent=328"}],"wp:term":[{"taxonomy":"category","embeddable":true,"href":"https:\/\/www.ladislavjakl.cz\/index.php?rest_route=%2Fwp%2Fv2%2Fcategories&post=328"},{"taxonomy":"post_tag","embeddable":true,"href":"https:\/\/www.ladislavjakl.cz\/index.php?rest_route=%2Fwp%2Fv2%2Ftags&post=328"}],"curies":[{"name":"wp","href":"https:\/\/api.w.org\/{rel}","templated":true}]}}