{"id":3289,"date":"2012-12-21T15:32:50","date_gmt":"2012-12-21T14:32:50","guid":{"rendered":"http:\/\/www.ladislavjakl.cz\/?p=3289"},"modified":"2013-01-10T11:35:54","modified_gmt":"2013-01-10T10:35:54","slug":"jakl-na-ct24-o-odvolani-peakove-prezident-o-tom-predem-nic-nevedel","status":"publish","type":"post","link":"https:\/\/www.ladislavjakl.cz\/?p=3289","title":{"rendered":"Jakl na \u010cT24 o odvol\u00e1n\u00ed Peakov\u00e9: Prezident o tom p\u0159edem nic nev\u011bd\u011bl"},"content":{"rendered":"<p>Video uvnit\u0159 \u010dl\u00e1nku.<\/p>\n<p><!--more--><a href=\" http:\/\/www.ceskatelevize.cz\/porady\/10101491767-studio-ct24\/212411058361220\/\" target=\"_blank\">Zdroj a video<\/a><\/p>\n<p><strong>P\u0159epis rozhovoru<\/strong><br \/>\n02.01.2013, 22:00:20<\/p>\n<p>Daniela DRTINOV\u00c1, moder\u00e1torka:<br \/>\nTak, zdrav\u00edm te\u010f \u0159editele politick\u00e9ho odboru prezidentsk\u00e9 kancel\u00e1\u0159e Ladislava Jakla, dobr\u00fd ve\u010der.<\/p>\n<p>Ladislav JAKL, \u0159editel politick\u00e9ho odboru Kancel\u00e1\u0159e prezidenta republiky:<br \/>\nDobr\u00fd ve\u010der.<\/p>\n<p>Daniela DRTINOV\u00c1, moder\u00e1torka:<br \/>\nJak\u00e1 anal\u00fdza p\u0159edch\u00e1zela vyhl\u00e1\u0161en\u00ed \u010dl\u00e1nku 2 amnestie prezidenta Klause? V\u011bd\u011bl, \u017ee se amnestie m\u016f\u017ee t\u00fdkat H-Systemu, konkurzn\u00edho soudce Berky, Tom\u00e1\u0161e Pitra a dal\u0161\u00edch ob\u017ealovan\u00fdch z rozs\u00e1hl\u00e9 hospod\u00e1\u0159sk\u00e9 kriminality?<\/p>\n<p>Ladislav JAKL, \u0159editel politick\u00e9ho odboru Kancel\u00e1\u0159e prezidenta republiky:<br \/>\nV \u017e\u00e1dn\u00e9m p\u0159\u00edpad\u011b tomu nep\u0159edch\u00e1zela anal\u00fdza v tom smyslu, \u017ee bychom se bavili o tom, kter\u00fdch konkr\u00e9tn\u00edch medi\u00e1ln\u011b obl\u00edben\u00fdch kauz se to t\u00fdkat bude, nebo ne. Ta anal\u00fdza se t\u00fdkala prost\u011b pouze obecn\u00fdch neosobn\u00edch krit\u00e9ri\u00ed. Jakmile by se z toho vyzob\u00e1valy n\u011bjak\u00e9 speciality, tak si mysl\u00edm, \u017ee by dnes byl pan prezident kritizov\u00e1n je\u0161t\u011b v\u00edce. Z\u00e1va\u017en\u00e9, t\u00e9 nejz\u00e1va\u017en\u011bj\u0161\u00ed krimin\u00e1ln\u00ed \u010dinnosti n\u00e1siln\u00e9 a opravdu t\u00e9 nejrozs\u00e1hlej\u0161\u00ed majetkov\u00e9 \u010dinnosti se tato amnestie t\u00fdkat v\u016fbec nem\u016f\u017ee, proto\u017ee se na n\u011b vztahuj\u00ed vy\u0161\u0161\u00ed trestn\u00ed sazby, ne\u017e je 10 let, to za prv\u00e9. A za druh\u00e9, pan prezident nemohl v t\u00e9to v\u011bci ud\u011blat nic s\u00e1m, ani\u017e by nenavazoval na n\u011bjak\u00fd stav, kter\u00fd moment\u00e1ln\u011b ty kauzy maj\u00ed v justici. Sv\u00e9 rozhodnut\u00ed o amnestii op\u0159el jednak o rozhodnut\u00ed soudu v t\u011bch ukon\u010den\u00fdch sazb\u00e1ch a tak\u00e9 o nekon\u00e1n\u00ed soudu. My v\u00edme, \u017ee Evropsk\u00fd soud pro lidsk\u00e1 pr\u00e1va ve \u0160trasburku ve sv\u00e9m judik\u00e1tu, kter\u00fd je z\u00e1vazn\u00fd pro \u010dleny Rady Evropy, tedy i pro n\u00e1s, pova\u017euje \u0159\u00edzen\u00ed, kter\u00e1 jsou del\u0161\u00ed ne\u017e 6 let, za pochybn\u00e1 a nespravedliv\u00e1. T\u011bm lidem p\u0159izn\u00e1v\u00e1 n\u00e1rok na od\u0161kodn\u011bn\u00ed a zpochyb\u0148uje, \u017ee je mo\u017en\u00e9 o takov\u00fdch v\u011bcech je\u0161t\u011b rozhodnout n\u011bjak\u00fdm zp\u016fsobem spravedliv\u011b. Pan prezident tuto &#8230;<\/p>\n<p>Daniela DRTINOV\u00c1, moder\u00e1torka:<br \/>\nPane Jakle, ale prezident V\u00e1clav Klaus skute\u010dn\u011b nemusel vstupovat do t\u011bch neukon\u010den\u00fdch kauz a v\u00edte, jak to tady bylo v justic\u00ed v t\u011bch posledn\u00edch letech, te\u010f se justice nadechla a \u0159ada t\u011bch spis\u016f skute\u010dn\u011b n\u011bjakou dobu le\u017eela, ob\u017ealovan\u00ed mnoh\u00e1 ta trestn\u00ed \u0159\u00edzen\u00ed nejr\u016fzn\u011bj\u0161\u00edmi zp\u016fsoby zpomalovali, te\u010f se to rozb\u011bhlo a prezident nemusel vstoupit do t\u011bch neukon\u010den\u00fdch tedy trestn\u00edch \u0159\u00edzen\u00ed, pro\u010d to ud\u011blal?<\/p>\n<p>Ladislav JAKL, \u0159editel politick\u00e9ho odboru Kancel\u00e1\u0159e prezidenta republiky:<br \/>\nZnova opakuji, ano, byl takov\u00fd tlak i na n\u00e1s, i na \u010ceskou republiku, a to dokonce pova\u017eovat za nevinn\u00e9 i ty lidi, u kter\u00fdch se ten proces t\u00e1hne 6 let. Pan prezident to s\u00e1m zv\u00fd\u0161il o sv\u00e9 v\u016fli na 8, proto\u017ee se mu zd\u00e1lo t\u011bch 6 opravdu m\u00e1lo a nav\u00edc sn\u00ed\u017eil tu maxim\u00e1ln\u00ed trestnou sazbu z 12 na 10, aby tam spadaly je\u0161t\u011b dal\u0161\u00ed, dal\u0161\u00ed krimin\u00e1ln\u00ed \u010diny.<\/p>\n<p>Daniela DRTINOV\u00c1, moder\u00e1torka:<br \/>\nDob\u0159e. Pane Jakle, jak je mo\u017en\u00e9 tedy, \u017ee \u00fapln\u011b pominul pr\u00e1va po\u0161kozen\u00fdch? Pokud se zastav\u00ed kauza, kde po\u0161kozen\u00ed \u017e\u00e1daj\u00ed n\u00e1hradu \u0161kody a nebylo pravomocn\u011b rozhodnuto, to je to, o \u010dem jsme tady mluvili i s panem ministrem, tak u\u017e se j\u00ed nemohou domoci, proto\u017ee v civiln\u00edm procesu je to proml\u010deno. To bylo panu prezidentovi jedno?<\/p>\n<p>Ladislav JAKL, \u0159editel politick\u00e9ho odboru Kancel\u00e1\u0159e prezidenta republiky:<br \/>\nPr\u00e1va po\u0161kozen\u00fdch neporu\u0161il pan prezident, ale justice a soudy.<\/p>\n<p>Daniela DRTINOV\u00c1, moder\u00e1torka:<br \/>\nJ\u00e1 jsem \u0159ekla, \u017ee je pominul ta pr\u00e1va, nikoliv \u017ee je poru\u0161il.<\/p>\n<p>Ladislav JAKL, \u0159editel politick\u00e9ho odboru Kancel\u00e1\u0159e prezidenta republiky:<br \/>\nPoru\u0161ily je justice a soudy, proto\u017ee na tyto lidi u\u017e nen\u00ed mo\u017en\u00e9 podle mezin\u00e1rodn\u00edch konvenc\u00ed spravedliv\u011b v\u016fbec odsoudit. Ano, samoz\u0159ejm\u011b, ka\u017ed\u00fd st\u00edhan\u00fd se sna\u017e\u00ed vyu\u017e\u00edt v\u0161echny mo\u017en\u00e9 cesty k tomu, aby jedn\u00e1n\u00ed obstruoval, protahoval a tak d\u00e1l, to se d\u011bje v\u0161ude na sv\u011bt\u011b, v\u0161ude na sv\u011bt\u011b, ale n\u011bkde na sv\u011bt\u011b panuj\u00ed mnohem p\u0159\u00edsn\u011bj\u0161\u00ed pravidla, \u017ee kdy\u017e soud nevynese rozsudek t\u0159eba do roka nebo do dvou, tak toho \u010dlov\u011bka prost\u011b mus\u00ed pustit, proto\u017ee jsou pochybnosti, jestli takov\u00fd soud by byl spravedliv\u00fd, jestli sv\u011bdkov\u00e9 nebudou za tu dobu \u00fapln\u011b \u0159\u00edkat n\u011bco jin\u00e9ho, tak\u017ee to, jestli se n\u011bkdo dom\u00e1hal nebo nedom\u016f\u017ee \u0161kod a nedomohl se jich do 12 let a do 20 by mo\u017en\u00e1 se domohl, to je velmi iluzorn\u00ed.<\/p>\n<p>Daniela DRTINOV\u00c1, moder\u00e1torka:<br \/>\nTak, pane Jakle, j\u00e1 se v\u00e1s tedy, j\u00e1 se v\u00e1s tedy, s dovolen\u00edm, zept\u00e1m je\u0161t\u011b jinak.<\/p>\n<p>Ladislav JAKL, \u0159editel politick\u00e9ho odboru Kancel\u00e1\u0159e prezidenta republiky:<br \/>\nTi lid\u00e9 jsou prost\u011b nevinn\u00ed, proto\u017ee je nikdo neodsoudil.<\/p>\n<p>Daniela DRTINOV\u00c1, moder\u00e1torka:<br \/>\nPro\u010d nestanovil prezident jako podm\u00ednku amnestie, \u017ee pachatel uhrad\u00ed \u0161kodu? Takov\u00e1 drobnost v uvozovk\u00e1ch a spravedlnosti by bylo u\u010din\u011bno za dost. Nebo o to ne\u0161lo?<\/p>\n<p>Ladislav JAKL, \u0159editel politick\u00e9ho odboru Kancel\u00e1\u0159e prezidenta republiky:<br \/>\nNemohl takovou podm\u00ednku p\u0159ece d\u00e1t, proto\u017ee jde o nevinn\u00e9 lidi, kte\u0159\u00ed nebyli odsouzeni k \u017e\u00e1dn\u00e9 n\u00e1hrad\u011b \u0161kody. Mimochodem pro ty, kte\u0159\u00ed odsouzeni byli a sou\u010d\u00e1st\u00ed jejich trestu jsou pen\u011b\u017eit\u00e9 tresty, tak ty z\u016fst\u00e1vaj\u00ed. Ty se neprom\u00edjej\u00ed touto amnesti\u00ed.<\/p>\n<p>Daniela DRTINOV\u00c1, moder\u00e1torka:<br \/>\nAno. Co \u0159\u00edk\u00e1te tedy vyj\u00e1d\u0159en\u00ed p\u0159edsedy \u00fastavn\u011b-pr\u00e1vn\u00edho v\u00fdboru sn\u011bmovny Stanislava Pol\u010d\u00e1ka, koali\u010dn\u00edho poslance, \u017ee se tak uzav\u00edr\u00e1 kruh 90. let jako symbol tunel\u00e1\u0159sk\u00e9 doby?<\/p>\n<p>Ladislav JAKL, \u0159editel politick\u00e9ho odboru Kancel\u00e1\u0159e prezidenta republiky:<br \/>\nAsi m\u00e1 r\u00e1d kruhy. J\u00e1 nev\u00edm, co k takov\u00e9 hlouposti m\u00e1m \u0159\u00edct. A\u0165 dolo\u017e\u00ed aspo\u0148 jeden jedin\u00fd p\u0159\u00edpad, kter\u00e9, kter\u00e9ho by se to mohlo eventu\u00e1ln\u011b t\u00fdkat. Mysl\u00edm si, \u017ee takov\u00e9 v\u00fdroky nejsou hodny dosp\u011bl\u00e9ho politika, ale hodn\u011b \u0161patn\u00e9ho novin\u00e1\u0159e.<\/p>\n<p>Daniela DRTINOV\u00c1, moder\u00e1torka:<br \/>\nTak t\u011bch p\u0159\u00edpad\u016f padlo dnes pom\u011brn\u011b dost, soudci, st\u00e1tn\u00ed z\u00e1stupci vyhod\u00ed skute\u010dn\u011b n\u011bkter\u00e9 spisy, na kter\u00fdch pracovali \u0159adu let, v uvozovk\u00e1ch do popelnice.<\/p>\n<p>Ladislav JAKL, \u0159editel politick\u00e9ho odboru Kancel\u00e1\u0159e prezidenta republiky:<br \/>\nJe\u0161t\u011b nen\u00ed o \u017e\u00e1dn\u00e9m takov\u00e9m &#8230;<\/p>\n<p>Daniela DRTINOV\u00c1, moder\u00e1torka:<br \/>\nI pra\u017esk\u00e1 vrchn\u00ed st\u00e1tn\u00ed z\u00e1stupkyn\u011b Lenka Brad\u00e1\u010dov\u00e1 p\u0159ipustila, \u017ee se to dotkne i n\u011bkter\u00fdch jej\u00edch kauz. Nen\u00ed to ne\u00facta k jejich pr\u00e1ci? Facka emancipaci \u010desk\u00e9 justice?<\/p>\n<p>Ladislav JAKL, \u0159editel politick\u00e9ho odboru Kancel\u00e1\u0159e prezidenta republiky:<br \/>\nV\u00edte, ani jeden z t\u011bch p\u0159\u00edklad\u016f nebyl je\u0161t\u011b prok\u00e1z\u00e1n. Jsou to hol\u00e9 spekulace, z kter\u00fdch se nyn\u00ed va\u0159\u00ed z vody n\u011bjak\u00e9 \u00fatoky na pana prezidenta. Kdy\u017e se pod\u00edv\u00e1te na vyj\u00e1d\u0159en\u00ed \u00datvaru po postihov\u00e1n\u00ed organizovan\u00e9ho zlo\u010dinu, tak ten \u0159\u00edk\u00e1, \u017ee v cel\u00e9 republice mo\u017en\u00e1 se to t\u00fdk\u00e1 t\u0159\u00ed p\u0159\u00edpad\u016f a v \u00datvaru pro odhalov\u00e1n\u00ed korupce a finan\u010dn\u00ed kriminality, tak mo\u017en\u00e1 jednoho p\u0159\u00edpadu. Tak\u017ee v\u016fbec tady nejde o n\u011bjak\u00e9 \u0159ady a \u0159ady dal\u0161\u00edch a mo\u017en\u00e1, \u017ee v t\u011bch p\u0159\u00edpadech, o kter\u00fdch mluv\u00ed tyto dva \u00fatvary vy\u0161et\u0159ovac\u00ed, tak se jedn\u00e1 nav\u00edc o kriminalitu, kter\u00e1 p\u0159esahuje tu hranici 10 let a do amnestie spadat v\u016fbec nebude.<\/p>\n<p>Daniela DRTINOV\u00c1, moder\u00e1torka:<br \/>\nTak, pane Jakle, V\u00e1clav Klaus pat\u0159il ke kritik\u016fm hromadn\u00fdch amnesti\u00ed, kdy zm\u011bnil n\u00e1zor, kdy\u017e v dubnu 2003 \u0159ekl: &#8222;J\u00e1 si nemysl\u00edm, \u017ee m\u00e1 prezident opravovat soudn\u00ed syst\u00e9m. A stejn\u011b tak si nemysl\u00edm, \u017ee bych si m\u011bl vytipovat jednu skupinu odsouzen\u00fdch a pokusit se jim d\u00e1t svobodu na z\u00e1klad\u011b toho, \u017ee se zm\u00fdlili soudci nebo \u017ee je chybn\u00fd trestn\u00ed z\u00e1kon\u00edk.&#8220; Co ale te\u010f po 10 letech prezident ud\u011blal jin\u00e9ho ne\u017e to, co s\u00e1m kritizoval?<\/p>\n<p>Ladislav JAKL, \u0159editel politick\u00e9ho odboru Kancel\u00e1\u0159e prezidenta republiky:<br \/>\nJ\u00e1 mysl\u00edm, \u017ee ud\u011blal za prv\u00e9, proto\u017ee nesna\u017e\u00ed se napravovat rozhodnut\u00ed soud\u016f, co\u017e se nesna\u017eil ani v milostech a \u010dasto mu to bylo vy\u010d\u00edt\u00e1no, \u017ee se nesna\u017e\u00ed milostmi opravovat soudy a vyd\u00e1vat nov\u00e9 v\u00fdroky o vin\u011b nebo nevin\u011b. Ve v\u0161ech p\u0159\u00edpadech v\u00ed dob\u0159e, \u017ee ka\u017ed\u00e9 takov\u00e9 rozhodnut\u00ed o amnestii a o milostech se t\u00fdk\u00e1 vin\u00edk\u016f, \u010dili to nen\u00ed polemika se soudy v \u017e\u00e1dn\u00e9m p\u0159\u00edpad\u011b. A na tu va\u0161i ot\u00e1zku, jestli zm\u011bnil n\u00e1zor: to byl t\u00e1z\u00e1n v roce 2003, jestli d\u00e1 po n\u00e1stupu do funkce amnestii a pan prezident V\u00e1clav Klaus to odm\u00edtl, proto\u017ee jeho p\u0159edch\u016fdce V\u00e1clav Havel ten institut do zna\u010dn\u00e9 m\u00edry zdiskreditoval \u010dty\u0159mi po sob\u011b jdouc\u00edmi amnestiemi, z nich\u017e prvn\u00ed propou\u0161t\u011bla i pachatele velmi z\u00e1va\u017en\u00e9 n\u00e1siln\u00e9 \u010dinnosti, pustil 23 tis\u00edc v\u011bz\u0148\u016f a zd\u00e1lo se, \u017ee za tu dobu toho u\u017e bylo dost. Dnes od posledn\u00ed amnestie uplynulo 15 let a ka\u017ed\u00fd dal\u0161\u00ed rok se ka\u017ed\u00fd dal\u0161\u00ed nov\u00fd ministr spravedlnosti, v\u00e1\u0161 pan sou\u010dasn\u00fd ministr spravedlnosti to ur\u010dit\u011b dob\u0159e v\u00ed, \u017ee i jeho p\u0159edch\u016fdce i p\u0159edch\u016fdce jeho p\u0159edch\u016fdce opakovan\u011b \u017e\u00e1dali pana prezidenta o to, aby amnestii, aby k amnestii p\u0159ikro\u010dil, ten to neud\u011blal a odm\u00edtal to s t\u00edm, \u017ee mo\u017en\u00e1 snad a\u017e na konci funk\u010dn\u00edho obdob\u00ed. A kdy\u017e se to funk\u010dn\u00ed obdob\u00ed za\u010dalo bl\u00ed\u017eit, tak jsme o tom za\u010dali mluvit v\u00edc a v\u00edc a nakonec takto pan prezident rozhodl.<\/p>\n<p>Daniela DRTINOV\u00c1, moder\u00e1torka:<br \/>\nTak, pane Jakle, j\u00e1 v\u00e1m d\u011bkuji, na shledanou.<\/p>\n<p>Ladislav JAKL, \u0159editel politick\u00e9ho odboru Kancel\u00e1\u0159e prezidenta republiky:<br \/>\nD\u011bkuji v\u00e1m tak\u00e9.<\/p>\n","protected":false},"excerpt":{"rendered":"<p>Video uvnit\u0159 \u010dl\u00e1nku.<\/p>\n","protected":false},"author":1,"featured_media":0,"comment_status":"open","ping_status":"open","sticky":false,"template":"","format":"standard","meta":{"ngg_post_thumbnail":0,"footnotes":""},"categories":[13,12],"tags":[],"class_list":["post-3289","post","type-post","status-publish","format-standard","hentry","category-rozhovory","category-video"],"_links":{"self":[{"href":"https:\/\/www.ladislavjakl.cz\/index.php?rest_route=\/wp\/v2\/posts\/3289","targetHints":{"allow":["GET"]}}],"collection":[{"href":"https:\/\/www.ladislavjakl.cz\/index.php?rest_route=\/wp\/v2\/posts"}],"about":[{"href":"https:\/\/www.ladislavjakl.cz\/index.php?rest_route=\/wp\/v2\/types\/post"}],"author":[{"embeddable":true,"href":"https:\/\/www.ladislavjakl.cz\/index.php?rest_route=\/wp\/v2\/users\/1"}],"replies":[{"embeddable":true,"href":"https:\/\/www.ladislavjakl.cz\/index.php?rest_route=%2Fwp%2Fv2%2Fcomments&post=3289"}],"version-history":[{"count":3,"href":"https:\/\/www.ladislavjakl.cz\/index.php?rest_route=\/wp\/v2\/posts\/3289\/revisions"}],"predecessor-version":[{"id":3386,"href":"https:\/\/www.ladislavjakl.cz\/index.php?rest_route=\/wp\/v2\/posts\/3289\/revisions\/3386"}],"wp:attachment":[{"href":"https:\/\/www.ladislavjakl.cz\/index.php?rest_route=%2Fwp%2Fv2%2Fmedia&parent=3289"}],"wp:term":[{"taxonomy":"category","embeddable":true,"href":"https:\/\/www.ladislavjakl.cz\/index.php?rest_route=%2Fwp%2Fv2%2Fcategories&post=3289"},{"taxonomy":"post_tag","embeddable":true,"href":"https:\/\/www.ladislavjakl.cz\/index.php?rest_route=%2Fwp%2Fv2%2Ftags&post=3289"}],"curies":[{"name":"wp","href":"https:\/\/api.w.org\/{rel}","templated":true}]}}