{"id":3291,"date":"2012-12-21T15:35:45","date_gmt":"2012-12-21T14:35:45","guid":{"rendered":"http:\/\/www.ladislavjakl.cz\/?p=3291"},"modified":"2012-12-21T15:35:45","modified_gmt":"2012-12-21T14:35:45","slug":"jakl-klaus-o-necasovych-zamerech-nevedel-do-posledni-chvile","status":"publish","type":"post","link":"https:\/\/www.ladislavjakl.cz\/?p=3291","title":{"rendered":"Jakl: Klaus o Ne\u010dasov\u00fdch z\u00e1m\u011brech nev\u011bd\u011bl do posledn\u00ed chv\u00edle"},"content":{"rendered":"<p>Bou\u0159liv\u00e9 reakce vzbudilo na politick\u00e9 sc\u00e9n\u011b odvol\u00e1n\u00ed  Karol\u00edny Peake z\u00a0pozice ministryn\u011b obrany. Jej\u00ed domov\u0161t\u00ed liber\u00e1ln\u00ed  demokrat\u00e9 (LIDEM) avizovali z\u00e1m\u011br odej\u00edt z\u00a0vl\u00e1dy, nebo\u0165 \u2013 slovy Viktora  Paggia \u2013 do\u0161lo k\u00a0poru\u0161en\u00ed koali\u010dn\u00ed smlouvy.<\/p>\n<p><!--more-->O z\u00e1m\u011bru Petra Ne\u010dase  sesadit Peake z\u00a0\u010dela obrany nev\u011bd\u011bl do posledn\u00ed chv\u00edle ani prezident  Klaus, Ladislav Jakl uvedl, \u017ee se o n\u011bm dozv\u011bd\u011bl teprve s Ne\u010dasov\u00fdm  p\u0159\u00edjezdem na Hrad. P\u0159ekvapen\u00e9\u00a0jsou i\u00a0koali\u010dn\u00ed strany, v\u0161ichni ale konec  Karol\u00edny Peake v \u010dele obrany\u00a0zdr\u017eenliv\u011b v\u00edtaj\u00ed. Razantn\u011bj\u0161\u00ed souhlas  s\u00a0jej\u00edm koncem vyjad\u0159uje opozice, \u010cSSD hovo\u0159\u00ed i o selh\u00e1n\u00ed Petra Ne\u010dase a  vol\u00e1 ho k\u00a0rezignaci.<\/p>\n<p>&#8222;Mysl\u00edm si, \u017ee jsme sv\u011bdkem za\u010d\u00ednaj\u00edc\u00ed vl\u00e1dn\u00ed krize. Budeme  po\u017eadovat vysv\u011btlen\u00ed a budeme uva\u017eovat o tom, jak\u00fdm zp\u016fsobem se k\u00a0t\u00e9to  situaci postav\u00edme,&#8220; konstatovala Navr\u00e1tilov\u00e1. &#8222;Ned\u016fv\u011bra v\u00a0kroky pana  premi\u00e9ra je ve mn\u011b osobn\u011b velmi nalomena. Sama za sebe \u0159\u00edk\u00e1m, \u017ee to  pokl\u00e1d\u00e1m za krok, kter\u00fd je pro m\u011b d\u016fvodem odchodu z\u00a0vl\u00e1dy.&#8220;<\/p>\n<p>Obdobn\u011b se vyj\u00e1d\u0159il i m\u00edstop\u0159edseda\u00a0strany Viktor Paggio. Odvol\u00e1n\u00ed  Peake z \u010dela obrany je podle n\u011bj poru\u0161en\u00edm dohod v koalici a m\u011blo by  znamenat odchod strany LIDEM z vl\u00e1dy. &#8222;Premi\u00e9r Petr Ne\u010das t\u00edmto krokem  nad\u011blil ob\u010dan\u016fm k V\u00e1noc\u016fm levicovou vl\u00e1du,&#8220; \u0159ekl Viktor Paggio.<\/p>\n<p><strong>Klaus o Ne\u010dasov\u011b z\u00e1m\u011bru nev\u011bd\u011bl do chv\u00edle, ne\u017e dorazil na Hrad<\/strong><\/p>\n<p>Ministerstvo obrany z\u00edskali liber\u00e1ln\u00ed demokrat\u00e9 v\u00fdm\u011bnou za  ministerstvo dopravy, kde jej\u00edho z\u00e1stupce Pavla Dobe\u0161e vyst\u0159\u00eddal  tehdej\u0161\u00ed p\u0159edseda poslanc\u016f ODS Zbyn\u011bk Stanjura. Peake ale byla  ministryn\u00ed jen osm dn\u00ed. P\u0159ed dne\u0161n\u00edm jedn\u00e1n\u00edm vl\u00e1dy se m\u011bla sej\u00edt s  Ne\u010dasem kv\u016fli sv\u00fdm pl\u00e1n\u016fm na obran\u011b. Premi\u00e9r pak ne\u010dekan\u011b ozn\u00e1mil, \u017ee  navrhne jej\u00ed odchod z \u00fa\u0159adu. N\u00e1vrh na jej\u00ed odvol\u00e1n\u00ed bezprost\u0159edn\u011b  potvrdil prezident V\u00e1clav Klaus.<\/p>\n<p>Jak v\u0161ak informoval \u0159editel politick\u00e9ho odboru kancel\u00e1\u0159e prezidenta  republiky Ladislav Jakl, ani s\u00e1m Klaus a\u017e do Ne\u010dasova p\u0159\u00edjezdu na Hrad  nev\u011bd\u011bl, o \u010dem se bude jednat.\u00a0&#8222;Pan premi\u00e9r oslovil pana prezidenta  za\u010d\u00e1tkem t\u00fddne se \u017e\u00e1dost\u00ed o osobn\u00ed sch\u016fzku. Sch\u016fzka trvala asi \u010dty\u0159icet  minut, to znamen\u00e1, \u017ee nebyla form\u00e1ln\u00ed. Cel\u00fdch \u010dty\u0159icet minut pan premi\u00e9r  vyu\u017eil k\u00a0tomu, aby panu prezidentovi sd\u011blil sv\u00e9 argumenty, a jak je  vid\u011bt, pan prezident je vzal v\u00e1\u017en\u011b.&#8220;<\/p>\n<ul>\n<li><strong>Ladislav Jakl:<\/strong> <em>&#8222;Argumenty, se kter\u00fdmi p\u0159i\u0161el pan premi\u00e9r, shledal pan prezident jako natolik z\u00e1va\u017en\u00e9, \u017ee jeho \u017e\u00e1dosti vyhov\u011bl.&#8220;<\/em><\/li>\n<\/ul>\n<p><strong>V\u011bci ve\u0159ejn\u00e9: A\u010d otlouk\u00e1nek, ve vl\u00e1d\u011b LIDEM z\u016fstanou<\/strong><\/p>\n<p>Specifick\u00e1 byla reakce V\u011bc\u00ed ve\u0159ejn\u00fdch, z jejich\u017e z\u00e1klad\u016f zprvu  platforma a pot\u00e9 strana Karol\u00edny Peake vze\u0161la. Podle p\u0159edsedy VV Radka  Johna toti\u017e v\u00fdstrahy liber\u00e1ln\u00edch demokrat\u016f o mo\u017en\u00e9m odchodu z vl\u00e1dy nic  nezm\u011bn\u00ed a Petr Ne\u010das tak jen nad\u00e1le po\u0161lap\u00e1v\u00e1 jejich sebev\u011bdom\u00ed. John  z\u00e1rove\u0148 upozornil na to, \u017ee Peake skon\u010dila jen den pot\u00e9, co hlasy jej\u00edch  poslanc\u016f pomohly vl\u00e1d\u011b schv\u00e1lit st\u00e1tn\u00ed rozpo\u010det na p\u0159\u00ed\u0161t\u00ed rok v\u010detn\u011b  sporn\u00e9ho da\u0148ov\u00e9ho bal\u00edku.<\/p>\n<ul>\n<li><strong>Radek John:<\/strong> <em><em>&#8222;P\u0159eb\u011bhl\u00edci jsou v\u00edt\u00e1ni a  nejsou v\u00e1\u017eeni. Koalice se k nim chov\u00e1 jako k hlasovac\u00edmu strojku\u2026  Nakonec to sko\u010dn\u00ed tak, \u017ee strana LIDEM bude poslu\u0161n\u011b d\u00e1le vykon\u00e1vat  funkci u\u017eite\u010dn\u00e9ho zr\u00e1dce, a dostane za to n\u011bjak\u00e9 funkci\u010dky.&#8220;<\/em><\/em><\/li>\n<\/ul>\n<p><strong>Vl\u00e1dn\u00ed strany jsou p\u0159ekvapen\u00e9, s koncem vl\u00e1dy ale nepo\u010d\u00edtaj\u00ed<\/strong><\/p>\n<p>Strany koalice jsou krokem Petra Ne\u010dase p\u0159ekvapeny. O odvol\u00e1n\u00ed toti\u017e  nev\u011bd\u011bli nejen liber\u00e1ln\u00ed demokrat\u00e9, ale podle vyj\u00e1d\u0159en\u00ed \u010deln\u00fdch  stranick\u00fdch p\u0159edstavitel\u016f ani z\u00e1stupci TOP\u00a009 a ODS. Dv\u011b velk\u00e9 koali\u010dn\u00ed  strany nicm\u00e9n\u011b konec Karol\u00edny Peake v\u00a0\u010dele silov\u00e9ho resortu zdr\u017eenliv\u011b  oce\u0148uj\u00ed, Peake podle nich na veden\u00ed resortu nesta\u010dila a jako  nekompetentn\u00ed se uk\u00e1zala ve chv\u00edli, kdy v\u00a0den n\u00e1stupu odvolala t\u0159i  vrcholn\u00e9 \u00fa\u0159edn\u00edky v\u010detn\u011b prvn\u00edho n\u00e1m\u011bstka.<\/p>\n<ul>\n<li><strong>Jaroslav Kubera (ODS):<\/strong> <em>&#8222;Uk\u00e1zalo se, \u017ee  ministrem nem\u016f\u017ee b\u00fdt \u00fapln\u011b ka\u017ed\u00fd, zejm\u00e9na ten, kter\u00fd ani\u017e o tom cokoliv  v\u00ed, za\u010dne d\u011blat radik\u00e1ln\u00ed zm\u011bny. Norm\u00e1ln\u00ed \u010dlov\u011bk, kter\u00fd se ujme n\u011bjak\u00e9  funkce, nejd\u0159\u00edv m\u011bs\u00edc, dva a v\u00a0jej\u00edm p\u0159\u00edpad\u011b t\u0159i poslouch\u00e1, nas\u00e1v\u00e1  atmosf\u00e9ru a pak teprve p\u0159em\u00fd\u0161l\u00ed.&#8220;<\/em><\/li>\n<li><strong>Petr Gazd\u00edk (TOP 09):<\/strong> <em>&#8222;U\u017e kdy\u017e premi\u00e9r Karol\u00ednu  Peake do funkce jmenoval, \u0159\u00edkali jsme, \u017ee bychom si p\u0159edstavovali  n\u011bkoho s\u00a0v\u011bt\u0161\u00ed profesn\u00ed erudic\u00ed nebo s\u00a0v\u011bt\u0161\u00ed znalost\u00ed oboru, nicm\u00e9n\u011b je  to v\u011bc\u00ed pana premi\u00e9ra a strany LIDEM. Mysl\u00edm, \u017ee to je dal\u0161\u00ed rozm\u00ed\u0161ka,  kter\u00e9 se koalice mohla u\u0161et\u0159it.&#8220;<\/em><\/li>\n<li><strong>Miroslav Kalousek \u00a0(TOP 09):<\/strong> <em>&#8222;Nerozum\u011bl jsem  tomu jmenov\u00e1n\u00ed, nerozum\u00edm ani tomu odvol\u00e1n\u00ed. Nen\u00ed ale d\u016fle\u017eit\u00e9, abych  n\u011b\u010demu rozum\u011bl, proto\u017ee jedinou pravomoc a odpov\u011bdnost za jmenov\u00e1n\u00ed a  odvol\u00e1n\u00ed ministr\u016f m\u00e1 p\u0159edseda vl\u00e1dy.&#8220;<\/em><\/li>\n<\/ul>\n<p>Stejn\u011b jako V\u011bci ve\u0159ejn\u00e9 ov\u0161em ani vl\u00e1dn\u00ed strany b\u011bhem dne nev\u011b\u0159ily tomu, \u017ee by m\u011bla vl\u00e1da skon\u010dit.<\/p>\n<ul>\n<li><strong>Petr Gazd\u00edk (TOP 09 \u2013 STAN):<\/strong> <em>&#8222;Zat\u00edm nem\u00e1me  d\u016fvody, pro\u010d bychom z\u00a0koalice odch\u00e1zeli, koalici se evidentn\u011b da\u0159\u00ed,  p\u0159ijali jsme celou \u0159adu velmi d\u016fle\u017eit\u00fdch z\u00e1kon\u016f, z\u00a0hlediska p\u0159ij\u00edman\u00fdch  norem je tato koalice velmi \u00fasp\u011b\u0161n\u00e1.&#8220;<\/em><\/li>\n<li><strong>Jaroslav Kubera (ODS):<\/strong> <em><em>&#8222;Tato strana by  vl\u00e1du nikdy nepolo\u017eila, proto\u017ee v\u00ed, \u017ee by to pro ni bylo mo\u017en\u00e1 medi\u00e1ln\u011b  zaj\u00edmav\u00e9, ale zcela ur\u010dit\u011b posledn\u00ed polo\u017een\u00ed vl\u00e1dy, proto\u017ee u\u017e by nikdy  v\u00a0\u017e\u00e1dn\u00e9 nebyla.&#8220;<\/em><\/em><\/li>\n<\/ul>\n<p><strong>Opozice\u00a0konec Peake v\u00edt\u00e1<\/strong><\/p>\n<p>Soci\u00e1ln\u00ed demokracie krok premi\u00e9ra Ne\u010dase v\u00a0z\u00e1sad\u011b kvituje, Karol\u00edna  Peake podle n\u00ed toti\u017e nem\u011bla do \u010dela v\u016fbec nastoupit. Podle st\u00ednov\u00e9ho  ministra obrany \u010cSSD Jana Ham\u00e1\u010dka je odvol\u00e1n\u00ed zata\u017een\u00edm za z\u00e1chrannou  brzdu v posledn\u00edm okam\u017eiku. Obdobn\u011b hovo\u0159\u00ed i KS\u010cM.<\/p>\n<p>M\u00edstop\u0159edseda \u010cSSD Lubom\u00edr Zaor\u00e1lek ve\u010der slova opozice radikalizoval  a k\u00a0odchodu vyzval i samotn\u00e9ho Ne\u010dase. &#8222;Groteskou&#8220; na obran\u011b toti\u017e  podle soci\u00e1ln\u00ed demokracie znev\u011brohodnil \u010cesko v\u00a0o\u010d\u00edch zahrani\u010dn\u00edch  partner\u016f z NATO\u00a0i s\u00e1m sebe, respektive sv\u00e9 politick\u00e9 rozhodnut\u00ed Peake do  \u010dela obrany posadit.<\/p>\n<ul>\n<li><strong>Bohuslav Sobotka (\u010cSSD):<\/strong> <em>&#8222;Petr Ne\u010das p\u016fsob\u00ed  jako premi\u00e9r, kter\u00fd nen\u00ed schopen n\u00e9st bez permanentn\u00ed ostudy odpov\u011bdnost  za person\u00e1ln\u00ed slo\u017een\u00ed vl\u00e1dy a m\u011bn\u00ed ministry doslova jako pono\u017eky.&#8220;<\/em><\/li>\n<li><strong>Lubom\u00edr Zaor\u00e1lek (\u010cSSD):<\/strong><em> &#8222;Je to p\u0159\u00edb\u011bh selh\u00e1n\u00ed  sou\u010dasn\u00e9ho premi\u00e9ra Petra Ne\u010dase. Nejen Karol\u00edna Peake, ale Petr Ne\u010das  na to nem\u00e1. Premi\u00e9r selhal a po t\u00e9hle grotesce, kterou p\u0159edvedl, kter\u00e1  shazuje \u010cR v\u016f\u010di na\u0161im spojenc\u016fm, by z\u00a0toho m\u011bl vyvodit d\u016fsledky a m\u011bl by  odej\u00edt.&#8220;<\/em><\/li>\n<li><strong>Vojt\u011bch Filip (KS\u010cM):<\/strong> <em>&#8222;Velk\u00fd \u0161ach, kter\u00fd se  provedl ve vl\u00e1d\u011b, znamenal, \u017ee se mus\u00ed uspokojit rebelov\u00e9 a strana  LIDEM. M\u00edra vyd\u00edr\u00e1n\u00ed, kter\u00e1 \u0161la ze strany LIDEM, byla obrovsk\u00e1 a tu cenu  pan premi\u00e9r Ne\u010das neunesl.&#8220;<\/em><\/li>\n<li><strong>Ji\u0159\u00ed Paroubek (NS-LEV 21):<\/strong> <em>&#8222;Je to absurdn\u00ed tragikomedie, kter\u00e1 sv\u011bd\u010d\u00ed o bezradnosti p\u0159edsedy vl\u00e1dy.&#8220;<\/em><\/li>\n<\/ul>\n<p><a href=\"http:\/\/www.ceskatelevize.cz\/ct24\/domaci\/208299-jakl-klaus-o-necasovych-zamerech-nevedel-do-posledni-chvile\/\" target=\"_blank\">Zdroj<\/a><\/p>\n","protected":false},"excerpt":{"rendered":"<p>Bou\u0159liv\u00e9 reakce vzbudilo na politick\u00e9 sc\u00e9n\u011b odvol\u00e1n\u00ed Karol\u00edny Peake z\u00a0pozice ministryn\u011b obrany. Jej\u00ed domov\u0161t\u00ed liber\u00e1ln\u00ed demokrat\u00e9 (LIDEM) avizovali z\u00e1m\u011br odej\u00edt z\u00a0vl\u00e1dy, nebo\u0165 \u2013 slovy Viktora Paggia \u2013 do\u0161lo k\u00a0poru\u0161en\u00ed koali\u010dn\u00ed smlouvy.<\/p>\n","protected":false},"author":1,"featured_media":0,"comment_status":"open","ping_status":"open","sticky":false,"template":"","format":"standard","meta":{"ngg_post_thumbnail":0,"footnotes":""},"categories":[11],"tags":[],"class_list":["post-3291","post","type-post","status-publish","format-standard","hentry","category-ozvena"],"_links":{"self":[{"href":"https:\/\/www.ladislavjakl.cz\/index.php?rest_route=\/wp\/v2\/posts\/3291","targetHints":{"allow":["GET"]}}],"collection":[{"href":"https:\/\/www.ladislavjakl.cz\/index.php?rest_route=\/wp\/v2\/posts"}],"about":[{"href":"https:\/\/www.ladislavjakl.cz\/index.php?rest_route=\/wp\/v2\/types\/post"}],"author":[{"embeddable":true,"href":"https:\/\/www.ladislavjakl.cz\/index.php?rest_route=\/wp\/v2\/users\/1"}],"replies":[{"embeddable":true,"href":"https:\/\/www.ladislavjakl.cz\/index.php?rest_route=%2Fwp%2Fv2%2Fcomments&post=3291"}],"version-history":[{"count":1,"href":"https:\/\/www.ladislavjakl.cz\/index.php?rest_route=\/wp\/v2\/posts\/3291\/revisions"}],"predecessor-version":[{"id":3292,"href":"https:\/\/www.ladislavjakl.cz\/index.php?rest_route=\/wp\/v2\/posts\/3291\/revisions\/3292"}],"wp:attachment":[{"href":"https:\/\/www.ladislavjakl.cz\/index.php?rest_route=%2Fwp%2Fv2%2Fmedia&parent=3291"}],"wp:term":[{"taxonomy":"category","embeddable":true,"href":"https:\/\/www.ladislavjakl.cz\/index.php?rest_route=%2Fwp%2Fv2%2Fcategories&post=3291"},{"taxonomy":"post_tag","embeddable":true,"href":"https:\/\/www.ladislavjakl.cz\/index.php?rest_route=%2Fwp%2Fv2%2Ftags&post=3291"}],"curies":[{"name":"wp","href":"https:\/\/api.w.org\/{rel}","templated":true}]}}