{"id":3293,"date":"2012-12-21T15:37:33","date_gmt":"2012-12-21T14:37:33","guid":{"rendered":"http:\/\/www.ladislavjakl.cz\/?p=3293"},"modified":"2012-12-21T15:37:33","modified_gmt":"2012-12-21T14:37:33","slug":"necas-pozadal-o-schuzku-s-klausem-uz-v-pondeli-rekl-jakl","status":"publish","type":"post","link":"https:\/\/www.ladislavjakl.cz\/?p=3293","title":{"rendered":"Ne\u010das po\u017e\u00e1dal o sch\u016fzku s Klausem u\u017e v pond\u011bl\u00ed, \u0159ekl Jakl"},"content":{"rendered":"<p>Podle \u0161\u00e9fa Politick\u00e9ho odboru Hradu Ladislava Jakla po\u017e\u00e1dal premi\u00e9r Petr Ne\u010das (ODS) V\u00e1clava Klause o sch\u016fzku, na kter\u00e9 mu navrhl odvolat Karol\u00ednu Peake z postu ministryn\u011b obrany, ji\u017e po\u010d\u00e1tkem t\u00fddne. A\u017e do \u010dtvrte\u010dn\u00edho jedn\u00e1n\u00ed pr\u00fd ale Klaus nem\u011bl tu\u0161en\u00ed, co s n\u00edm chce premi\u00e9r projedn\u00e1vat.<\/p>\n<p><!--more-->\u010ctvrte\u010dn\u00ed sch\u016fzka Ne\u010dase s Klausem trvala podle Jakla 40 minut a byla neform\u00e1ln\u00ed. Premi\u00e9r pr\u00fd vyu\u017eil \u010das k tomu, aby prezidenta sezn\u00e1mil s d\u016fvody a argumenty k odvol\u00e1n\u00ed Peake. \u201eJak je vid\u011bt, prezident je vzal v\u00e1\u017en\u011b,\u201c \u0159ekl Jakl v \u010cesk\u00e9 televizi. O Ne\u010dasov\u00fdch argumentech pro odvol\u00e1n\u00ed Peake pr\u00fd nev\u00ed.<\/p>\n<p>Jakl tak odm\u00edtl spekulace, podle kter\u00fdch se Ne\u010das \u201ezbavil\u201c Peake, a pota\u017emo cel\u00e9 jej\u00ed strany LIDEM, pot\u00e9, co se ve st\u0159edu poda\u0159ilo odsouhlasit ve Sn\u011bmovn\u011b kl\u00ed\u010dov\u00e9 z\u00e1kony: zv\u00fd\u0161en\u00ed DPH a st\u00e1tn\u00ed rozpo\u010det na rok 2013. V p\u0159\u00edpad\u011b, \u017ee Ne\u010das \u017e\u00e1dal Klause o sch\u016fzku u\u017e p\u0159ed jedn\u00e1n\u00edm Sn\u011bmovny, nesed\u00ed n\u00e1vaznost.<\/p>\n<p>\u010ctvrte\u010dn\u00ed odvol\u00e1n\u00ed Peake p\u0159ekvapilo kde koho. Sama odvolan\u00e1 ministryn\u011b soud\u00ed, \u017ee t\u00edmto je koalice ODS, TOP 09 a LIDEM u konce.<\/p>\n<p><a href=\"http:\/\/www.novinky.cz\/domaci\/288453-necas-pozadal-o-schuzku-s-klausem-uz-v-pondeli-rekl-jakl.html\" target=\"_blank\">Zdroj<\/a><\/p>\n","protected":false},"excerpt":{"rendered":"<p>Podle \u0161\u00e9fa Politick\u00e9ho odboru Hradu Ladislava Jakla po\u017e\u00e1dal premi\u00e9r Petr Ne\u010das (ODS) V\u00e1clava Klause o sch\u016fzku, na kter\u00e9 mu navrhl odvolat Karol\u00ednu Peake z postu ministryn\u011b obrany, ji\u017e po\u010d\u00e1tkem t\u00fddne. A\u017e do \u010dtvrte\u010dn\u00edho jedn\u00e1n\u00ed pr\u00fd ale Klaus nem\u011bl tu\u0161en\u00ed, co s n\u00edm chce premi\u00e9r projedn\u00e1vat.<\/p>\n","protected":false},"author":1,"featured_media":0,"comment_status":"open","ping_status":"open","sticky":false,"template":"","format":"standard","meta":{"ngg_post_thumbnail":0,"footnotes":""},"categories":[11],"tags":[],"class_list":["post-3293","post","type-post","status-publish","format-standard","hentry","category-ozvena"],"_links":{"self":[{"href":"https:\/\/www.ladislavjakl.cz\/index.php?rest_route=\/wp\/v2\/posts\/3293","targetHints":{"allow":["GET"]}}],"collection":[{"href":"https:\/\/www.ladislavjakl.cz\/index.php?rest_route=\/wp\/v2\/posts"}],"about":[{"href":"https:\/\/www.ladislavjakl.cz\/index.php?rest_route=\/wp\/v2\/types\/post"}],"author":[{"embeddable":true,"href":"https:\/\/www.ladislavjakl.cz\/index.php?rest_route=\/wp\/v2\/users\/1"}],"replies":[{"embeddable":true,"href":"https:\/\/www.ladislavjakl.cz\/index.php?rest_route=%2Fwp%2Fv2%2Fcomments&post=3293"}],"version-history":[{"count":1,"href":"https:\/\/www.ladislavjakl.cz\/index.php?rest_route=\/wp\/v2\/posts\/3293\/revisions"}],"predecessor-version":[{"id":3294,"href":"https:\/\/www.ladislavjakl.cz\/index.php?rest_route=\/wp\/v2\/posts\/3293\/revisions\/3294"}],"wp:attachment":[{"href":"https:\/\/www.ladislavjakl.cz\/index.php?rest_route=%2Fwp%2Fv2%2Fmedia&parent=3293"}],"wp:term":[{"taxonomy":"category","embeddable":true,"href":"https:\/\/www.ladislavjakl.cz\/index.php?rest_route=%2Fwp%2Fv2%2Fcategories&post=3293"},{"taxonomy":"post_tag","embeddable":true,"href":"https:\/\/www.ladislavjakl.cz\/index.php?rest_route=%2Fwp%2Fv2%2Ftags&post=3293"}],"curies":[{"name":"wp","href":"https:\/\/api.w.org\/{rel}","templated":true}]}}