{"id":330,"date":"2010-05-04T08:57:49","date_gmt":"2010-05-04T07:57:49","guid":{"rendered":"http:\/\/www.ladislavjakl.cz\/?p=330"},"modified":"2010-05-04T08:57:49","modified_gmt":"2010-05-04T07:57:49","slug":"benesovy-dekrety-v-kampani-chybi-mohou-za-to-media","status":"publish","type":"post","link":"https:\/\/www.ladislavjakl.cz\/?p=330","title":{"rendered":"Bene\u0161ovy dekrety v kampani chyb\u00ed. Mohou za to m\u00e9dia."},"content":{"rendered":"<p><strong>Krom\u011b Jany Bobo\u0161\u00edkov\u00e9  p\u0159ed potenci\u00e1ln\u00edmi majetkov\u00fdmi n\u00e1roky sudetsk\u00fdch N\u011bmc\u016f nikdo nevaruje.  Ani komunist\u00e9. <\/strong><\/p>\n<p><strong><!--more--><\/strong>Skute\u010dnost, \u017ee hrozba majetkov\u00fdch n\u00e1rok\u016f ze strany sudetsk\u00fdch N\u011bmc\u016f se  neobjev\u00ed mezi t\u00e9maty volebn\u00ed kampan\u011b do Poslaneck\u00e9 sn\u011bmovny, tajemn\u00edka  prezidenta Ladislava Jakla nep\u0159ekvapuje.<\/p>\n<p>&#8222;Politick\u00e9 \u0161pi\u010dky se \u010dasto staraj\u00ed jen o tu agendu, kter\u00e1 je nastolena v  m\u00e9di\u00edch. A do m\u00e9di\u00ed se tato agenda dostane tehdy, a\u017e se naskytne n\u011bjak\u00fd  dramatick\u00fd p\u0159\u00edb\u011bh.\u00a0Jen\u017ee to u\u017e m\u016f\u017ee b\u00fdt pozd\u011b,&#8220; varuje Jakl pro  Parlamentn\u00edListy.cz.<\/p>\n<p>Jakl minul\u00fd podzim v\u00a0m\u00e9di\u00edch h\u00e1jil pr\u00e1vo prezidenta Klause nepodepsat  smlouvu p\u0159ed t\u00edm, ne\u017e ze strany Evropsk\u00e9 unie budou \u010cesk\u00e9 republice d\u00e1ny  z\u00e1ruky, \u017ee na z\u00e1klad\u011b Listiny z\u00e1kladn\u00edch pr\u00e1v lisabonsk\u00e9 smlouvy  nebudou moci sudet\u0161t\u00ed N\u011bmci u Evropsk\u00e9ho soudn\u00edho dvora uplat\u0148ovat  n\u00e1roky na majetek vyvlastn\u011bn\u00fd na z\u00e1klad\u011b Bene\u0161ov\u00fdch dekret\u016f.<\/p>\n<p>V \u010cesk\u00e9m rozhlase tehdy Jakl dokonce uvedl, \u017ee n\u011bkte\u0159\u00ed \u010de\u0161t\u00ed politici by  nemuseli m\u00edt z\u00e1jem vyjedn\u00e1n\u00ed dan\u00e9 v\u00fdjimky, kter\u00e1 by p\u0159\u00edpadn\u00e9mu  prolomen\u00ed dekret\u016f zabr\u00e1nit.<\/p>\n<p>Ani tehdy, ani te\u010f sv\u00e1 podez\u0159en\u00ed prezident\u016fv tajemn\u00edk nekonkretizuje.  &#8222;Nem\u00e1m motivaci k podobn\u00fdm spekulac\u00edm. Ty zvl\u00e1dne\u00a0ur\u010dit\u011b ka\u017ed\u00fd \u010dten\u00e1\u0159  s\u00e1m.&#8220;<\/p>\n<p>Podle tajemn\u00edka prezidenta republiky Ladislava Jakla je aktivita \u010desk\u00e9  diplomacie sm\u011brem k ratifikaci \u010desk\u00e9 v\u00fdjimky z lisabonsk\u00e9 smlouvy  p\u0159im\u011b\u0159en\u00e1. Nicm\u00e9n\u011b i on se p\u0159ipojuje k n\u00e1zoru, \u017ee v\u00fdjimka by m\u011bla b\u00fdt  org\u00e1ny EU potvrzena co nejd\u0159\u00edve a nikoliv a\u017e p\u0159i ratifikaci p\u0159\u00edstupov\u00e9  smlouvy s Chorvatskem.<\/p>\n<p>Publikov\u00e1no 3.5.2010 <a href=\"http:\/\/www.parlamentnilisty.cz\/parlament\/164546.aspx\" target=\"_blank\">www.parlamentnilisty.cz<\/a><\/p>\n","protected":false},"excerpt":{"rendered":"<p>Krom\u011b Jany Bobo\u0161\u00edkov\u00e9 p\u0159ed potenci\u00e1ln\u00edmi majetkov\u00fdmi n\u00e1roky sudetsk\u00fdch N\u011bmc\u016f nikdo nevaruje. Ani komunist\u00e9.<\/p>\n","protected":false},"author":1,"featured_media":0,"comment_status":"open","ping_status":"open","sticky":false,"template":"","format":"standard","meta":{"ngg_post_thumbnail":0,"footnotes":""},"categories":[1],"tags":[],"class_list":["post-330","post","type-post","status-publish","format-standard","hentry","category-publikovane-clanky"],"_links":{"self":[{"href":"https:\/\/www.ladislavjakl.cz\/index.php?rest_route=\/wp\/v2\/posts\/330","targetHints":{"allow":["GET"]}}],"collection":[{"href":"https:\/\/www.ladislavjakl.cz\/index.php?rest_route=\/wp\/v2\/posts"}],"about":[{"href":"https:\/\/www.ladislavjakl.cz\/index.php?rest_route=\/wp\/v2\/types\/post"}],"author":[{"embeddable":true,"href":"https:\/\/www.ladislavjakl.cz\/index.php?rest_route=\/wp\/v2\/users\/1"}],"replies":[{"embeddable":true,"href":"https:\/\/www.ladislavjakl.cz\/index.php?rest_route=%2Fwp%2Fv2%2Fcomments&post=330"}],"version-history":[{"count":2,"href":"https:\/\/www.ladislavjakl.cz\/index.php?rest_route=\/wp\/v2\/posts\/330\/revisions"}],"predecessor-version":[{"id":332,"href":"https:\/\/www.ladislavjakl.cz\/index.php?rest_route=\/wp\/v2\/posts\/330\/revisions\/332"}],"wp:attachment":[{"href":"https:\/\/www.ladislavjakl.cz\/index.php?rest_route=%2Fwp%2Fv2%2Fmedia&parent=330"}],"wp:term":[{"taxonomy":"category","embeddable":true,"href":"https:\/\/www.ladislavjakl.cz\/index.php?rest_route=%2Fwp%2Fv2%2Fcategories&post=330"},{"taxonomy":"post_tag","embeddable":true,"href":"https:\/\/www.ladislavjakl.cz\/index.php?rest_route=%2Fwp%2Fv2%2Ftags&post=330"}],"curies":[{"name":"wp","href":"https:\/\/api.w.org\/{rel}","templated":true}]}}