{"id":3304,"date":"2013-01-02T10:30:56","date_gmt":"2013-01-02T09:30:56","guid":{"rendered":"http:\/\/www.ladislavjakl.cz\/?p=3304"},"modified":"2013-01-02T10:30:56","modified_gmt":"2013-01-02T09:30:56","slug":"hrad-vzkazal-rychetskemu-nenapinejte-nas-a-s-okamurou-si-pospeste","status":"publish","type":"post","link":"https:\/\/www.ladislavjakl.cz\/?p=3304","title":{"rendered":"Hrad vzk\u00e1zal Rychetsk\u00e9mu: Nenap\u00ednejte n\u00e1s a s Okamurou si posp\u011b\u0161te"},"content":{"rendered":"<p>St\u00ed\u017enost na z\u00e1kon o p\u0159\u00edm\u00e9 volb\u011b prezidenta podan\u00e1 vy\u0159azen\u00fdm kandid\u00e1tem  Tomia Okamurou p\u0159ipadla p\u0159edsedovi \u00dastavn\u00edho soudu Pavlu Rychetsk\u00e9mu.  Tajemn\u00edk prezidenta republiky Ladislav Jakl Rychetsk\u00e9ho vyzval, a\u0165 si  posp\u00ed\u0161\u00ed a n\u00e1rod nenap\u00edn\u00e1.<\/p>\n<p><!--more--><\/p>\n<p>Rychtesk\u00fd byl ur\u010den jako zpravodaj a p\u0159iprav\u00ed podklady, o v\u00fdsledku rozhodne pl\u00e9num, uvedl web soudu v p\u00e1tek.<\/p>\n<h4><strong>A\u0165 soudcokrat\u00e9 nezah\u00e1l\u00ed<\/strong><\/h4>\n<p>\u201eVe v\u011bci tak z\u00e1sadn\u00edho charakteru, jako je kon\u00e1n\u00ed \u010di nekon\u00e1n\u00ed  prezidentsk\u00e9 volby v \u0159\u00e1dn\u00e9m term\u00ednu, by \u00daS nem\u011bl ot\u00e1let a m\u00edsto oslav  konce roku posuzovat \u017ealoby. Kdy\u017e u\u017e jsme si to tak hloup\u011b zava\u0159ili se  zaveden\u00edm p\u0159\u00edm\u00e9 volby, tak z toho ned\u011blejme reality show. Pan Rychetsk\u00fd  by nem\u011bl n\u00e1rod nap\u00ednat,\u201c uvedl pro Parlamentn\u00edListy.cz tajemn\u00edk  prezidenta republiky Ladislav Jakl.<\/p>\n<p>Prezident republiky V\u00e1clav Klaus dlouhodob\u011b \u00dastavn\u00ed soud kritizuje  s\u00a0t\u00edm, \u017ee se podle n\u011bho zm\u011bnil ve t\u0159et\u00ed, rozhoduj\u00edc\u00ed, komoru parlamentu a  je zpolitizovan\u00fd. Takto Klaus kritizoval i rozhodnut\u00ed soudu ve v\u011bci  Lisabonsk\u00e9 smlouvy. Klaus nadvl\u00e1du soudc\u016f ozna\u010duje jako soudcokracii.<\/p>\n<p>Okamura odevzdal svou st\u00ed\u017enost ve \u010dtvrtek. \u00dastavn\u00ed soud za\u010dal pr\u00fd  materi\u00e1l hned studovat a v p\u00e1tek m\u00e1 od Nejvy\u0161\u0161\u00edho spr\u00e1vn\u00edho soudu a  ministerstva vnitra obdr\u017eet p\u00edsemn\u00e9 podklady. \u00dastavn\u00ed soud nen\u00ed ale\u00a0  v\u00e1z\u00e1n \u017e\u00e1dn\u00fdmi z\u00e1konn\u00fdmi lh\u016ftami, v nich\u017e mus\u00ed rozhodnout. \u0158\u00e1dn\u00fd term\u00edn  p\u0159\u00edm\u00e9 volby prezidenta je tedy ohro\u017een.<\/p>\n<h4><strong>Bude volba v\u00a0\u0159\u00e1dn\u00e9m term\u00ednu?<\/strong><\/h4>\n<p>Gener\u00e1ln\u00ed sekret\u00e1\u0159 \u00dastavn\u00edho soudu Tom\u00e1\u0161 Lang\u00e1\u0161ek ne\u0159ekl, zda se term\u00edn  voleb posune. \u201eJist\u00e9 je, \u017ee pl\u00e9num \u00daS se ke st\u00ed\u017enosti pana Okamury  dostane v prvn\u00edm lednov\u00e9m t\u00fddnu. U\u017e te\u010f materi\u00e1l studujeme a  analyzujeme. Chceme m\u00edt v\u0161echno pohromad\u011b a nachyst\u00e1no do 1. ledna,\u201c  popsal proceduru Lang\u00e1\u0161ek pro Mediafax.<\/p>\n<p>Z\u00e1le\u017e\u00ed, zda \u00dastavn\u00ed soud p\u0159ijme p\u0159edb\u011b\u017en\u00e9 opat\u0159en\u00ed, proto\u017ee jinak jeho  rozhodovac\u00ed \u010dinnost nem\u00e1 odkladn\u00fd \u00fa\u010dinek. \u0158\u00e1dn\u00fd term\u00edn p\u0159\u00edm\u00e9 volby  prezidenta pro prvn\u00ed kolo p\u0159ipad\u00e1 na 11. a 12. ledna 2013.<\/p>\n<p>Okamura ve sv\u00e9 st\u00ed\u017enosti, kterou vypracovala jeho advok\u00e1tka Kl\u00e1ra  Samkov\u00e1, po\u017eaduje zm\u011bnu \u00dastavy. Sou\u010dasn\u00e9 zn\u011bn\u00ed z\u00e1kona i postup  ministerstva vnitra p\u0159i kontrole podpis\u016f na peti\u010dn\u00edch ar\u0161\u00edch podle  Okamury poru\u0161uj\u00ed z\u00e1kladn\u00ed lidsk\u00e1 pr\u00e1va.<\/p>\n<p><a href=\"http:\/\/www.parlamentnilisty.cz\/zpravy\/Hrad-vzkazal-Rychetskemu-Nenapinejte-nas-a-s-Okamurou-si-pospeste-258115\" target=\"_blank\">Zdroj<\/a><\/p>\n","protected":false},"excerpt":{"rendered":"<p>St\u00ed\u017enost na z\u00e1kon o p\u0159\u00edm\u00e9 volb\u011b prezidenta podan\u00e1 vy\u0159azen\u00fdm kandid\u00e1tem Tomia Okamurou p\u0159ipadla p\u0159edsedovi \u00dastavn\u00edho soudu Pavlu Rychetsk\u00e9mu. Tajemn\u00edk prezidenta republiky Ladislav Jakl Rychetsk\u00e9ho vyzval, a\u0165 si posp\u00ed\u0161\u00ed a n\u00e1rod nenap\u00edn\u00e1.<\/p>\n","protected":false},"author":1,"featured_media":0,"comment_status":"open","ping_status":"open","sticky":false,"template":"","format":"standard","meta":{"ngg_post_thumbnail":0,"footnotes":""},"categories":[11],"tags":[],"class_list":["post-3304","post","type-post","status-publish","format-standard","hentry","category-ozvena"],"_links":{"self":[{"href":"https:\/\/www.ladislavjakl.cz\/index.php?rest_route=\/wp\/v2\/posts\/3304","targetHints":{"allow":["GET"]}}],"collection":[{"href":"https:\/\/www.ladislavjakl.cz\/index.php?rest_route=\/wp\/v2\/posts"}],"about":[{"href":"https:\/\/www.ladislavjakl.cz\/index.php?rest_route=\/wp\/v2\/types\/post"}],"author":[{"embeddable":true,"href":"https:\/\/www.ladislavjakl.cz\/index.php?rest_route=\/wp\/v2\/users\/1"}],"replies":[{"embeddable":true,"href":"https:\/\/www.ladislavjakl.cz\/index.php?rest_route=%2Fwp%2Fv2%2Fcomments&post=3304"}],"version-history":[{"count":1,"href":"https:\/\/www.ladislavjakl.cz\/index.php?rest_route=\/wp\/v2\/posts\/3304\/revisions"}],"predecessor-version":[{"id":3305,"href":"https:\/\/www.ladislavjakl.cz\/index.php?rest_route=\/wp\/v2\/posts\/3304\/revisions\/3305"}],"wp:attachment":[{"href":"https:\/\/www.ladislavjakl.cz\/index.php?rest_route=%2Fwp%2Fv2%2Fmedia&parent=3304"}],"wp:term":[{"taxonomy":"category","embeddable":true,"href":"https:\/\/www.ladislavjakl.cz\/index.php?rest_route=%2Fwp%2Fv2%2Fcategories&post=3304"},{"taxonomy":"post_tag","embeddable":true,"href":"https:\/\/www.ladislavjakl.cz\/index.php?rest_route=%2Fwp%2Fv2%2Ftags&post=3304"}],"curies":[{"name":"wp","href":"https:\/\/api.w.org\/{rel}","templated":true}]}}