{"id":3306,"date":"2013-01-02T10:33:06","date_gmt":"2013-01-02T09:33:06","guid":{"rendered":"http:\/\/www.ladislavjakl.cz\/?p=3306"},"modified":"2013-01-02T10:33:06","modified_gmt":"2013-01-02T09:33:06","slug":"jakl-rychetsky-by-nemel-narod-napinat","status":"publish","type":"post","link":"https:\/\/www.ladislavjakl.cz\/?p=3306","title":{"rendered":"Jakl: Rychetsk\u00fd by nem\u011bl n\u00e1rod nap\u00ednat"},"content":{"rendered":"<p>Kdy\u017e u\u017e jsme si tak zava\u0159ili s p\u0159\u00edmou volbou, ned\u011blejme z toho reality show, vzkazuje \u00dastavn\u00edmu soudu Klaus\u016fv tajemn\u00edk.<\/p>\n<p><!--more-->&#8222;Ve v\u011bci tak  z\u00e1sadn\u00edho charakteru, jako je kon\u00e1n\u00ed \u010di nekon\u00e1n\u00ed prezidentsk\u00e9 volby v  \u0159\u00e1dn\u00e9m term\u00ednu, by \u00daS nem\u011bl ot\u00e1let a m\u00edsto oslav konce roku posuzovat  \u017ealoby. Kdy\u017e u\u017e jsme si to tak hloup\u011b zava\u0159ili se zaveden\u00edm p\u0159\u00edm\u00e9 volby,  tak z toho ned\u011blejme reality show. Pan Rychetsk\u00fd by nem\u011bl n\u00e1rod  nap\u00ednat,&#8220; uvedl Jakl pro Prvnizpravy.cz.<\/p>\n<p>St\u00ed\u017enost na z\u00e1kon o  p\u0159\u00edm\u00e9 volb\u011b prezidenta z rukou vy\u0159azen\u00e9ho kandid\u00e1ta Tomia Okamury  p\u0159ipadla v p\u00e1tek p\u0159edsedovi \u00dastavn\u00edho soudu (\u00daS) Pavlu Rychetsk\u00e9mu.<\/p>\n<p>Ten byl ur\u010den jako zpravodaj a p\u0159iprav\u00ed podklady, o v\u00fdsledku m\u00e1 ale rozhodnout pl\u00e9nu \u00dastavn\u00edho soudu.<\/p>\n<p>Rychetsk\u00fd  kritioval p\u0159\u00edmou volbu je\u0161t\u011b p\u0159ed jej\u00edm schv\u00e1len\u00edm, p\u0159i nyn\u011bj\u0161\u00edch  komplikac\u00edch tvrd\u00ed, \u017ee &#8222;do\u0161lo na jeho slova&#8220;, i kdy\u017e z\u00e1rove\u0148 vyjad\u0159uje  nad\u011bji, \u017ee se bude v lednu volit. &#8222;Byl bych r\u00e1d, kdyby to vy\u0161lo. Neum\u00edm  ale skute\u010dn\u011b odhadnout, zda, kolik a na jak\u00e9 \u00farovni budou p\u0159\u00edpadn\u00e1  pod\u00e1n\u00ed, kter\u00e1 k n\u00e1m mohou doputovat,&#8220; \u0159ekl v rozhovoru pro MF DNES je\u0161t\u011b  p\u0159ed pod\u00e1n\u00edm Okamurovy st\u00ed\u017enosti.<\/p>\n<p>Okamura svou st\u00ed\u017enost odevzdal  na podatelnu \u00daS ve \u010dtvrtek a soud za\u010dal materi\u00e1l hned nastudov\u00e1vat.  \u00dastavn\u00ed soud ale nen\u00ed &#8211; na rozd\u00edl od Nejvy\u0161\u0161\u00ed spr\u00e1vn\u00ed soud &#8211; v\u00e1z\u00e1n  \u017e\u00e1dn\u00fdmi z\u00e1konn\u00fdmi lh\u016ftami, v nich\u017e mus\u00ed rozhodnout.<\/p>\n<p>\u0158\u00e1dn\u00fd term\u00edn  je t\u00edm p\u00e1dem ohro\u017een, by\u0165 to, jestli se bude datum posouvat, nebo ne,  necht\u011bl zat\u00edm gener\u00e1ln\u00ed sekret\u00e1\u0159 soudu Tom\u00e1\u0161 Lang\u00e1\u0161ek nijak p\u0159edj\u00edmat.<\/p>\n<p>&#8222;Jist\u00e9  je, \u017ee pl\u00e9num \u00daS se ke st\u00ed\u017enosti pana Okamury dostane v prvn\u00edm lednov\u00e9m  t\u00fddnu. U\u017e te\u010f materi\u00e1l studujeme a analyzujeme. Chceme m\u00edt v\u0161echno  pohromad\u011b a nachyst\u00e1no do 1. ledna,&#8220; popsal proceduru Lang\u00e1\u0161ek.<\/p>\n<p>Posunut\u00ed  term\u00ednu p\u0159edpokl\u00e1d\u00e1 v\u0161ak i samotn\u00fd Okamura. Jeho advok\u00e1tka Kl\u00e1ra  Samkov\u00e1 douf\u00e1, \u017ee se \u00dastavn\u00ed soud bude jejich st\u00ed\u017enost\u00ed zab\u00fdvat  p\u0159ednostn\u011b, po\u017eaduje ale i tak odsunut\u00ed term\u00ednu voleb, aby m\u011bl soud  dostatek \u010dasu st\u00ed\u017enost posoudit.<\/p>\n<p>&#8222;O\u010dek\u00e1v\u00e1me, \u017ee bude posunut  \u0159\u00e1dn\u00fd term\u00edn voleb, aby m\u011bl \u00dastavn\u00ed soud dost \u010dasu na \u0159\u00e1dn\u00fd p\u0159ezkum  st\u00ed\u017enosti,&#8220; zm\u00ednila. Dodala, \u017ee \u017e\u00e1daj\u00ed nap\u0159\u00edklad vypu\u0161t\u011bn\u00ed ustanoven\u00ed o  nutnosti nasb\u00edrat pades\u00e1t tis\u00edc podpis\u016f.<\/p>\n<p>To by ov\u0161em musel \u00daS  p\u0159ijmout p\u0159edb\u011b\u017en\u00e9 opat\u0159en\u00ed, proto\u017ee jinak jeho rozhodovac\u00ed \u010dinnost nem\u00e1  odkladn\u00fd \u00fa\u010dinek. \u0158\u00e1dn\u00fd term\u00edn p\u0159\u00edm\u00e9 volby prezidenta p\u0159ipad\u00e1 v prvn\u00edm  kole na 11. a 12. ledna 2013.<\/p>\n<p>Hrad dlouhodob\u011b kritizuje \u010dinnost  \u00dastavn\u00edho soudu, zvl\u00e1\u0161t\u011b pot\u00e9, co soud zru\u0161il parlamentn\u00ed volby roku  2009. Podle prezidenta V\u00e1clava Klause a jeho spolupracovn\u00edk\u016f se soud  chov\u00e1 jako t\u0159et\u00ed komora parlamentu a demokracii tak postupn\u011b nahrazuje  soudcokracie.<\/p>\n<p><a href=\"http:\/\/www.prvnizpravy.cz\/zpravy\/z-domova\/jakl-rychetsky-by-nemel-narod-napinat\/\" target=\"_blank\">Zdroj<\/a><\/p>\n","protected":false},"excerpt":{"rendered":"<p>Kdy\u017e u\u017e jsme si tak zava\u0159ili s p\u0159\u00edmou volbou, ned\u011blejme z toho reality show, vzkazuje \u00dastavn\u00edmu soudu Klaus\u016fv tajemn\u00edk.<\/p>\n","protected":false},"author":1,"featured_media":0,"comment_status":"open","ping_status":"open","sticky":false,"template":"","format":"standard","meta":{"ngg_post_thumbnail":0,"footnotes":""},"categories":[11],"tags":[],"class_list":["post-3306","post","type-post","status-publish","format-standard","hentry","category-ozvena"],"_links":{"self":[{"href":"https:\/\/www.ladislavjakl.cz\/index.php?rest_route=\/wp\/v2\/posts\/3306","targetHints":{"allow":["GET"]}}],"collection":[{"href":"https:\/\/www.ladislavjakl.cz\/index.php?rest_route=\/wp\/v2\/posts"}],"about":[{"href":"https:\/\/www.ladislavjakl.cz\/index.php?rest_route=\/wp\/v2\/types\/post"}],"author":[{"embeddable":true,"href":"https:\/\/www.ladislavjakl.cz\/index.php?rest_route=\/wp\/v2\/users\/1"}],"replies":[{"embeddable":true,"href":"https:\/\/www.ladislavjakl.cz\/index.php?rest_route=%2Fwp%2Fv2%2Fcomments&post=3306"}],"version-history":[{"count":1,"href":"https:\/\/www.ladislavjakl.cz\/index.php?rest_route=\/wp\/v2\/posts\/3306\/revisions"}],"predecessor-version":[{"id":3307,"href":"https:\/\/www.ladislavjakl.cz\/index.php?rest_route=\/wp\/v2\/posts\/3306\/revisions\/3307"}],"wp:attachment":[{"href":"https:\/\/www.ladislavjakl.cz\/index.php?rest_route=%2Fwp%2Fv2%2Fmedia&parent=3306"}],"wp:term":[{"taxonomy":"category","embeddable":true,"href":"https:\/\/www.ladislavjakl.cz\/index.php?rest_route=%2Fwp%2Fv2%2Fcategories&post=3306"},{"taxonomy":"post_tag","embeddable":true,"href":"https:\/\/www.ladislavjakl.cz\/index.php?rest_route=%2Fwp%2Fv2%2Ftags&post=3306"}],"curies":[{"name":"wp","href":"https:\/\/api.w.org\/{rel}","templated":true}]}}