{"id":3314,"date":"2013-01-03T15:35:49","date_gmt":"2013-01-03T14:35:49","guid":{"rendered":"http:\/\/www.ladislavjakl.cz\/?p=3314"},"modified":"2013-01-03T15:35:49","modified_gmt":"2013-01-03T14:35:49","slug":"reflex-jakl-k-cimrmanum","status":"publish","type":"post","link":"https:\/\/www.ladislavjakl.cz\/?p=3314","title":{"rendered":"Reflex: Jakl k Cimrman\u016fm!"},"content":{"rendered":"<p>Ladislav Jakl je ve\u0159ejnost\u00ed pov\u011bt\u0161inou vn\u00edm\u00e1n jako ten \u0161a\u0161ek od Klause,  co spole\u010dn\u011b s\u00a0H\u00e1jkem tr\u00e1v\u00ed dny podporou narcisismu hlavy st\u00e1tu a  sepisov\u00e1n\u00edm text\u016f pod vlivem halucinogenn\u00edch l\u00e1tek.<\/p>\n<p><!--more--><\/p>\n<p>Zaj\u00edmav\u00e9 je, \u017ee a\u010dkoliv jimi lid\u00e9 naoko pohrdaj\u00ed, ka\u017ed\u00e9 jejich  vyj\u00e1d\u0159en\u00ed nebo text vyvol\u00e1 takovou odezvu, p\u0159i n\u00ed\u017e se jednotliv\u00ed  koment\u00e1to\u0159i p\u0159edh\u00e1n\u011bj\u00ed v\u00a0tom, komu jsou prezident\u0161t\u00ed poradci v\u00edc jedno, a  kter\u00fd je v\u011bt\u0161\u00ed bl\u00e1zen, a\u017e jim to nutn\u011b mus\u00ed d\u00e1vat pocit, \u017ee jejich  slova a \u010diny maj\u00ed n\u011bjak\u00fd v\u00fdznam a kdy\u017e nic jin\u00e9ho, um\u00ed vyvolat diskuzi.<\/p>\n<p>Stejn\u00e9 divadlo se posledn\u00ed dny odehr\u00e1valo na internetu kv\u016fli Jaklov\u011b textu na jeho blogu s\u00a0n\u00e1zvem: <a href=\"http:\/\/jakl.blog.idnes.cz\/c\/312994\/Cyklistiku-je-nutno-okamzite-zakazat.html\">Cyklistiku je nutno okam\u017eit\u011b zak\u00e1zat<\/a>.  Ten text si vyslou\u017eil tolik nad\u00e1vek, nen\u00e1vistn\u00fdch koment\u00e1\u0159\u016f i v\u00e1\u017en\u011b  m\u00edn\u011bn\u00fdch anal\u00fdz, \u017ee si z\u00a0toho kouzeln\u00edk \u017dito musel vzteky p\u0159isk\u0159\u00edpnout  kohouta.\u00a0\u010clov\u011bk ho tedy nemohl \u010d\u00edst jinak, ne\u017e s\u00a0velk\u00fdm  o\u010dek\u00e1v\u00e1n\u00edm.\u00a0Tak\u017ee, zm\u011bnil blog\u00edskov\u00fd z\u00e1pis Ladislava Jakla sv\u011bt?<\/p>\n<p>Nezm\u011bnil. Ale skv\u011ble pobavil. Jakl se v\u00a0n\u011bm m\u011bn\u00ed v\u00a0novou verzi  notorick\u00e9 ru\u0161itelky internet\u016f, V\u011bry Pohlov\u00e9, a \u0159\u00edk\u00e1, \u017ee by zak\u00e1zal  cyklistiku, proto\u017ee lid\u00e9, kte\u0159\u00ed jezd\u00ed na kole, toho moc sn\u00ed a  spot\u0159ebov\u00e1vaj\u00ed energie. Ten text by nem\u011bl vyvol\u00e1vat u lid\u00ed vztek,  naopak, n\u011bkdo by ho m\u011bl vz\u00edt a za\u0159adit do n\u011bjak\u00e9 z\u00a0her J\u00e1ry Cimrmana.  Jde o ironick\u00fd koment\u00e1\u0159, dohnan\u00fd ad absurdum, a Ladislav Jakl by si za  n\u011bj zaslou\u017eil ocen\u011bn\u00ed Troll 2012. Pro neznal\u00e9: Troll je v\u00a0internetov\u00e9m  slangu \u010dlov\u011bk, kter\u00fd sv\u00fdmi provokativn\u00edmi \u010dl\u00e1nky provokuje \u00fa\u010dastn\u00edky  diskuz\u00ed a \u010dten\u00e1\u0159e k\u00a0emotivn\u00ed odezv\u011b.<\/p>\n<p>V\u00a0p\u0159\u00edpad\u011b Jakla v\u0161ak ne\u0161lo jen o to po\u0161k\u00e1dlit \u010dten\u00e1\u0159e a pobavit se  nad jejich reakcemi. V\u00a0duchu euroskepticismu sv\u00e9ho \u0161\u00e9fa Jakl v\u00a0textu  velice ironicky a \u00a0skryt\u011b kritizuje obrovsk\u00e9 \u010d\u00e1stky, kter\u00e9 EU formou  eurodotac\u00ed pos\u00edl\u00e1 na v\u00fdstavbu cyklostezek, jejich\u017e v\u00fdstavbu m\u011bsta mnohdy  uskute\u010d\u0148uj\u00ed na \u00fakor jin\u00fdch projekt\u016f. A mo\u017en\u00e1 nejde jen o cyklostezky.<\/p>\n<p>Douf\u00e1m, \u017ee i po odchodu Klause z\u00a0Hradu lid\u00e9 jako Jakl a H\u00e1jek ve  ve\u0159ejn\u00e9m prostoru z\u016fstanou, a budou sv\u00fdmi n\u00e1zory provokovat a vyvol\u00e1vat  diskuzi i nad\u00e1le, proto\u017ee na rozd\u00edl od jin\u00fdch to jen nen\u00ed p\u00e1r  nez\u00e1bavn\u00fdch alibistick\u00fdch \u017evanil\u016f.<\/p>\n<p><a href=\"http:\/\/www.reflex.cz\/clanek\/nazory\/48983\/ladislav-jakl-by-zrusil-cyklistiku-mel-by-se-pridat-k-cimrmanum.html\" target=\"_blank\">Zdroj<\/a><\/p>\n","protected":false},"excerpt":{"rendered":"<p>Ladislav Jakl je ve\u0159ejnost\u00ed pov\u011bt\u0161inou vn\u00edm\u00e1n jako ten \u0161a\u0161ek od Klause, co spole\u010dn\u011b s\u00a0H\u00e1jkem tr\u00e1v\u00ed dny podporou narcisismu hlavy st\u00e1tu a sepisov\u00e1n\u00edm text\u016f pod vlivem halucinogenn\u00edch l\u00e1tek.<\/p>\n","protected":false},"author":1,"featured_media":0,"comment_status":"open","ping_status":"open","sticky":false,"template":"","format":"standard","meta":{"ngg_post_thumbnail":0,"footnotes":""},"categories":[11],"tags":[],"class_list":["post-3314","post","type-post","status-publish","format-standard","hentry","category-ozvena"],"_links":{"self":[{"href":"https:\/\/www.ladislavjakl.cz\/index.php?rest_route=\/wp\/v2\/posts\/3314","targetHints":{"allow":["GET"]}}],"collection":[{"href":"https:\/\/www.ladislavjakl.cz\/index.php?rest_route=\/wp\/v2\/posts"}],"about":[{"href":"https:\/\/www.ladislavjakl.cz\/index.php?rest_route=\/wp\/v2\/types\/post"}],"author":[{"embeddable":true,"href":"https:\/\/www.ladislavjakl.cz\/index.php?rest_route=\/wp\/v2\/users\/1"}],"replies":[{"embeddable":true,"href":"https:\/\/www.ladislavjakl.cz\/index.php?rest_route=%2Fwp%2Fv2%2Fcomments&post=3314"}],"version-history":[{"count":1,"href":"https:\/\/www.ladislavjakl.cz\/index.php?rest_route=\/wp\/v2\/posts\/3314\/revisions"}],"predecessor-version":[{"id":3315,"href":"https:\/\/www.ladislavjakl.cz\/index.php?rest_route=\/wp\/v2\/posts\/3314\/revisions\/3315"}],"wp:attachment":[{"href":"https:\/\/www.ladislavjakl.cz\/index.php?rest_route=%2Fwp%2Fv2%2Fmedia&parent=3314"}],"wp:term":[{"taxonomy":"category","embeddable":true,"href":"https:\/\/www.ladislavjakl.cz\/index.php?rest_route=%2Fwp%2Fv2%2Fcategories&post=3314"},{"taxonomy":"post_tag","embeddable":true,"href":"https:\/\/www.ladislavjakl.cz\/index.php?rest_route=%2Fwp%2Fv2%2Ftags&post=3314"}],"curies":[{"name":"wp","href":"https:\/\/api.w.org\/{rel}","templated":true}]}}