{"id":3316,"date":"2013-01-03T15:37:22","date_gmt":"2013-01-03T14:37:22","guid":{"rendered":"http:\/\/www.ladislavjakl.cz\/?p=3316"},"modified":"2013-01-03T15:37:22","modified_gmt":"2013-01-03T14:37:22","slug":"cykliste-zamoruji-vzduch-zakazte-je-pise-jakl","status":"publish","type":"post","link":"https:\/\/www.ladislavjakl.cz\/?p=3316","title":{"rendered":"Cyklist\u00e9 zamo\u0159uj\u00ed vzduch, zaka\u017ete je, p\u00ed\u0161e Jakl"},"content":{"rendered":"<p>Poradci prezidenta V\u00e1clava Klause a zn\u00e1m\u00e9mu provokat\u00e9rovi Ladislavu Jaklovi le\u017e\u00ed v \u017ealudku cyklist\u00e9. Ve sv\u00e9m \u010dl\u00e1nku p\u00ed\u0161e, \u017ee cyklostezky kradou m\u00edsto pro auta, m\u011bsta je stav\u00ed i za pen\u00edze t\u011bch, kdo na kole nejezd\u00ed, a cyklist\u00e9 pr\u00fd dokonce zat\u011b\u017euj\u00ed \u017eivotn\u00ed prost\u0159ed\u00ed v\u00edce ne\u017e \u0159idi\u010di. Proti milovn\u00edk\u016fm j\u00edzdy na dvou kolech je tak pot\u0159eba okam\u017eit\u011b zakro\u010dit.<\/p>\n<p><!--more-->Jakl se p\u0159e i s v\u0161eobecn\u011b roz\u0161\u00ed\u0159en\u00fdm n\u00e1zorem, \u017ee j\u00edzda na kole prosp\u00edv\u00e1 zdrav\u00ed. &#8222;Jist\u011b. Pokud v\u00e1m ale nezni\u010d\u00ed z\u00e1da a nezabijete se p\u0159i smyku na \u0161t\u011brku v prudk\u00e9m kles\u00e1n\u00ed. A jestli je tak zdrav\u00e9, mus\u00ed jeden da\u0148ov\u00fd poplatn\u00edk p\u0159isp\u00edvat na zdrav\u00ed druh\u00e9ho? A kdy\u017e jde n\u011bkomu k duhu pan\u00e1k slivovice po r\u00e1nu, taky ho dostane zadarmo? Tak\u017ee tenhle argument m\u011b moc nedojme,&#8220; argumentuje na blogu iDnes.cz.<\/p>\n<p>Hradn\u00ed poradce si sv\u00e9r\u00e1zn\u011b poradil i s dal\u0161\u00edm argumentem pro cyklistiku, \u017ee je ekologick\u00e1.<\/p>\n<p>Podle Jakla ale auto na litr benzinu za 35 korun odveze p\u011bt lid\u00ed 20 kilometr\u016f daleko. Kdy\u017e si stejn\u00e1 p\u011btice sedne na kolo a vyd\u00e1 se toto\u017enou trasou, mus\u00ed p\u00edt a v c\u00edli utrat\u00ed za ob\u011bdy minim\u00e1ln\u011b 400 korun.<br \/>\nCo pras\u00e1tek a kravi\u010dek za\u0159valo p\u0159i poprav\u011b, sv\u00e1\u0159\u00ed se Jakl<\/p>\n<p>&#8222;A co ta ekologick\u00e1 z\u00e1t\u011b\u017e? Jak vzniklo t\u011bch p\u011bt ob\u011bd\u016f, energeticky adekv\u00e1tn\u00edch ke stovce od\u0161lapan\u00fdch kilometr\u016f? Co hektar\u016f pol\u00ed muselo b\u00fdt zor\u00e1no, oseto, o\u0161et\u0159ov\u00e1no, sklizeno? Co kombajn\u016f a traktor\u016f muselo po nich jezdit? Co pras\u00e1tek a kravi\u010dek za\u0159valo p\u0159i poprav\u011b, kdy\u017e p\u0159edt\u00edm sn\u011bdlo tuny krmiva? Co zeleniny muselo b\u00fdt p\u011bstov\u00e1no, hnojeno a p\u0159epravov\u00e1no?&#8220; t\u00e1\u017ee se Jakl.<\/p>\n<p>V z\u00e1jmu \u0161et\u0159en\u00ed by tak lid\u00e9 m\u011bli kola zahodit, sed\u011bt &#8222;doma na zadku&#8220; nebo jezdit autem. &#8222;A nev\u011b\u0159te cyklomaniak\u016fm, \u017ee kolo je pokrok, \u017ee kolo je \u010distota a zdrav\u00ed. \u010cuchn\u011bte k jejich propocen\u00e9mu triku a budete m\u00edt jasno, kdo tu zamo\u0159uje vzduch. Pachem i hloup\u00fdmi argumenty. Cyklistiku nen\u00ed t\u0159eba podporovat, ale naopak zak\u00e1zat,&#8220; vyz\u00fdv\u00e1 na z\u00e1v\u011br.<\/p>\n<p><a href=\"http:\/\/www.lidovky.cz\/cykliste-zamoruji-vzduch-zakazte-je-vyzyva-jakl-f6u-\/zpravy-domov.aspx?c=A121227_165153_ln-zajimavosti_ogo\" target=\"_blank\">Zdroj<\/a><\/p>\n","protected":false},"excerpt":{"rendered":"<p>Poradci prezidenta V\u00e1clava Klause a zn\u00e1m\u00e9mu provokat\u00e9rovi Ladislavu Jaklovi le\u017e\u00ed v \u017ealudku cyklist\u00e9. Ve sv\u00e9m \u010dl\u00e1nku p\u00ed\u0161e, \u017ee cyklostezky kradou m\u00edsto pro auta, m\u011bsta je stav\u00ed i za pen\u00edze t\u011bch, kdo na kole nejezd\u00ed, a cyklist\u00e9 pr\u00fd dokonce zat\u011b\u017euj\u00ed \u017eivotn\u00ed prost\u0159ed\u00ed v\u00edce ne\u017e \u0159idi\u010di. Proti milovn\u00edk\u016fm j\u00edzdy na dvou kolech je tak pot\u0159eba okam\u017eit\u011b zakro\u010dit.<\/p>\n","protected":false},"author":1,"featured_media":0,"comment_status":"open","ping_status":"open","sticky":false,"template":"","format":"standard","meta":{"ngg_post_thumbnail":0,"footnotes":""},"categories":[11],"tags":[],"class_list":["post-3316","post","type-post","status-publish","format-standard","hentry","category-ozvena"],"_links":{"self":[{"href":"https:\/\/www.ladislavjakl.cz\/index.php?rest_route=\/wp\/v2\/posts\/3316","targetHints":{"allow":["GET"]}}],"collection":[{"href":"https:\/\/www.ladislavjakl.cz\/index.php?rest_route=\/wp\/v2\/posts"}],"about":[{"href":"https:\/\/www.ladislavjakl.cz\/index.php?rest_route=\/wp\/v2\/types\/post"}],"author":[{"embeddable":true,"href":"https:\/\/www.ladislavjakl.cz\/index.php?rest_route=\/wp\/v2\/users\/1"}],"replies":[{"embeddable":true,"href":"https:\/\/www.ladislavjakl.cz\/index.php?rest_route=%2Fwp%2Fv2%2Fcomments&post=3316"}],"version-history":[{"count":1,"href":"https:\/\/www.ladislavjakl.cz\/index.php?rest_route=\/wp\/v2\/posts\/3316\/revisions"}],"predecessor-version":[{"id":3317,"href":"https:\/\/www.ladislavjakl.cz\/index.php?rest_route=\/wp\/v2\/posts\/3316\/revisions\/3317"}],"wp:attachment":[{"href":"https:\/\/www.ladislavjakl.cz\/index.php?rest_route=%2Fwp%2Fv2%2Fmedia&parent=3316"}],"wp:term":[{"taxonomy":"category","embeddable":true,"href":"https:\/\/www.ladislavjakl.cz\/index.php?rest_route=%2Fwp%2Fv2%2Fcategories&post=3316"},{"taxonomy":"post_tag","embeddable":true,"href":"https:\/\/www.ladislavjakl.cz\/index.php?rest_route=%2Fwp%2Fv2%2Ftags&post=3316"}],"curies":[{"name":"wp","href":"https:\/\/api.w.org\/{rel}","templated":true}]}}