{"id":3318,"date":"2013-01-03T15:39:07","date_gmt":"2013-01-03T14:39:07","guid":{"rendered":"http:\/\/www.ladislavjakl.cz\/?p=3318"},"modified":"2013-01-03T15:39:07","modified_gmt":"2013-01-03T14:39:07","slug":"jaklovi-cykliste-jsou-testem-naroda-nejvic-se-bavi-tajemnik","status":"publish","type":"post","link":"https:\/\/www.ladislavjakl.cz\/?p=3318","title":{"rendered":"Jaklovi &#8222;cyklist\u00e9&#8220; jsou testem n\u00e1roda. Nejv\u00edc se bav\u00ed tajemn\u00edk"},"content":{"rendered":"<p>Nejsp\u00ed\u0161 tady jako bloger asi skon\u010d\u00edm, ale tentokr\u00e1t  tajemn\u00edku prezidenta Jaklovi tlesk\u00e1m. S\u00a0jeho z\u00e1kazem cyklistiky a jin\u00fdch  doprovodn\u00fdch \u0161kodlivin \u0161lapac\u00edho sportu n\u00e1s ten chlapec podrobil  inteligen\u010dn\u00edmu testu. \u00a0Diskuze nad obsahem jeho blogu nap\u0159\u00ed\u010d agenturami  tak jasn\u011b rozli\u0161ily, kdo je blb a kdo ne. T\u011bch prvn\u00edch je fakt o hodn\u011b  v\u00edc.<\/p>\n<p><!--more--><\/p>\n<div>\n<p>Nev\u00fdhodou p\u00e1n\u011b Jakla je,  \u017ee jej n\u00e1rod v\u00a0oblib\u011b nem\u00e1. Tedy a\u0165 nap\u00ed\u0161e cokoliv, je a priori p\u0159ibit  na k\u0159\u00ed\u017e. Nebudu analyzovat pro\u010d, te\u010f to sem ani nepat\u0159\u00ed. Jedno je v\u0161ak  jist\u00e9 \u2013 do 7. b\u0159ezna 2013, kdy prezident Klaus zatroub\u00ed k\u00a0definitivn\u00edmu  odchodu z\u00a0Hradu, si m\u016f\u017ee jeho tajemn\u00edk ps\u00e1t, co chce. Taky to ud\u011blal a  je veselo. I smutno z\u00e1rove\u0148. Bohu\u017eel. Proto\u017ee provokace s\u00a0c\u00edlem tvarovat  politick\u00e9 postoje a oby\u010dejn\u00e1 nads\u00e1zka je sakra rozd\u00edl.<\/p>\n<p>Kdyby zamy\u0161len\u00ed na t\u00e9ma \u0161kodlivosti cyklistiky psal bezejmenn\u00fd  bloger, t\u00e9ma by bez v\u011bt\u0161\u00edch diskuz\u00ed do druh\u00e9ho dne bez v\u011bt\u0161\u00ed odezvy  vy\u0161um\u011blo. Jenom\u017ee je zde op\u011bt diametr\u00e1ln\u00ed odli\u0161nost, zda se pera chopil  no name \u010di osoba, kter\u00e1 se nemus\u00ed ka\u017ed\u00e9mu p\u0159edstavovat. Tou Ladislav  Jakl bezesporu je a d\u016fvody uv\u00e1d\u011bt net\u0159eba. Tak\u017ee probl\u00e9m cyklist\u016f,  n\u00e1sledn\u00fdch poprav chovn\u00e9ho skotu, zpocen\u00fdch t\u011bl a syt\u00fdch ob\u011bd\u016f pojat\u00fdch  v\u00a0glos\u00e1torsk\u00e9 nads\u00e1zce byl jen kus hozen\u00e9ho \u010derven\u00e9ho hadru t\u011bm, kdo bez  velk\u00e9ho p\u0159em\u00fd\u0161len\u00ed sklonili sv\u00e9 rohy k\u00a0zemi a vydupali ze sebe sv\u00e9  filozofick\u00e9 \u00favahy o du\u0161evn\u00ed zp\u016fsobilosti autora. Ten se naopak opl\u00e1tkou  rychle dozv\u011bd\u011bl, kdo z\u00a0kritik\u016f je v\u011bt\u0161\u00ed \u010di men\u0161\u00ed b\u00fdk. A mo\u017en\u00e1 \u017easl jako  j\u00e1.<\/p>\n<p>Jakl\u016fv test inteligence odhalil to, \u010demu se \u010d\u00e1st zdrav\u011b p\u0159em\u00fd\u0161liv\u00e9  \u010desk\u00e9 ve\u0159ejnosti st\u00e1le br\u00e1n\u00ed. Tedy, zda jsme u\u017e opravdu nesv\u00e9pr\u00e1vn\u00fdm  n\u00e1rodem, \u010di je to jen p\u0159echodn\u00fd stav mysli a t\u00edm p\u00e1dem i d\u016fsledk\u016f na\u0161eho  kon\u00e1n\u00ed? Ob\u00e1v\u00e1m se, \u017ee na\u0161e sou\u010dasn\u00e9 vn\u00edm\u00e1n\u00ed \u017eivota u\u017e d\u00e1vno nen\u00ed  d\u011bdictv\u00edm komunismu, ale v\u00fdsledek t\u0159iadvacetilet\u00e9 devastace sebe sam\u00fdch.  Proto\u017ee chceme prachy a nic ne\u017e prachy.<\/p>\n<p>Ti naho\u0159e n\u00e1m jdou z\u00e1\u0159n\u00fdm p\u0159\u00edkladem a my dole s\u00a0t\u00edm nic nenad\u011bl\u00e1me.  Proto\u017ee ve skute\u010dnosti jsme jakoukoliv nad\u011bji na spravedlnost d\u00e1vno  vzdali. Nejsou lidi na n\u00e1pravu a tak si s\u00a0n\u00e1mi mocn\u00ed d\u011blaj\u00ed, co cht\u011bj\u00ed.  D\u016fkazem jsou ka\u017ed\u00e9 volby a n\u00e1sledn\u00e9 mocensk\u00e9 uspo\u0159\u00e1d\u00e1n\u00ed. Proto si Jakl  m\u016f\u017ee ps\u00e1t, co chce a proto jsou i tac\u00ed, kte\u0159\u00ed jeho \u201ecyklisty\u201c berou  smrteln\u011b v\u00e1\u017en\u011b. To se to pak s\u00a0t\u00edmto v\u011bdom\u00edm o inteligen\u010dn\u00ed zdatnosti  vl\u00e1dne. \u00a0Jste u m\u011b volov\u00e9 a pro voly tohle taky p\u00ed\u0161u. To je toti\u017e ten  p\u0159esn\u00fd metaforick\u00fd vzkaz n\u00e1rodu od pana tajemn\u00edka Jakla.<\/p>\n<p><a href=\"http:\/\/strompf.blog.idnes.cz\/c\/313095\/Jaklovi-cykliste-jsou-testem-naroda-Nejvic-se-bavi-tajemnik.html\" target=\"_blank\">Zdroj<\/a><\/div>\n","protected":false},"excerpt":{"rendered":"<p>Nejsp\u00ed\u0161 tady jako bloger asi skon\u010d\u00edm, ale tentokr\u00e1t tajemn\u00edku prezidenta Jaklovi tlesk\u00e1m. S\u00a0jeho z\u00e1kazem cyklistiky a jin\u00fdch doprovodn\u00fdch \u0161kodlivin \u0161lapac\u00edho sportu n\u00e1s ten chlapec podrobil inteligen\u010dn\u00edmu testu. \u00a0Diskuze nad obsahem jeho blogu nap\u0159\u00ed\u010d agenturami tak jasn\u011b rozli\u0161ily, kdo je blb a kdo ne. T\u011bch prvn\u00edch je fakt o hodn\u011b v\u00edc.<\/p>\n","protected":false},"author":1,"featured_media":0,"comment_status":"open","ping_status":"open","sticky":false,"template":"","format":"standard","meta":{"ngg_post_thumbnail":0,"footnotes":""},"categories":[11],"tags":[],"class_list":["post-3318","post","type-post","status-publish","format-standard","hentry","category-ozvena"],"_links":{"self":[{"href":"https:\/\/www.ladislavjakl.cz\/index.php?rest_route=\/wp\/v2\/posts\/3318","targetHints":{"allow":["GET"]}}],"collection":[{"href":"https:\/\/www.ladislavjakl.cz\/index.php?rest_route=\/wp\/v2\/posts"}],"about":[{"href":"https:\/\/www.ladislavjakl.cz\/index.php?rest_route=\/wp\/v2\/types\/post"}],"author":[{"embeddable":true,"href":"https:\/\/www.ladislavjakl.cz\/index.php?rest_route=\/wp\/v2\/users\/1"}],"replies":[{"embeddable":true,"href":"https:\/\/www.ladislavjakl.cz\/index.php?rest_route=%2Fwp%2Fv2%2Fcomments&post=3318"}],"version-history":[{"count":1,"href":"https:\/\/www.ladislavjakl.cz\/index.php?rest_route=\/wp\/v2\/posts\/3318\/revisions"}],"predecessor-version":[{"id":3319,"href":"https:\/\/www.ladislavjakl.cz\/index.php?rest_route=\/wp\/v2\/posts\/3318\/revisions\/3319"}],"wp:attachment":[{"href":"https:\/\/www.ladislavjakl.cz\/index.php?rest_route=%2Fwp%2Fv2%2Fmedia&parent=3318"}],"wp:term":[{"taxonomy":"category","embeddable":true,"href":"https:\/\/www.ladislavjakl.cz\/index.php?rest_route=%2Fwp%2Fv2%2Fcategories&post=3318"},{"taxonomy":"post_tag","embeddable":true,"href":"https:\/\/www.ladislavjakl.cz\/index.php?rest_route=%2Fwp%2Fv2%2Ftags&post=3318"}],"curies":[{"name":"wp","href":"https:\/\/api.w.org\/{rel}","templated":true}]}}