{"id":3320,"date":"2013-01-03T15:40:17","date_gmt":"2013-01-03T14:40:17","guid":{"rendered":"http:\/\/www.ladislavjakl.cz\/?p=3320"},"modified":"2013-01-03T15:40:17","modified_gmt":"2013-01-03T14:40:17","slug":"eurozpravy-objevily-perpetuum-mobile-kdo-tvrdi-ze-se-pri-jizde-na-kole-spotrebovava-energie-musi-byt-sileny","status":"publish","type":"post","link":"https:\/\/www.ladislavjakl.cz\/?p=3320","title":{"rendered":"Eurozpr\u00e1vy objevily perpetuum mobile: Kdo tvrd\u00ed, \u017ee se p\u0159i j\u00edzd\u011b na kole spot\u0159ebov\u00e1v\u00e1 energie, mus\u00ed b\u00fdt \u0161\u00edlen\u00fd"},"content":{"rendered":"<p>Poradce prezidenta V\u00e1clava Klause Ladislav Jakl se rozhorlil na blogu  iDnes.cz proti cyklist\u016fm. Po\u017eaduje dokonce \u00fapln\u00fd z\u00e1kaz cyklistiky,  proto\u017ee nen\u00ed tak zdrav\u00e1, jak se b\u011b\u017en\u011b uv\u00e1d\u00ed, nav\u00edc je zbyte\u010dn\u011b drah\u00e1 a  mnohdy p\u0159\u00edli\u0161 podporov\u00e1na \u00fakor necyklist\u016f.<\/p>\n<p><!--more--><\/p>\n<p>Jakl argumentuje t\u00edm, \u017ee jsou stav\u011bny cyklostezky z ve\u0159ejn\u00fdch pen\u011bz,  ale ne v\u0161ichni da\u0148ov\u00ed poplatn\u00edci p\u0159itom takovou stezku vyu\u017eij\u00ed. D\u00e1le dle  Jakla kradou \u010d\u00e1st <a id=\"anchorbbtBubble78\">komunikace<\/a> pro auta, co\u017e m\u00e1 mnohdy komplikovat silni\u010dn\u00ed provoz.<\/p>\n<p>\u201ePr\u00fd je je\u017ed\u011bn\u00ed na kole zdrav\u00e9. Jist\u011b. Pokud v\u00e1m ale nezni\u010d\u00ed z\u00e1da a  nezabijete se p\u0159i smyku na \u0161t\u011brku v prudk\u00e9m kles\u00e1n\u00ed. A jestli je tak  zdrav\u00e9, mus\u00ed jeden da\u0148ov\u00fd poplatn\u00edk p\u0159ip\u00edvat na zdrav\u00ed druh\u00e9ho? A kdy\u017e  jde n\u011bkomu k duhu pan\u00e1k slivovice por\u00e1nu, taky ho dostane zadarmo? Tak\u017ee  tenhle argument m\u011b moc nedojme,&#8220; uv\u00e1d\u00ed prezident\u016fv poradce.<\/p>\n<p>Pop\u00edr\u00e1 i tvrzen\u00ed, \u017ee cyklistika je <a id=\"anchorbbtBubble150\">levn\u00fdm<\/a> a ekologick\u00fdm druhem dopravy. <a id=\"anchorbbtBubble155\">Cena<\/a> t\u00e9to p\u0159epravy je podle Jakla <a id=\"anchorbbtBubble161\">vysok\u00e1<\/a> kv\u016fli vysok\u00e9 energetick\u00e9 spot\u0159eb\u011b, kterou je nutn\u00e9 doplnit <a id=\"anchorbbtBubble170\">stravou<\/a>. Kdy\u017e auto p\u0159eveze p\u011bt lid\u00ed, je to dle Jakla v\u00fdhodn\u011bj\u0161\u00ed.<\/p>\n<p>\u201eA co ta ekologick\u00e1 z\u00e1t\u011b\u017e? Jak vzniklo t\u011bch p\u011bt ob\u011bd\u016f, energeticky  adekv\u00e1tn\u00edch ke stovce od\u0161lapan\u00fdch kilometr\u016f? Co hektar\u016f pol\u00ed muselo b\u00fdt  zor\u00e1no, oseto, o\u0161et\u0159ov\u00e1no, sklizeno? Co kombajn\u016f a traktor\u016f muselo po  nich jezdit? Co pras\u00e1tek a kravi\u010dek za\u0159valo p\u0159i poprav\u011b, kdy\u017e p\u0159edt\u00edm  sn\u011bdlo tuny krmiva? Co <a id=\"anchorbbtBubble227\">zeleniny<\/a> muselo b\u00fdt p\u011bstov\u00e1no, hnojeno a p\u0159epravov\u00e1no,&#8220; pt\u00e1 se.<\/p>\n<p>Ozna\u010duje tak p\u0159epravu pomoc\u00ed vlastn\u00edch sil za nejantiekologi\u010dt\u011bj\u0161\u00ed.  Neb\u00fdt cyklist\u016f, nemuselo by b\u00fdt tolik vep\u0159\u00edn\u016f a krav\u00edn\u016f, dotahuje  provokat\u00e9r Jakl sv\u00e1 slova do extr\u00e9mu. \u201eA nev\u011b\u0159te cyklomaniak\u016fm, \u017ee kolo  je pokrok, \u017ee kolo je \u010distota a zdrav\u00ed. \u010cuchn\u011bte k jejich propocen\u00e9mu  triku a budete m\u00edt jasno, kdo tu zamo\u0159uje vzduch. Pachem i hloup\u00fdmi  argumenty. Cyklistiku nen\u00ed t\u0159eba podporovat, ale naopak zak\u00e1zat,&#8220;  dod\u00e1v\u00e1.<\/p>\n<p><a href=\"http:\/\/domaci.eurozpravy.cz\/politika\/62466-jakl-sili-broji-proti-cyklistum-kolari-cpi-potem\/\" target=\"_blank\">Zdroj<\/a><\/p>\n","protected":false},"excerpt":{"rendered":"<p>Poradce prezidenta V\u00e1clava Klause Ladislav Jakl se rozhorlil na blogu iDnes.cz proti cyklist\u016fm. Po\u017eaduje dokonce \u00fapln\u00fd z\u00e1kaz cyklistiky, proto\u017ee nen\u00ed tak zdrav\u00e1, jak se b\u011b\u017en\u011b uv\u00e1d\u00ed, nav\u00edc je zbyte\u010dn\u011b drah\u00e1 a mnohdy p\u0159\u00edli\u0161 podporov\u00e1na \u00fakor necyklist\u016f.<\/p>\n","protected":false},"author":1,"featured_media":0,"comment_status":"open","ping_status":"open","sticky":false,"template":"","format":"standard","meta":{"ngg_post_thumbnail":0,"footnotes":""},"categories":[11],"tags":[],"class_list":["post-3320","post","type-post","status-publish","format-standard","hentry","category-ozvena"],"_links":{"self":[{"href":"https:\/\/www.ladislavjakl.cz\/index.php?rest_route=\/wp\/v2\/posts\/3320","targetHints":{"allow":["GET"]}}],"collection":[{"href":"https:\/\/www.ladislavjakl.cz\/index.php?rest_route=\/wp\/v2\/posts"}],"about":[{"href":"https:\/\/www.ladislavjakl.cz\/index.php?rest_route=\/wp\/v2\/types\/post"}],"author":[{"embeddable":true,"href":"https:\/\/www.ladislavjakl.cz\/index.php?rest_route=\/wp\/v2\/users\/1"}],"replies":[{"embeddable":true,"href":"https:\/\/www.ladislavjakl.cz\/index.php?rest_route=%2Fwp%2Fv2%2Fcomments&post=3320"}],"version-history":[{"count":1,"href":"https:\/\/www.ladislavjakl.cz\/index.php?rest_route=\/wp\/v2\/posts\/3320\/revisions"}],"predecessor-version":[{"id":3321,"href":"https:\/\/www.ladislavjakl.cz\/index.php?rest_route=\/wp\/v2\/posts\/3320\/revisions\/3321"}],"wp:attachment":[{"href":"https:\/\/www.ladislavjakl.cz\/index.php?rest_route=%2Fwp%2Fv2%2Fmedia&parent=3320"}],"wp:term":[{"taxonomy":"category","embeddable":true,"href":"https:\/\/www.ladislavjakl.cz\/index.php?rest_route=%2Fwp%2Fv2%2Fcategories&post=3320"},{"taxonomy":"post_tag","embeddable":true,"href":"https:\/\/www.ladislavjakl.cz\/index.php?rest_route=%2Fwp%2Fv2%2Ftags&post=3320"}],"curies":[{"name":"wp","href":"https:\/\/api.w.org\/{rel}","templated":true}]}}