{"id":3322,"date":"2013-01-03T15:42:06","date_gmt":"2013-01-03T14:42:06","guid":{"rendered":"http:\/\/www.ladislavjakl.cz\/?p=3322"},"modified":"2013-01-03T15:42:06","modified_gmt":"2013-01-03T14:42:06","slug":"jakl-zrusme-cyklistiku-%e2%80%9ekolari%e2%80%9c-cpi-potem-a-po-jizde-jim-moc-vyhladne","status":"publish","type":"post","link":"https:\/\/www.ladislavjakl.cz\/?p=3322","title":{"rendered":"Jakl: Zru\u0161me cyklistiku. \u201eKola\u0159i\u201c \u010dp\u00ed potem a po j\u00edzd\u011b jim moc vyhl\u00e1dne"},"content":{"rendered":"<p>Tajemn\u00edk prezidenta Ladislav Jakl z\u0159ejm\u011b cyklistiku nem\u00e1 moc v oblib\u011b. Na sv\u00e9m blogu na iDNES.cz v nads\u00e1zce navrhl jej\u00ed okam\u017eit\u00fd z\u00e1kaz. Lidem j\u00edzdou na kole podle n\u011bj natolik vyhl\u00e1dne, \u017ee ekologick\u00e1 z\u00e1t\u011b\u017e jejich po\u010d\u00edn\u00e1n\u00ed je nakonec v\u011bt\u0161\u00ed ne\u017e u auta. Cyklist\u00e9 nav\u00edc propocen\u00fdmi triky zamo\u0159uj\u00ed vzduch, napsal Jakl.<\/p>\n<p><!--more--> Jakl nesouhlas\u00ed s t\u00edm, \u017ee je kolo ekologick\u00fd dopravn\u00ed prost\u0159edek. &#8222;Za pouh\u00fd jeden litr nafty odveze auto p\u011bt lid\u00ed na dvacet kilometr\u016f. N\u011bjak\u00fdch 35 korun to d\u011bl\u00e1. A kdy\u017e si p\u011bt lid\u00ed sedne na kolo a t\u011bch 20 kilometr\u016f od\u0161lape, to jako nestoj\u00ed nic? V c\u00edli si musej\u00ed d\u00e1t ob\u011bd, proto\u017ee sp\u00e1lili mraky energie. Za ten dohromady vypl\u00e1znou aspo\u0148 \u010dty\u0159i stovky, a to nemluv\u00edm o nutn\u00e9m dopln\u011bn\u00ed tekutin,&#8220; p\u00ed\u0161e tajemn\u00edk.<br \/>\nA svou provokativn\u00ed \u00favahu postupn\u011b v absurdn\u00edm t\u00f3nu stup\u0148uje. D\u00e1l toti\u017e hloub\u00e1 nad zm\u00edn\u011bn\u00fdmi p\u011bti ob\u011bdy.<\/p>\n<p>&#8222;Kdyby ti cyklisti jeli autem, co krav\u00edn\u016f a vep\u0159\u00edn\u016f by se nemuselo stav\u011bt! Co krmiva by se nemuselo vyprodukovat! Co obil\u00ed nikdy nezas\u00edt a neskl\u00edzet! A z \u010deho \u017ee se to d\u011blaj\u00ed ty jedovat\u011b barevn\u00e9 energetick\u00e9 n\u00e1poje? Rad\u011bji nev\u011bd\u011bt. &#8230; Se\u010fte doma na zadku a nebudete muset tolik j\u00edst,&#8220; rad\u00ed Jakl.<\/p>\n<p>J\u00edzda na kole je podle n\u011bj zdrav\u00e1 jen v p\u0159\u00edpad\u011b, pokud si cyklista p\u0159i n\u00ed nezni\u010d\u00ed z\u00e1da nebo se rovnou nezabije p\u0159i smyku na \u0161t\u011brku v prudk\u00e9m kles\u00e1n\u00ed.<\/p>\n<p>&#8222;A nev\u011b\u0159te cyklomaniak\u016fm, \u017ee kolo je pokrok, \u017ee kolo je \u010distota a zdrav\u00ed. \u010cuchn\u011bte k jejich propocen\u00e9mu triku a budete m\u00edt jasno, kdo tu zamo\u0159uje vzduch. Pachem i hloup\u00fdmi argumenty. Cyklistiku nen\u00ed t\u0159eba podporovat, ale naopak zak\u00e1zat,&#8220; zakon\u010dil Jakl sv\u016fj p\u0159edsilvestrovsk\u00fd p\u0159\u00edsp\u011bvek na blog.<\/p>\n<p>B\u00fdval\u00fd novin\u00e1\u0159 hodlal kandidovat na funkci prezidenta, nesehnal v\u0161ak dostatek podpis\u016f. Jakl, stejn\u011b jako Klaus\u016fv vicekancl\u00e9\u0159 Petr H\u00e1jek, sv\u00fdmi n\u00e1zory r\u00e1di provokuj\u00ed.<\/p>\n<p>Nap\u0159\u00edklad v p\u016fli \u0159\u00edjna na sebe Jakl upozornil p\u0159i jedn\u00e9 z prezidentsk\u00fdch debat, kdy se postupn\u011b vysvl\u00e9kl do tri\u010dka se \u017elut\u00fdmi hv\u011bzdami Evropsk\u00e9 unie ve tvaru koso\u010dtverce.<\/p>\n<p><a href=\"http:\/\/zpravy.idnes.cz\/jakl-navrhuje-zrusit-cyklistiku-d43-\/domaci.aspx?c=A121227_183142_domaci_jj\" target=\"_blank\">Zdroj<\/a><\/p>\n","protected":false},"excerpt":{"rendered":"<p>Tajemn\u00edk prezidenta Ladislav Jakl z\u0159ejm\u011b cyklistiku nem\u00e1 moc v oblib\u011b. Na sv\u00e9m blogu na iDNES.cz v nads\u00e1zce navrhl jej\u00ed okam\u017eit\u00fd z\u00e1kaz. Lidem j\u00edzdou na kole podle n\u011bj natolik vyhl\u00e1dne, \u017ee ekologick\u00e1 z\u00e1t\u011b\u017e jejich po\u010d\u00edn\u00e1n\u00ed je nakonec v\u011bt\u0161\u00ed ne\u017e u auta. Cyklist\u00e9 nav\u00edc propocen\u00fdmi triky zamo\u0159uj\u00ed vzduch, napsal Jakl.<\/p>\n","protected":false},"author":1,"featured_media":0,"comment_status":"open","ping_status":"open","sticky":false,"template":"","format":"standard","meta":{"ngg_post_thumbnail":0,"footnotes":""},"categories":[11],"tags":[],"class_list":["post-3322","post","type-post","status-publish","format-standard","hentry","category-ozvena"],"_links":{"self":[{"href":"https:\/\/www.ladislavjakl.cz\/index.php?rest_route=\/wp\/v2\/posts\/3322","targetHints":{"allow":["GET"]}}],"collection":[{"href":"https:\/\/www.ladislavjakl.cz\/index.php?rest_route=\/wp\/v2\/posts"}],"about":[{"href":"https:\/\/www.ladislavjakl.cz\/index.php?rest_route=\/wp\/v2\/types\/post"}],"author":[{"embeddable":true,"href":"https:\/\/www.ladislavjakl.cz\/index.php?rest_route=\/wp\/v2\/users\/1"}],"replies":[{"embeddable":true,"href":"https:\/\/www.ladislavjakl.cz\/index.php?rest_route=%2Fwp%2Fv2%2Fcomments&post=3322"}],"version-history":[{"count":1,"href":"https:\/\/www.ladislavjakl.cz\/index.php?rest_route=\/wp\/v2\/posts\/3322\/revisions"}],"predecessor-version":[{"id":3323,"href":"https:\/\/www.ladislavjakl.cz\/index.php?rest_route=\/wp\/v2\/posts\/3322\/revisions\/3323"}],"wp:attachment":[{"href":"https:\/\/www.ladislavjakl.cz\/index.php?rest_route=%2Fwp%2Fv2%2Fmedia&parent=3322"}],"wp:term":[{"taxonomy":"category","embeddable":true,"href":"https:\/\/www.ladislavjakl.cz\/index.php?rest_route=%2Fwp%2Fv2%2Fcategories&post=3322"},{"taxonomy":"post_tag","embeddable":true,"href":"https:\/\/www.ladislavjakl.cz\/index.php?rest_route=%2Fwp%2Fv2%2Ftags&post=3322"}],"curies":[{"name":"wp","href":"https:\/\/api.w.org\/{rel}","templated":true}]}}