{"id":3324,"date":"2013-01-03T15:43:22","date_gmt":"2013-01-03T14:43:22","guid":{"rendered":"http:\/\/www.ladislavjakl.cz\/?p=3324"},"modified":"2013-01-03T15:43:22","modified_gmt":"2013-01-03T14:43:22","slug":"trapeni-ceske-pozice-jaklova-snaha-je-zoufala-protoze-mu-vzdycky-vyjde","status":"publish","type":"post","link":"https:\/\/www.ladislavjakl.cz\/?p=3324","title":{"rendered":"Tr\u00e1pen\u00ed \u010cesk\u00e9 pozice: Jaklova snaha je zoufal\u00e1, proto\u017ee mu v\u017edycky vyjde"},"content":{"rendered":"<p>Ladislav Jakl se obul do \u201ecyklomaniak\u016f\u201c. A zoufal\u00e1 snaha upoutat pozornost m\u00e9di\u00ed je\u0161t\u011b p\u0159ed odchodem z Hradu mu op\u011bt vy\u0161la.<\/p>\n<p><!--more--><\/p>\n<p>Pokud si snad n\u011bkdo myslel, \u017ee hradn\u00ed parta kolem V\u00e1clava Klause u\u017e  nem\u016f\u017ee ni\u010d\u00edm p\u0159ekvapit, zm\u00fdlil se. Prezident\u016fv tajemn\u00edk Ladislav Jakl v  p\u0159edsilvestrovsk\u00e9m vyd\u00e1n\u00ed sv\u00e9 pravideln\u00e9 d\u00e1vky humoru na blogu iDnes.cz  zve\u0159ejnil p\u0159\u00edsp\u011bvek <span style=\"color: #000000;\"><a href=\"http:\/\/jakl.blog.idnes.cz\/c\/312994\/Cyklistiku-je-nutno-okamzite-zakazat.html\" target=\"_blank\">Cyklistiku je nutno okam\u017eit\u011b zak\u00e1zat<\/a>.<\/span> Jde o dal\u0161\u00ed zoufalou snahu, jak na sebe upoutat pozoronost m\u00e9di\u00ed p\u0159ed odchodem z Hradu. Bohu\u017eel to op\u011bt vy\u0161lo.<\/p>\n<p>Jakl\u00a0v p\u0159\u00edsp\u011bvku l\u00ed\u010d\u00ed cyklisty ve smradlav\u00fdch dresech coby parazity  po\u0161kozuj\u00edc\u00ed \u017eivotn\u00ed prost\u0159ed\u00ed, proto\u017ee po po\u0159\u00e1dn\u00e9m v\u00fd\u0161lapu sn\u011bd\u00ed v\u00edce  j\u00eddla ne\u017e obvykle. Kv\u016fli tomu mus\u00ed podle n\u011bj zem\u0159\u00edt mnohem v\u00edce  nevinn\u00fdch \u201epras\u00e1tek a kravi\u010dek\u201c, tak\u017ee je\u00a0mnohem ekologi\u010dt\u011bj\u0161\u00ed sed\u011bt  doma na zadku nebo jet autem.<\/p>\n<p>Autor tohoto textu na Jakl\u016fv\u00a0v\u00fdpad p\u016fvodn\u011b v\u016fbec necht\u011bl reagovat, a  ne\u010din\u00ed tak nakonec proto, \u017ee je v\u00e1\u0161niv\u00fdm cyklistou, ale proto, \u017ee je \u010das  V\u00e1noc a lidem v nouzi se m\u00e1 pom\u00e1hat. Je z\u0159ejm\u00e9, \u017ee Jakl a jeho kolegov\u00e9  z Hradu si je\u0161t\u011b p\u0159ed bl\u00ed\u017e\u00edc\u00edm se koncem p\u016fsoben\u00ed pod k\u0159\u00eddly sv\u00e9ho  prezidentsk\u00e9ho vzoru cht\u011bj\u00ed vynutit u m\u00e9di\u00ed a ve\u0159ejnosti pozornost.  Doufejme tedy, \u017ee aktu\u00e1ln\u00ed p\u0159\u00edsp\u011bvek proti \u201ecyklomaniak\u016fm\u201c ani mnoh\u00e9  dal\u0161\u00ed nemysl\u00ed p\u0159\u00edli\u0161 v\u00e1\u017en\u011b.<\/p>\n<h5>Jako bulv\u00e1r<\/h5>\n<p>Zaj\u00edmav\u00e9 ov\u0161em je, \u017ee pozornost si Jakl a spol. vynucuj\u00ed lacin\u00fdmi  kejklemi podobn\u00fdmi t\u011bm, kter\u00e9 ned\u00e1vno p\u0159edvedl v televizi Daniel Landa  alias kouzeln\u00edk \u017dito. Cht\u011bj\u00ed \u0161okovat, na\u0161tvat, zaujmout za ka\u017edou cenu.  Jako bulv\u00e1r.<\/p>\n<p>Ot\u00e1zkou  je, zda Klaus a jemu v\u011brn\u00ed poradci v\u016fbec maj\u00ed n\u011bjak\u00e9 autentick\u00e9 n\u00e1zory,  nebo jen automaticky vytv\u00e1\u0159ej\u00ed negace k m\u00edn\u011bn\u00ed v\u011bt\u0161iny? Byla by to  pom\u011brn\u011b dobr\u00e1 strategie, jak si zajistit st\u00e1lou podporu ur\u010dit\u00e9 skupiny  obyvatel. Sv\u011bt podporuje zelen\u00e1 \u0159e\u0161en\u00ed a obnoviteln\u00e9 zdroje? My budeme  mod\u0159\u00ed. Spojen\u00e9 st\u00e1ty americk\u00e9 dopadly Us\u00e1mu bin L\u00e1dina? V\u017edy\u0165 je to jen  medi\u00e1ln\u00ed fikce. A 11. z\u00e1\u0159\u00ed? Vzpoura tajn\u00fdch slu\u017eeb (jak napsal Petr  H\u00e1jek ve sv\u00e9 knize). Spole\u010dn\u00e1 Evropa? Kdepak. Ve sv\u011bt\u011b roste tolerance  v\u016f\u010di homosexu\u00e1l\u016fm? V\u017edy\u0165 to jsou devianti. Kou\u0159en\u00ed \u0161kod\u00ed zdrav\u00ed? Nikdo  to nikdy nedok\u00e1zal (mysl\u00ed si v\u00e1\u0161niv\u00fd ku\u0159\u00e1k H\u00e1jek). Novin\u00e1\u0159i h\u00e1j\u00ed \u010dlenky  kapely Pussy Riot? V\u017edy\u0165 je to l\u00edn\u00e1 l\u016fza, co opisuje jeden od druh\u00e9ho  (jak napsal Jakl v textu, v n\u011bm\u017e d\u00edv\u010d\u00ed skupinu \u201evtipn\u011b\u201c\u00a0po\u010de\u0161til  na\u00a0Kund\u00ed orgie).<\/p>\n<p>Klaus a jeho poradci se zkr\u00e1tka samozvan\u011b zhostili role jak\u00fdchsi  bojovn\u00edk\u016f proti mainstreamov\u00fdm n\u00e1zor\u016fm a medi\u00e1ln\u00ed manipulaci.  Samoz\u0159ejm\u011b, v\u011bt\u0161inov\u00e9 nemus\u00ed znamenat spr\u00e1vn\u00e9. Ale z toho nelze  automaticky vyvodit, \u017ee negace v\u011bt\u0161inov\u00e9ho spr\u00e1vn\u00e1 je. Nav\u00edc bojovat  proti medi\u00e1ln\u00ed manipulaci jinou manipulac\u00ed je zcestn\u00e9. Nezb\u00fdv\u00e1 ne\u017e  doufat, \u017ee bl\u00ed\u017e\u00edc\u00ed se odchod p\u00e1n\u016f z Hradu nen\u00ed jen dal\u0161\u00ed medi\u00e1ln\u00ed fikc\u00ed.<span id=\"story-end\"> <\/span><\/p>\n<p><span><a href=\"http:\/\/www.ceskapozice.cz\/domov\/ekologie\/klausuv-tajemnik-vi-jak-na-sebe-upozornit\" target=\"_blank\">Zdroj<\/a><br \/>\n<\/span><\/p>\n","protected":false},"excerpt":{"rendered":"<p>Ladislav Jakl se obul do \u201ecyklomaniak\u016f\u201c. A zoufal\u00e1 snaha upoutat pozornost m\u00e9di\u00ed je\u0161t\u011b p\u0159ed odchodem z Hradu mu op\u011bt vy\u0161la.<\/p>\n","protected":false},"author":1,"featured_media":0,"comment_status":"open","ping_status":"open","sticky":false,"template":"","format":"standard","meta":{"ngg_post_thumbnail":0,"footnotes":""},"categories":[11],"tags":[],"class_list":["post-3324","post","type-post","status-publish","format-standard","hentry","category-ozvena"],"_links":{"self":[{"href":"https:\/\/www.ladislavjakl.cz\/index.php?rest_route=\/wp\/v2\/posts\/3324","targetHints":{"allow":["GET"]}}],"collection":[{"href":"https:\/\/www.ladislavjakl.cz\/index.php?rest_route=\/wp\/v2\/posts"}],"about":[{"href":"https:\/\/www.ladislavjakl.cz\/index.php?rest_route=\/wp\/v2\/types\/post"}],"author":[{"embeddable":true,"href":"https:\/\/www.ladislavjakl.cz\/index.php?rest_route=\/wp\/v2\/users\/1"}],"replies":[{"embeddable":true,"href":"https:\/\/www.ladislavjakl.cz\/index.php?rest_route=%2Fwp%2Fv2%2Fcomments&post=3324"}],"version-history":[{"count":1,"href":"https:\/\/www.ladislavjakl.cz\/index.php?rest_route=\/wp\/v2\/posts\/3324\/revisions"}],"predecessor-version":[{"id":3325,"href":"https:\/\/www.ladislavjakl.cz\/index.php?rest_route=\/wp\/v2\/posts\/3324\/revisions\/3325"}],"wp:attachment":[{"href":"https:\/\/www.ladislavjakl.cz\/index.php?rest_route=%2Fwp%2Fv2%2Fmedia&parent=3324"}],"wp:term":[{"taxonomy":"category","embeddable":true,"href":"https:\/\/www.ladislavjakl.cz\/index.php?rest_route=%2Fwp%2Fv2%2Fcategories&post=3324"},{"taxonomy":"post_tag","embeddable":true,"href":"https:\/\/www.ladislavjakl.cz\/index.php?rest_route=%2Fwp%2Fv2%2Ftags&post=3324"}],"curies":[{"name":"wp","href":"https:\/\/api.w.org\/{rel}","templated":true}]}}