{"id":3326,"date":"2013-01-03T15:44:16","date_gmt":"2013-01-03T14:44:16","guid":{"rendered":"http:\/\/www.ladislavjakl.cz\/?p=3326"},"modified":"2013-01-03T15:44:16","modified_gmt":"2013-01-03T14:44:16","slug":"otupely-respekt-my-vime-ze-jakl-je-slepou-odbockou-dejin-protoze-jsme-poslove-budoucnosti","status":"publish","type":"post","link":"https:\/\/www.ladislavjakl.cz\/?p=3326","title":{"rendered":"Otup\u011bl\u00fd Respekt: My v\u00edme, \u017ee Jakl je slepou odbo\u010dkou d\u011bjin, proto\u017ee jsme poslov\u00e9 budoucnosti"},"content":{"rendered":"<p>Ve sv\u011bt\u011b zahlcen\u00e9m informacemi a n\u00e1zory \u00fadajn\u011b plat\u00ed, \u017ee chce-li na sebe  n\u011bkdo upozornit, nikdy nesm\u00ed podcenit overstatement. Zjednodu\u0161en\u011b  \u0159e\u010deno, v\u017edycky m\u00e1 rad\u0161i p\u0159ep\u00e1lit my\u0161lenku a teprve a\u017e z\u00edsk\u00e1 k\u00fd\u017eenou  pozornost, my\u0161lenku p\u0159\u00edpadn\u011b korigovat.<\/p>\n<p><!--more--><\/p>\n<p>Jedn\u011bmi z nejzdatn\u011bj\u0161\u00edch \u010desk\u00fdch \u201epali\u010d\u016f\u201c jsou v tomto ohledu mu\u017ei  Hradu Petr H\u00e1jek a Ladislav Jakl \u2013 s t\u00edm rozd\u00edlem, \u017ee nic posl\u00e9ze  nekoriguj\u00ed. Druh\u00fd jmenovan\u00fd te\u010f p\u0159edvedl u\u010debnicov\u00fd kus podle zm\u00edn\u011bn\u00e9  teorie: vyu\u017eil ospal\u00e9ho \u010dasu sv\u00e1tk\u016f, kdy je konkurence men\u0161\u00ed a do  ve\u0159ejn\u00e9ho prostoru hodil svoji <a href=\"http:\/\/respekt.ihned.cz\/nad-penou\/c1-59032380-hranice-ne-prijemne-otupelosti\" target=\"_blank\">kritiku cyklistiky<\/a>,  kterou de facto ozna\u010dil za pogrom na lidstvu, v\u011bc hodnou  celoplanet\u00e1rn\u00edho z\u00e1kazu, katastrofu pro zv\u00ed\u0159ata a rostliny&#8230; No prost\u011b  to po\u0159\u00e1dn\u011b p\u0159ep\u00e1lil.<\/p>\n<p>Z\u00edskal t\u00edm pozici druh\u00e9 hlavn\u00ed zpr\u00e1vy na nej\u010dten\u011bj\u0161\u00edm \u010desk\u00e9m  zpravodajsk\u00e9m serveru a t\u0159et\u00ed a\u017e \u010dtvrtou na ostatn\u00edch. Internet se bavil  a sd\u00edlel, Jakl\u016fv text se stal ud\u00e1lost\u00ed dne na soci\u00e1ln\u00edch s\u00edt\u00edch.  Zhodnoceno s Ji\u0159\u00edm Paroubkem \u2013 Kdo z v\u00e1s na to m\u00e1?<\/p>\n<p>Co p\u0159esn\u011b Jakl tvrdil a jak argumentoval, ale nikdo moc nezkoumal.  Zpravodajsk\u00e9 servery ani nes\u00e1hly k obvykl\u00e9 konfrontaci tez\u00ed autora se  z\u00e1stupcem opa\u010dn\u00e9ho t\u00e1bora a p\u0159i komentov\u00e1n\u00ed Jaklova d\u00edla na s\u00edt\u00edch  zavl\u00e1dla otup\u011blost ve stylu \u201eno jo Jakl.\u201c<\/p>\n<p>Autorka t\u011bchto \u0159\u00e1dk\u016f p\u0159izn\u00e1v\u00e1, \u017ee j\u00ed tahle otup\u011blost byla p\u0159\u00edjemn\u00e1.  Ladislav Jakl a Petr H\u00e1jek jsou slepou odbo\u010dkou d\u011bjin a nejhor\u0161\u00ed, co by  se mohlo st\u00e1t, by bylo pov\u00fd\u0161it jejich v\u00fdvody na \u00farove\u0148 relevantn\u00edch  p\u0159isp\u011bvk\u016f do ve\u0159ejn\u00e9 debaty a jejich hl\u00e1s\u00e1n\u00ed v\u00e1\u017en\u011b rozeb\u00edrat.<\/p>\n<p>P\u0159esto tenhle vnit\u0159n\u00ed klid za\u010dal po chv\u00edli pukat. Oba mu\u017ei jsou  reprezentanti kancel\u00e1\u0159e prezidenta republiky a jejich hl\u00e1s\u00e1n\u00ed by se  z\u0159ejm\u011b nem\u011blo p\u0159ech\u00e1zet m\u00e1vnut\u00edm ruky. Nebo l\u00e9pe \u0159e\u010deno, kdy by u\u017e  nem\u011blo?<\/p>\n<p>Ladislav Jakl a Petr H\u00e1jek 7. b\u0159ezna skon\u010d\u00ed, ale p\u0159edstavme si  n\u00e1sleduj\u00edc\u00ed hypotetickou situaci. Prezidentsk\u00e9 volby vyhraje Milo\u0161  Zeman, dal\u0161\u00ed vyznava\u010d <em>overstatementu<\/em>, a obklop\u00ed se star\u00fdmi  dobr\u00fdmi zn\u00e1m\u00fdmi. Mimo jin\u00e9 Miroslavem \u0160loufem. Novin\u00e1\u0159sk\u00e1 obec se bude  nov\u00e9ho prezidenta pt\u00e1t na opozi\u010dn\u00ed smlouvu, na \u0160loufovy podivn\u00e9 vazby a  z\u00e1kulisn\u00ed hry a Milo\u0161 Zeman rozbal\u00ed svoje typick\u00e9 \u201ePane redaktore,  kdybych nebyl zdvo\u0159il\u00fd, \u0159ekl bych V\u00e1m, \u017ee jste \u00fapln\u00fd idiot. Ale proto\u017ee  jsem zdvo\u0159il\u00fd, tak V\u00e1m to ne\u0159eknu.\u201c P\u0159\u00edpadn\u011b \u201eM\u016fj p\u0159\u00edtel Miroslav \u0160louf  je \u0161\u0165astn\u00fd d\u016fchodce a jako takov\u00fd je r\u00e1d, \u017ee udr\u017e\u00ed my\u0161lenku a v\u0161e  ostatn\u00ed, co udr\u017eet m\u00e1.\u201c<\/p>\n<p>\u0160louf na to odpov\u00ed n\u011bco ve stylu, \u017ee si chod\u00ed na Hrad jen tak  d\u016fchodcovsky popov\u00eddat a hahaha, Zemanovu bonmotu se srde\u010dn\u011b zasm\u011bje.  Bavit se bude internet a cel\u00fd n\u00e1rod, proto\u017ee \u201eto je prost\u011b Zeman\u201c a  v\u0161ichni p\u0159\u00edjemn\u011b otup\u00edme. A stejn\u011b jako nech\u00e1v\u00e1me odplynout hl\u00e1s\u00e1n\u00ed  nyn\u011bj\u0161\u00ed Hradn\u00ed dvojice jako zbytkovou p\u011bnu dn\u00ed, nech\u00e1me se zaml\u017eit  Zemanov\u00fdm bonmot\u00e9rstv\u00edm. A mo\u017en\u00e1 n\u00e1m n\u011bco podstatn\u00e9ho unikne.<\/p>\n<p>Nebo taky ne. V ka\u017ed\u00e9m p\u0159\u00edpad\u011b vesel\u00fd a nezaml\u017een\u00fd 2013!<\/p>\n<p><a href=\"http:\/\/respekt.ihned.cz\/nad-penou\/c1-59032380-hranice-ne-prijemne-otupelosti\" target=\"_blank\">Zdroj<\/a><\/p>\n","protected":false},"excerpt":{"rendered":"<p>Ve sv\u011bt\u011b zahlcen\u00e9m informacemi a n\u00e1zory \u00fadajn\u011b plat\u00ed, \u017ee chce-li na sebe n\u011bkdo upozornit, nikdy nesm\u00ed podcenit overstatement. Zjednodu\u0161en\u011b \u0159e\u010deno, v\u017edycky m\u00e1 rad\u0161i p\u0159ep\u00e1lit my\u0161lenku a teprve a\u017e z\u00edsk\u00e1 k\u00fd\u017eenou pozornost, my\u0161lenku p\u0159\u00edpadn\u011b korigovat.<\/p>\n","protected":false},"author":1,"featured_media":0,"comment_status":"open","ping_status":"open","sticky":false,"template":"","format":"standard","meta":{"ngg_post_thumbnail":0,"footnotes":""},"categories":[11],"tags":[],"class_list":["post-3326","post","type-post","status-publish","format-standard","hentry","category-ozvena"],"_links":{"self":[{"href":"https:\/\/www.ladislavjakl.cz\/index.php?rest_route=\/wp\/v2\/posts\/3326","targetHints":{"allow":["GET"]}}],"collection":[{"href":"https:\/\/www.ladislavjakl.cz\/index.php?rest_route=\/wp\/v2\/posts"}],"about":[{"href":"https:\/\/www.ladislavjakl.cz\/index.php?rest_route=\/wp\/v2\/types\/post"}],"author":[{"embeddable":true,"href":"https:\/\/www.ladislavjakl.cz\/index.php?rest_route=\/wp\/v2\/users\/1"}],"replies":[{"embeddable":true,"href":"https:\/\/www.ladislavjakl.cz\/index.php?rest_route=%2Fwp%2Fv2%2Fcomments&post=3326"}],"version-history":[{"count":1,"href":"https:\/\/www.ladislavjakl.cz\/index.php?rest_route=\/wp\/v2\/posts\/3326\/revisions"}],"predecessor-version":[{"id":3327,"href":"https:\/\/www.ladislavjakl.cz\/index.php?rest_route=\/wp\/v2\/posts\/3326\/revisions\/3327"}],"wp:attachment":[{"href":"https:\/\/www.ladislavjakl.cz\/index.php?rest_route=%2Fwp%2Fv2%2Fmedia&parent=3326"}],"wp:term":[{"taxonomy":"category","embeddable":true,"href":"https:\/\/www.ladislavjakl.cz\/index.php?rest_route=%2Fwp%2Fv2%2Fcategories&post=3326"},{"taxonomy":"post_tag","embeddable":true,"href":"https:\/\/www.ladislavjakl.cz\/index.php?rest_route=%2Fwp%2Fv2%2Ftags&post=3326"}],"curies":[{"name":"wp","href":"https:\/\/api.w.org\/{rel}","templated":true}]}}